{"id":111326,"date":"2025-10-15T03:13:36","date_gmt":"2025-10-15T03:13:36","guid":{"rendered":"https:\/\/www.europesays.com\/pt\/111326\/"},"modified":"2025-10-15T03:13:36","modified_gmt":"2025-10-15T03:13:36","slug":"grandes-cidades-sem-maiorias-absolutas-chega-pode-ser-relevante-em-39-camaras","status":"publish","type":"post","link":"https:\/\/www.europesays.com\/pt\/111326\/","title":{"rendered":"Grandes cidades sem maiorias absolutas: Chega pode ser relevante em 39 c\u00e2maras"},"content":{"rendered":"<p>Em quatro anos, aumentaram o n\u00famero de c\u00e2maras sem maioria absoluta. Pelas contas do Expresso, s\u00e3o agora 75 os munic\u00edpios (e n\u00e3o 50) que s\u00e3o governados sem que o partido ou grupo de cidad\u00e3os que venceu consiga a maioria dentro do executivo camar\u00e1rio. Das 75 sem maioria, 28 s\u00e3o do PS, 26 do PSD, 12 de grupos de independentes, 6 da CDU, duas do Chega e uma do CDS. Alguns j\u00e1 t\u00eam carta <a href=\"https:\/\/expresso.pt\/politica\/eleicoes\/autarquicas-2025\/2025-10-13-autarquias-sem-linhas-vermelhas-a-noite-em-que-um-primeiro-ministro-em-funcoes-voltou-a-ganhar-autarquicas-para-o-psd-cfee0263\" target=\"_blank\" rel=\"noopener noreferrer nofollow\">branca para negociarem apoios<\/a>, outro assinaram um <a href=\"https:\/\/expresso.pt\/politica\/eleicoes\/autarquicas-2025\/2025-09-04-autarcas-do-ps-presos-a-compromisso-anti-chega-3af94f73\" target=\"_blank\" rel=\"noopener noreferrer nofollow\">compromisso<\/a> sobre pol\u00edtica de alian\u00e7as que impedir\u00e1 alian\u00e7as com o Chega.<\/p>\n<p><a href=\"https:\/\/expresso.pt\/subscrever?action=GEN&amp;channel=VID&amp;type=CAP&amp;source=WEB&amp;returnUrl=https:\/\/expresso.pt\/politica\/eleicoes\/autarquicas-2025\/2025-10-14-grandes-cidades-sem-maiorias-absolutas-chega-pode-ser-relevante-em-39-camaras-2cfdc006&amp;utm_source=expresso&amp;utm_medium=locked_article&amp;locked=true&amp;article_id=9d30e64e-8962-490d-8742-703f3e34c4c4&amp;author_id=Liliana+Valente&amp;category=Aut\u00e1rquicas+2025\" target=\"_self\" class=\"\" rel=\"nofollow noopener\">Subscrever<\/a>J\u00e1 \u00e9 Subscritor?Fa\u00e7a login e continue a ler<a href=\"http:\/\/expresso.pt\/codigo?redirectUrl=https:\/\/expresso.pt\/politica\/eleicoes\/autarquicas-2025\/2025-10-14-grandes-cidades-sem-maiorias-absolutas-chega-pode-ser-relevante-em-39-camaras-2cfdc006\" target=\"_self\" class=\"\" rel=\"nofollow noopener\">Inserir C\u00f3digo<\/a>Comprou o Expresso?Insira o c\u00f3digo presente na Revista E para continuar a ler<\/p>\n","protected":false},"excerpt":{"rendered":"Em quatro anos, aumentaram o n\u00famero de c\u00e2maras sem maioria absoluta. Pelas contas do Expresso, s\u00e3o agora 75&hellip;\n","protected":false},"author":2,"featured_media":111327,"comment_status":"","ping_status":"","sticky":false,"template":"","format":"standard","meta":{"footnotes":""},"categories":[10],"tags":[27,28,15,16,14,25,26,21,22,12,13,19,20,32,23,24,33,17,18,29,30,31],"class_list":{"0":"post-111326","1":"post","2":"type-post","3":"status-publish","4":"format-standard","5":"has-post-thumbnail","7":"category-portugal","8":"tag-breaking-news","9":"tag-breakingnews","10":"tag-featured-news","11":"tag-featurednews","12":"tag-headlines","13":"tag-latest-news","14":"tag-latestnews","15":"tag-main-news","16":"tag-mainnews","17":"tag-news","18":"tag-noticias","19":"tag-noticias-principais","20":"tag-noticiasprincipais","21":"tag-portugal","22":"tag-principais-noticias","23":"tag-principaisnoticias","24":"tag-pt","25":"tag-top-stories","26":"tag-topstories","27":"tag-ultimas","28":"tag-ultimas-noticias","29":"tag-ultimasnoticias"},"share_on_mastodon":{"url":"","error":""},"_links":{"self":[{"href":"https:\/\/www.europesays.com\/pt\/wp-json\/wp\/v2\/posts\/111326","targetHints":{"allow":["GET"]}}],"collection":[{"href":"https:\/\/www.europesays.com\/pt\/wp-json\/wp\/v2\/posts"}],"about":[{"href":"https:\/\/www.europesays.com\/pt\/wp-json\/wp\/v2\/types\/post"}],"author":[{"embeddable":true,"href":"https:\/\/www.europesays.com\/pt\/wp-json\/wp\/v2\/users\/2"}],"replies":[{"embeddable":true,"href":"https:\/\/www.europesays.com\/pt\/wp-json\/wp\/v2\/comments?post=111326"}],"version-history":[{"count":0,"href":"https:\/\/www.europesays.com\/pt\/wp-json\/wp\/v2\/posts\/111326\/revisions"}],"wp:featuredmedia":[{"embeddable":true,"href":"https:\/\/www.europesays.com\/pt\/wp-json\/wp\/v2\/media\/111327"}],"wp:attachment":[{"href":"https:\/\/www.europesays.com\/pt\/wp-json\/wp\/v2\/media?parent=111326"}],"wp:term":[{"taxonomy":"category","embeddable":true,"href":"https:\/\/www.europesays.com\/pt\/wp-json\/wp\/v2\/categories?post=111326"},{"taxonomy":"post_tag","embeddable":true,"href":"https:\/\/www.europesays.com\/pt\/wp-json\/wp\/v2\/tags?post=111326"}],"curies":[{"name":"wp","href":"https:\/\/api.w.org\/{rel}","templated":true}]}}