{"id":111332,"date":"2025-10-15T03:29:14","date_gmt":"2025-10-15T03:29:14","guid":{"rendered":"https:\/\/www.europesays.com\/pt\/111332\/"},"modified":"2025-10-15T03:29:14","modified_gmt":"2025-10-15T03:29:14","slug":"maira-cardi-choca-com-presente-inusitado-em-renovacao-de-votos-segredo","status":"publish","type":"post","link":"https:\/\/www.europesays.com\/pt\/111332\/","title":{"rendered":"Ma\u00edra Cardi choca com presente inusitado em renova\u00e7\u00e3o de votos: &#8220;Segredo&#8221;"},"content":{"rendered":"<p>                            <img width=\"944\" height=\"531\" src=\"https:\/\/www.europesays.com\/pt\/wp-content\/uploads\/2025\/10\/477-2-1024x576.jpg-944x531.webp.webp\" class=\"attachment-custom-large size-custom-large article-featured-image\" alt=\"\" fetchpriority=\"high\" decoding=\"async\"  \/><\/p>\n<p>Evento aconteceu durante cinco dias em um hotel-fazenda<\/p>\n<p>A renova\u00e7\u00e3o de votos entre Ma\u00edra Cardi e Thiago Nigro foi marcada por pol\u00eamicas. Durante cinco dias de festas tem\u00e1ticas em um hotel-fazenda de luxo no interior de S\u00e3o Paulo, a celebra\u00e7\u00e3o ficou cheia de simbolismos. Dentre os detalhes est\u00e1 uma uma lembran\u00e7a enigm\u00e1tica dada aos convidados.<\/p>\n<p>Continua depois da publicidade<\/p>\n<p>Ainda no primeiro dia do evento, os participantes receberam uma pequena chave, sem explica\u00e7\u00f5es, recados ou justificativas.<\/p>\n<p>No \u00faltimo dia, ao abrir uma nova caixa com a chave anterior, os convidados foram surpreendidos uma grava\u00e7\u00e3o com a voz do casal, uma foto e um prato de lou\u00e7a decorativo com uma mensagem personalizada. <a href=\"https:\/\/cbntotal.com.br\/cotidiano\/maira-cardi-revela-significado-de-presente-enigmatico-entregue-em-cerimonia-com-thiago-nigro\/\" rel=\"nofollow noopener\" target=\"_blank\"><strong>Leia a reportagem completa em CBN Total. <\/strong><\/a><\/p>\n","protected":false},"excerpt":{"rendered":"Evento aconteceu durante cinco dias em um hotel-fazenda A renova\u00e7\u00e3o de votos entre Ma\u00edra Cardi e Thiago Nigro&hellip;\n","protected":false},"author":2,"featured_media":111333,"comment_status":"","ping_status":"","sticky":false,"template":"","format":"standard","meta":{"footnotes":""},"categories":[145],"tags":[211,210,829,114,115,32,33],"class_list":{"0":"post-111332","1":"post","2":"type-post","3":"status-publish","4":"format-standard","5":"has-post-thumbnail","7":"category-celebridades","8":"tag-celebridades","9":"tag-celebrities","10":"tag-conteudo-liberado","11":"tag-entertainment","12":"tag-entretenimento","13":"tag-portugal","14":"tag-pt"},"share_on_mastodon":{"url":"","error":""},"_links":{"self":[{"href":"https:\/\/www.europesays.com\/pt\/wp-json\/wp\/v2\/posts\/111332","targetHints":{"allow":["GET"]}}],"collection":[{"href":"https:\/\/www.europesays.com\/pt\/wp-json\/wp\/v2\/posts"}],"about":[{"href":"https:\/\/www.europesays.com\/pt\/wp-json\/wp\/v2\/types\/post"}],"author":[{"embeddable":true,"href":"https:\/\/www.europesays.com\/pt\/wp-json\/wp\/v2\/users\/2"}],"replies":[{"embeddable":true,"href":"https:\/\/www.europesays.com\/pt\/wp-json\/wp\/v2\/comments?post=111332"}],"version-history":[{"count":0,"href":"https:\/\/www.europesays.com\/pt\/wp-json\/wp\/v2\/posts\/111332\/revisions"}],"wp:featuredmedia":[{"embeddable":true,"href":"https:\/\/www.europesays.com\/pt\/wp-json\/wp\/v2\/media\/111333"}],"wp:attachment":[{"href":"https:\/\/www.europesays.com\/pt\/wp-json\/wp\/v2\/media?parent=111332"}],"wp:term":[{"taxonomy":"category","embeddable":true,"href":"https:\/\/www.europesays.com\/pt\/wp-json\/wp\/v2\/categories?post=111332"},{"taxonomy":"post_tag","embeddable":true,"href":"https:\/\/www.europesays.com\/pt\/wp-json\/wp\/v2\/tags?post=111332"}],"curies":[{"name":"wp","href":"https:\/\/api.w.org\/{rel}","templated":true}]}}