{"id":111334,"date":"2025-10-15T03:32:13","date_gmt":"2025-10-15T03:32:13","guid":{"rendered":"https:\/\/www.europesays.com\/pt\/111334\/"},"modified":"2025-10-15T03:32:13","modified_gmt":"2025-10-15T03:32:13","slug":"casa-dos-segredos-lidia-rasga-liliana-assim-que-vir-a-fama-do-ze-vai-a-correr-tentar-voltar","status":"publish","type":"post","link":"https:\/\/www.europesays.com\/pt\/111334\/","title":{"rendered":"Casa dos Segredos &#8211; L\u00eddia &#8216;rasga&#8217; Liliana: &#8220;Assim que vir a fama do Z\u00e9, vai a correr tentar voltar&#8221;"},"content":{"rendered":"<p><strong><a href=\"https:\/\/www.novagente.pt\/casa-dos-segredos-desabafo-de-lidia-apos-expulsao-estou-assustada\" target=\"_blank\" rel=\"nofollow noopener\">L\u00eddia<\/a> <\/strong>foi a concorrente escolhida pelos portugueses para abandonar a <strong>Casa dos Segredos<\/strong> na \u00faltima gala.\u00a0Como acontece com todos os concorrentes, esteve no Dois \u00e0s 10, nesta ter\u00e7a-feira, 14 de outubro, para abordar a sua presta\u00e7\u00e3o. Durante a conversa, o tema &#8216;<a href=\"https:\/\/www.novagente.pt\/casa-dos-segredos-farto-de-esperar-fabio-quer-ter-relacoes-com-liliana-mas-jovem-recusa\" target=\"_blank\" rel=\"nofollow noopener\"><strong>Liliana e F\u00e1bio<\/strong><\/a>&#8216; foi inevit\u00e1vel.<\/p>\n<p>&#8220;Compreendemos que ela se tenha apaixonado, n\u00e3o compreendemos o modo que talvez ela tenha feito as coisas, mas eu fui das primeiras pessoas a dizer que ela seria criticada se terminasse na primeira semana, como se tivesse terminado na d\u00e9cima semana. Ela seria criticada de qualquer das formas&#8221;, come\u00e7ou por dizer.<\/p>\n<p>&#8220;Eles n\u00e3o compreenderam, eu acabei por compreender. N\u00e3o achei correto, mas compreendi. Tanto que eu disse-lhe muitas vezes: &#8216;Lili, quantas pessoas \u00e9 que passaram por estes programas e que aconteceu o mesmo? N\u00e3o \u00e9s a \u00fanica'&#8221;.<\/p>\n<p>&#8220;Est\u00e1 mais interessada na fama dele do que noutra coisa qualquer&#8221;<\/p>\n<p>Por\u00e9m Cristina Ferreira quis tentar perceber melhor este envolvimento. &#8220;Mas tu achas que foi mesmo uma paix\u00e3o fulminante pelo F\u00e1bio que ela teve? Ou ela quer aproveitar o que est\u00e1 a viver?&#8221;<\/p>\n<p>&#8220;N\u00e3o, ela quer mesmo aproveitar e ela est\u00e1 mesmo\u2026 n\u00e3o digo apaixonada, mas est\u00e1 interessada, muito interessada&#8221;, atirou. Ainda assim, acredita que F\u00e1bio est\u00e1 &#8220;muito mais\u00a0interessado que ela&#8221;.<\/p>\n<p>Em conversa com a TV Guia,\u00a0L\u00eddia acredita que a jovem de Lousada vai repensar a sua decis\u00e3o de terminar com Z\u00e9. &#8220;Ela assim que vir que o Z\u00e9 Pedro ganhou imensa fama c\u00e1 fora, desde que ela acabou com ele, vai a correr tentar voltar para ele. Ela est\u00e1 mais interessada na fama dele do que noutra coisa qualquer&#8221;, atirou.<\/p>\n<p>Texto: Tom\u00e1s Casc\u00e3o; Fotos: Redes sociais<\/p>\n<p class=\"intagram-text\">Siga a Nova Gente no Instagram<\/p>\n<p>                        <a href=\"https:\/\/www.instagram.com\/revistanovagente\/\" target=\"_blank\" aria-label=\"instagram\" rel=\"noopener nofollow\"><img decoding=\"async\" style=\"display: block; margin-left: auto; margin-right: auto; width: 250px; height: 83px;\" src=\"https:\/\/www.europesays.com\/pt\/wp-content\/uploads\/2025\/10\/Instagram_NG.png\" alt=\"instagram\"\/><\/a><br \/>\n                    <script async src=\"\/\/www.instagram.com\/embed.js\"><\/script><\/p>\n","protected":false},"excerpt":{"rendered":"L\u00eddia foi a concorrente escolhida pelos portugueses para abandonar a Casa dos Segredos na \u00faltima gala.\u00a0Como acontece com&hellip;\n","protected":false},"author":2,"featured_media":111335,"comment_status":"","ping_status":"","sticky":false,"template":"","format":"standard","meta":{"footnotes":""},"categories":[142],"tags":[2632,114,115,32,33,151],"class_list":{"0":"post-111334","1":"post","2":"type-post","3":"status-publish","4":"format-standard","5":"has-post-thumbnail","7":"category-tv","8":"tag-casa-dos-segredos","9":"tag-entertainment","10":"tag-entretenimento","11":"tag-portugal","12":"tag-pt","13":"tag-tv"},"share_on_mastodon":{"url":"","error":""},"_links":{"self":[{"href":"https:\/\/www.europesays.com\/pt\/wp-json\/wp\/v2\/posts\/111334","targetHints":{"allow":["GET"]}}],"collection":[{"href":"https:\/\/www.europesays.com\/pt\/wp-json\/wp\/v2\/posts"}],"about":[{"href":"https:\/\/www.europesays.com\/pt\/wp-json\/wp\/v2\/types\/post"}],"author":[{"embeddable":true,"href":"https:\/\/www.europesays.com\/pt\/wp-json\/wp\/v2\/users\/2"}],"replies":[{"embeddable":true,"href":"https:\/\/www.europesays.com\/pt\/wp-json\/wp\/v2\/comments?post=111334"}],"version-history":[{"count":0,"href":"https:\/\/www.europesays.com\/pt\/wp-json\/wp\/v2\/posts\/111334\/revisions"}],"wp:featuredmedia":[{"embeddable":true,"href":"https:\/\/www.europesays.com\/pt\/wp-json\/wp\/v2\/media\/111335"}],"wp:attachment":[{"href":"https:\/\/www.europesays.com\/pt\/wp-json\/wp\/v2\/media?parent=111334"}],"wp:term":[{"taxonomy":"category","embeddable":true,"href":"https:\/\/www.europesays.com\/pt\/wp-json\/wp\/v2\/categories?post=111334"},{"taxonomy":"post_tag","embeddable":true,"href":"https:\/\/www.europesays.com\/pt\/wp-json\/wp\/v2\/tags?post=111334"}],"curies":[{"name":"wp","href":"https:\/\/api.w.org\/{rel}","templated":true}]}}