{"id":111336,"date":"2025-10-15T03:43:14","date_gmt":"2025-10-15T03:43:14","guid":{"rendered":"https:\/\/www.europesays.com\/pt\/111336\/"},"modified":"2025-10-15T03:43:14","modified_gmt":"2025-10-15T03:43:14","slug":"lucas-leto-surpreende-ao-revelar-origem-do-sobrenome-acabou-comigo","status":"publish","type":"post","link":"https:\/\/www.europesays.com\/pt\/111336\/","title":{"rendered":"Lucas Leto surpreende ao revelar origem do sobrenome: &#8220;Acabou comigo&#8221;"},"content":{"rendered":"<p>No ar em Vale Tudo como Sardinha, Lucas Leto surpreendeu ao revelar a escolha por tr\u00e1s do seu sobrenome. Diferente do que se imaginava, &#8220;Leto&#8221; foi adotado por op\u00e7\u00e3o art\u00edstica, ap\u00f3s um epis\u00f3dio envolvendo bullying.<\/p>\n<p>continua depois da publicidade<\/p>\n<p>&#8220;Eu sofria bullying quando eu era crian\u00e7a. Fui uma crian\u00e7a gorda das coxas grossas, que assavam e tinha que colocar pomada no meio das pernas. Minha autoestima n\u00e3o era muito e nesta \u00e9poca eu me apaixonei loucamente por uma menina l\u00e1 de Salvador. Eu queria muito conquistar essa menina. Eu n\u00e3o tinha foto nenhuma, porque eu n\u00e3o tinha autoestima, enfim&#8230;&#8221;, disse o ator durante o Papo de Segunda, do GNT.<\/p>\n<p>+ <a href=\"https:\/\/natelinha.uol.com.br\/televisao\/2025\/10\/14\/craque-neto-surta-ao-vivo-e-ataca-william-bonner-na-band-nunca-foi-na-zona-232627.php\" rel=\"nofollow noopener\" target=\"_blank\">Craque Neto surta ao vivo e ataca William Bonner na Band: &#8220;Nunca foi na zona&#8221;<\/a><\/p>\n<p>+ <a href=\"https:\/\/natelinha.uol.com.br\/famosos\/2025\/10\/13\/sergio-mallandro-nega-uso-de-drogas-e-admite-medo-da-morte-e-triste-demais-232587.php\" rel=\"nofollow noopener\" target=\"_blank\">Sergio Mallandro nega uso de drogas e admite medo da morte: &#8220;\u00c9 triste demais&#8221;<\/a><\/p>\n<p>continua depois da publicidade<\/p>\n<p>&#8220;A\u00ed eu comprei um t\u00eanis da hora, peguei uma c\u00e2mera, tirei uma foto de cima pra baixo, n\u00e3o aparecia o corpo, s\u00f3 o t\u00eanis e um pouco do meu rosto. Aquela foto ali eu usei no Orkut, no Facebook e todas as redes sociais e tamb\u00e9m mandei para menina&#8221;, contou <a href=\"https:\/\/natelinha.uol.com.br\/famosos\/tudo-sobre\/lucas-leto\" rel=\"nofollow noopener\" target=\"_blank\">Lucas Leto<\/a>, que tamb\u00e9m est\u00e1 na\u00a0Dan\u00e7a dos Famosos.<\/p>\n<p>A rea\u00e7\u00e3o da garota, no entanto, frustrou o baiano. &#8220;Est\u00e1 bem gordo&#8221;, afirmou a pretendente na \u00e9poca.<\/p>\n<p>&#8220;Como uma crian\u00e7a capricorniana, eu fui at\u00e9 o fim para mudar aquela realidade. No dia seguinte eu fui na casa do meu av\u00f4, peguei um aparelho daqueles que movimentam os bra\u00e7os e pedala, cortei p\u00e3o, a\u00e7\u00facar e refrigerante. Eu emagreci muito em um m\u00eas e meio&#8221;, revelou Lucas.<\/p>\n<p>continua depois da publicidade<\/p>\n<p>Lucas Leto explica origem de sobrenome<\/p>\n<p><img decoding=\"async\" loading=\"lazy\" class=\"horizontal\" src=\"https:\/\/www.europesays.com\/pt\/wp-content\/uploads\/2025\/10\/lucas-leto_8771.jpeg\" alt=\"Lucas Leto surpreende ao revelar origem do sobrenome: \\\" acabou=\"\" comigo=\"\"\/><\/p>\n<p>No relato, Lucas Leto confidenciou que o sobrenome veio a partir de um apelido colocado pelo tio.<\/p>\n<p>&#8220;Meus amigos e fam\u00edlias come\u00e7aram a me dar apelidos. E a\u00ed o meu padrinho come\u00e7ou a me chamar de Leto, por causa do Esqueleto, o vil\u00e3o do He-Man. No teatro eu usava Lucas Santos no meio e avaliei que o Lucas Leto seria muito mais interessante do que o Lucas Santos&#8221;, explicou.<\/p>\n<p>&#8220;A menina que quase acabou comigo, me deu um sobrenome. Ela me levou no fundo do po\u00e7o e eu ressurgi como uma F\u00eanix [ave mitol\u00f3gica que renasce das pr\u00f3prias cinzas]&#8221;, divertiu-se Lucas.<\/p>\n<p>continua depois da publicidade<\/p>\n","protected":false},"excerpt":{"rendered":"No ar em Vale Tudo como Sardinha, Lucas Leto surpreendeu ao revelar a escolha por tr\u00e1s do seu&hellip;\n","protected":false},"author":2,"featured_media":111337,"comment_status":"","ping_status":"","sticky":false,"template":"","format":"standard","meta":{"footnotes":""},"categories":[145],"tags":[211,210,114,115,9480,32,33],"class_list":{"0":"post-111336","1":"post","2":"type-post","3":"status-publish","4":"format-standard","5":"has-post-thumbnail","7":"category-celebridades","8":"tag-celebridades","9":"tag-celebrities","10":"tag-entertainment","11":"tag-entretenimento","12":"tag-lucas-leto","13":"tag-portugal","14":"tag-pt"},"share_on_mastodon":{"url":"","error":""},"_links":{"self":[{"href":"https:\/\/www.europesays.com\/pt\/wp-json\/wp\/v2\/posts\/111336","targetHints":{"allow":["GET"]}}],"collection":[{"href":"https:\/\/www.europesays.com\/pt\/wp-json\/wp\/v2\/posts"}],"about":[{"href":"https:\/\/www.europesays.com\/pt\/wp-json\/wp\/v2\/types\/post"}],"author":[{"embeddable":true,"href":"https:\/\/www.europesays.com\/pt\/wp-json\/wp\/v2\/users\/2"}],"replies":[{"embeddable":true,"href":"https:\/\/www.europesays.com\/pt\/wp-json\/wp\/v2\/comments?post=111336"}],"version-history":[{"count":0,"href":"https:\/\/www.europesays.com\/pt\/wp-json\/wp\/v2\/posts\/111336\/revisions"}],"wp:featuredmedia":[{"embeddable":true,"href":"https:\/\/www.europesays.com\/pt\/wp-json\/wp\/v2\/media\/111337"}],"wp:attachment":[{"href":"https:\/\/www.europesays.com\/pt\/wp-json\/wp\/v2\/media?parent=111336"}],"wp:term":[{"taxonomy":"category","embeddable":true,"href":"https:\/\/www.europesays.com\/pt\/wp-json\/wp\/v2\/categories?post=111336"},{"taxonomy":"post_tag","embeddable":true,"href":"https:\/\/www.europesays.com\/pt\/wp-json\/wp\/v2\/tags?post=111336"}],"curies":[{"name":"wp","href":"https:\/\/api.w.org\/{rel}","templated":true}]}}