{"id":111338,"date":"2025-10-15T03:46:11","date_gmt":"2025-10-15T03:46:11","guid":{"rendered":"https:\/\/www.europesays.com\/pt\/111338\/"},"modified":"2025-10-15T03:46:11","modified_gmt":"2025-10-15T03:46:11","slug":"atencao-desistencia-a-vista-em-secret-story-e-lagrimas-no-confessionario","status":"publish","type":"post","link":"https:\/\/www.europesays.com\/pt\/111338\/","title":{"rendered":"Aten\u00e7\u00e3o! Desist\u00eancia \u00e0 vista em &#8220;Secret Story&#8221;&#8230; e l\u00e1grimas no confession\u00e1rio!"},"content":{"rendered":"<p>Depois de F\u00e1bio Daniel, pode haver um novo concorrente da nona edi\u00e7\u00e3o de &#8220;Secret Story &#8211; Casa dos Segredos&#8221; a caminhar para a desist\u00eancia. No confession\u00e1rio, <a href=\"https:\/\/selfie.iol.pt\/famosos\/rui-ribeiro\/secret-story-em-tronco-nu-rui-ribeiro-ja-desfilou-para-renomada-estilista-veja-as-imagens\/20250915\/68c7c84ed34ee0c2fed01833\" target=\"_blank\" rel=\"nofollow noopener\">Rui Ribeiro<\/a> confidenciou \u00e0 Voz que equaciona colocar um ponto final na respetiva participa\u00e7\u00e3o no reality show da <a href=\"https:\/\/tvi.iol.pt\/\" target=\"_blank\" rel=\"nofollow noopener\">TVI<\/a>.<\/p>\n<p>&#8220;N\u00e3o queria estar a diz\u00ea-lo, mas estou a pensar seriamente em abandonar o programa&#8221;, admitiu Rui Ribeiro. &#8220;Porqu\u00ea?&#8221;, perguntou o soberano, seguindo-se uma longa pausa, com o morador da casa mais vigiada do Pa\u00eds a tentar controlar a emo\u00e7\u00e3o.<\/p>\n<p>&#8220;Entrei para aqui com um prop\u00f3sito, que era, acima de tudo, agarrar o desafio e tamb\u00e9m testar-me como pessoa. Mas tamb\u00e9m entrei com um muito maior: dar sempre o meu melhor e conseguir passar a melhor imagem para as pessoas, o melhor Rui que existe. Acabei por perceber que, se calhar, este n\u00e3o \u00e9 o programa certo para o fazer. Sinto que n\u00e3o me enquadro tanto naquilo que deve ser um concorrente da sua casa&#8221;, justificou o jovem de Guimar\u00e3es.<\/p>\n<p>Lavado em l\u00e1grimas, <a href=\"https:\/\/selfie.iol.pt\/famosos\/casa-dos-segredos\/sim-este-homem-e-rui-ribeiro-veja-como-o-gala-de-secret-story-era-muito-diferente-antes-do-reality-show-da-tvi\/20250923\/68d2c4d1d34ee0c2fed07115\" target=\"_blank\" rel=\"nofollow noopener\">Rui Ribeiro<\/a> disse ainda: &#8220;Sinto que, neste momento, n\u00e3o estou a dar o meu melhor. Cada vez mais, fica dif\u00edcil eu criar uma expectativa positiva para mim pr\u00f3prio (&#8230;). Se as\u00a0pessoas n\u00e3o conseguem perceber aquilo que eu realmente possa estar aqui a fazer, come\u00e7a a ser massacrante. Parece que estou a dar o melhor de mim para nada. Eu, come\u00e7ando a ficar em baixo, n\u00e3o quero passar essa imagem l\u00e1 para fora, principalmente para as pessoas que gostam de mim. N\u00e3o quero que elas sintam que eu possa estar mal ou que eu possa n\u00e3o estar a ser o Rui que as pessoas conhecem.&#8221;<\/p>\n<p>Veja, agora, o v\u00eddeo do referido momento em &#8220;<a href=\"https:\/\/tvi.iol.pt\/secretstory\/\" target=\"_blank\" rel=\"nofollow noopener\">Secret Story<\/a> &#8211; Casa dos Segredos&#8221;.<\/p>\n","protected":false},"excerpt":{"rendered":"Depois de F\u00e1bio Daniel, pode haver um novo concorrente da nona edi\u00e7\u00e3o de &#8220;Secret Story &#8211; Casa dos&hellip;\n","protected":false},"author":2,"featured_media":111339,"comment_status":"","ping_status":"","sticky":false,"template":"","format":"standard","meta":{"footnotes":""},"categories":[142],"tags":[2632,13471,6338,114,115,19151,980,619,32,33,1014,2444,13004,1315,6985,16687,16686,1012,6986,16688,151,162],"class_list":{"0":"post-111338","1":"post","2":"type-post","3":"status-publish","4":"format-standard","5":"has-post-thumbnail","7":"category-tv","8":"tag-casa-dos-segredos","9":"tag-casa-dos-segredos-9","10":"tag-concorrente","11":"tag-entertainment","12":"tag-entretenimento","13":"tag-fabio-daniel","14":"tag-famosos","15":"tag-nacional","16":"tag-portugal","17":"tag-pt","18":"tag-reality-show","19":"tag-rui","20":"tag-rui-ribeiro","21":"tag-secret-story","22":"tag-secret-story-casa-dos-segredos","23":"tag-secret-story-casa-dos-segredos-9","24":"tag-secret-story-9","25":"tag-selfie","26":"tag-ss","27":"tag-ss9","28":"tag-tv","29":"tag-tvi"},"share_on_mastodon":{"url":"","error":""},"_links":{"self":[{"href":"https:\/\/www.europesays.com\/pt\/wp-json\/wp\/v2\/posts\/111338","targetHints":{"allow":["GET"]}}],"collection":[{"href":"https:\/\/www.europesays.com\/pt\/wp-json\/wp\/v2\/posts"}],"about":[{"href":"https:\/\/www.europesays.com\/pt\/wp-json\/wp\/v2\/types\/post"}],"author":[{"embeddable":true,"href":"https:\/\/www.europesays.com\/pt\/wp-json\/wp\/v2\/users\/2"}],"replies":[{"embeddable":true,"href":"https:\/\/www.europesays.com\/pt\/wp-json\/wp\/v2\/comments?post=111338"}],"version-history":[{"count":0,"href":"https:\/\/www.europesays.com\/pt\/wp-json\/wp\/v2\/posts\/111338\/revisions"}],"wp:featuredmedia":[{"embeddable":true,"href":"https:\/\/www.europesays.com\/pt\/wp-json\/wp\/v2\/media\/111339"}],"wp:attachment":[{"href":"https:\/\/www.europesays.com\/pt\/wp-json\/wp\/v2\/media?parent=111338"}],"wp:term":[{"taxonomy":"category","embeddable":true,"href":"https:\/\/www.europesays.com\/pt\/wp-json\/wp\/v2\/categories?post=111338"},{"taxonomy":"post_tag","embeddable":true,"href":"https:\/\/www.europesays.com\/pt\/wp-json\/wp\/v2\/tags?post=111338"}],"curies":[{"name":"wp","href":"https:\/\/api.w.org\/{rel}","templated":true}]}}