{"id":111342,"date":"2025-10-15T04:00:19","date_gmt":"2025-10-15T04:00:19","guid":{"rendered":"https:\/\/www.europesays.com\/pt\/111342\/"},"modified":"2025-10-15T04:00:19","modified_gmt":"2025-10-15T04:00:19","slug":"que-tipo-de-ligacao-tinham-lidia-clarifica-relacao-com-dylan-antes-de-entrarem-no-secret-story-9-sabia-do-meu-segredo-secret-story","status":"publish","type":"post","link":"https:\/\/www.europesays.com\/pt\/111342\/","title":{"rendered":"Que tipo de liga\u00e7\u00e3o tinham? L\u00eddia clarifica rela\u00e7\u00e3o com Dylan antes de entrarem no Secret Story 9: \u00abSabia do meu segredo\u00bb &#8211; Secret Story"},"content":{"rendered":"<p>                            \ud83d\udcf0 L\u00eddia revela rela\u00e7\u00e3o inesperada com Dylan ap\u00f3s expuls\u00e3o do Secret Story 9: \u00abSabia do meu segredo\u00bb <\/p>\n<p data-end=\"372\" data-start=\"110\"><a href=\"https:\/\/tvi.iol.pt\/secretstory\/fotos\/de-queixo-caido-a-reacao-de-lidia-ao-descobrir-o-segredo-mais-bem-guardado-da-casa\/68ecc283d34e58bc6796d337\" rel=\"nofollow noopener\" target=\"_blank\">Depois de abandonar a Casa dos Segredos,<\/a><strong><a href=\"https:\/\/tvi.iol.pt\/secretstory\/fotos\/de-queixo-caido-a-reacao-de-lidia-ao-descobrir-o-segredo-mais-bem-guardado-da-casa\/68ecc283d34e58bc6796d337\" rel=\"nofollow noopener\" target=\"_blank\"> L\u00eddia<\/a> esteve no programa Dois \u00e0s 10<\/strong>, onde conversou com Cristina Ferreira e Cl\u00e1udio Ramos e fez revela\u00e7\u00f5es surpreendentes sobre a sua liga\u00e7\u00e3o a <strong>Dylan<\/strong>, concorrente que afinal j\u00e1 conhecia antes do reality show da TVI.<\/p>\n<p data-end=\"711\" data-start=\"374\"><strong>\u00abSabia do meu segredo\u00bb<\/strong>, come\u00e7ou por confessar a terapeuta espiritual, explicando que Dylan tinha conhecimento do seu interesse pelo ocultismo. Recorde-se que o segredo de L\u00eddia era: \u00abDescobri a amante do meu pai atrav\u00e9s das cartas\u00bb:\u00a0\u00abN\u00e3o era \u00f3bvio para a casa, mas era \u00f3bvio para ele. Ele s\u00f3 juntou um mais um\u00bb, acrescentou.<\/p>\n<p data-end=\"1026\" data-start=\"713\"><strong><a href=\"https:\/\/tvi.iol.pt\/secretstory\/video\/revelado-foi-assim-que-lidia-e-dylan-se-conheceram-antes-de-entrarem-no-secret-story\/68ee2a1d0cf29d28d828d401\" rel=\"nofollow noopener\" target=\"_blank\">Durante a entrevista, L\u00eddia contou como se conheceram:<\/a> <\/strong>\u00abA m\u00e3e dele faz diretos no Facebook, eu tamb\u00e9m, e foi assim que nos cruz\u00e1mos. Comecei a frequentar a casa dela, falamos muito, temos uma boa conex\u00e3o. Como eu frequentava a casa da m\u00e3e dele, ele tamb\u00e9m estava presente. Na altura, vivia com ela e tudo mais\u00bb.<\/p>\n<p data-end=\"1348\" data-start=\"1028\">Apesar da proximidade, a ex-concorrente garantiu que nenhum dos dois sabia que o outro iria participar no programa. \u00abNunca, nunca. Quando o vejo a entrar por aquela porta, s\u00f3 penso: \u201cBem, digo o meu nome ou vais dizer que me conheces?\u201d\u00bb, contou, divertida. \u00abQuando ele me diz \u2018Prazer, Dylan\u2019, eu digo \u2018Prazer, L\u00eddia\u2019\u00bb.<\/p>\n<p data-end=\"1552\" data-start=\"1350\">A ex-concorrente admitiu ainda que nutria confian\u00e7a e empatia especiais pelo gestor su\u00ed\u00e7o: \u00abEu acho que, de todos, se fosse para entregar algu\u00e9m o dinheiro que eu tinha na conta, ent\u00e3o que fosse ele\u00bb.<\/p>\n<p>Veja o v\u00eddeo.<br \/>\n<a href=\"https:\/\/tvi.iol.pt\/secretstory\/video\/revelado-foi-assim-que-lidia-e-dylan-se-conheceram-antes-de-entrarem-no-secret-story\/68ee2a1d0cf29d28d828d401\" rel=\"nofollow noopener\" target=\"_blank\">Ainda: L\u00eddia continua em choque com segredo de Marisa e Pedro: \u00abN\u00e3o temos nem no\u00e7\u00e3o\u00bb<\/a><\/p>\n","protected":false},"excerpt":{"rendered":"\ud83d\udcf0 L\u00eddia revela rela\u00e7\u00e3o inesperada com Dylan ap\u00f3s expuls\u00e3o do Secret Story 9: \u00abSabia do meu segredo\u00bb Depois&hellip;\n","protected":false},"author":2,"featured_media":111343,"comment_status":"","ping_status":"","sticky":false,"template":"","format":"standard","meta":{"footnotes":""},"categories":[142],"tags":[18706,19105,114,115,18705,19044,32,33,151,18704],"class_list":{"0":"post-111342","1":"post","2":"type-post","3":"status-publish","4":"format-standard","5":"has-post-thumbnail","7":"category-tv","8":"tag-bastidores-secret-story","9":"tag-dylan","10":"tag-entertainment","11":"tag-entretenimento","12":"tag-entrevistas-concorrentes-tvi","13":"tag-lidia","14":"tag-portugal","15":"tag-pt","16":"tag-tv","17":"tag-vida-fora-da-casa"},"share_on_mastodon":{"url":"","error":""},"_links":{"self":[{"href":"https:\/\/www.europesays.com\/pt\/wp-json\/wp\/v2\/posts\/111342","targetHints":{"allow":["GET"]}}],"collection":[{"href":"https:\/\/www.europesays.com\/pt\/wp-json\/wp\/v2\/posts"}],"about":[{"href":"https:\/\/www.europesays.com\/pt\/wp-json\/wp\/v2\/types\/post"}],"author":[{"embeddable":true,"href":"https:\/\/www.europesays.com\/pt\/wp-json\/wp\/v2\/users\/2"}],"replies":[{"embeddable":true,"href":"https:\/\/www.europesays.com\/pt\/wp-json\/wp\/v2\/comments?post=111342"}],"version-history":[{"count":0,"href":"https:\/\/www.europesays.com\/pt\/wp-json\/wp\/v2\/posts\/111342\/revisions"}],"wp:featuredmedia":[{"embeddable":true,"href":"https:\/\/www.europesays.com\/pt\/wp-json\/wp\/v2\/media\/111343"}],"wp:attachment":[{"href":"https:\/\/www.europesays.com\/pt\/wp-json\/wp\/v2\/media?parent=111342"}],"wp:term":[{"taxonomy":"category","embeddable":true,"href":"https:\/\/www.europesays.com\/pt\/wp-json\/wp\/v2\/categories?post=111342"},{"taxonomy":"post_tag","embeddable":true,"href":"https:\/\/www.europesays.com\/pt\/wp-json\/wp\/v2\/tags?post=111342"}],"curies":[{"name":"wp","href":"https:\/\/api.w.org\/{rel}","templated":true}]}}