{"id":111344,"date":"2025-10-15T04:01:09","date_gmt":"2025-10-15T04:01:09","guid":{"rendered":"https:\/\/www.europesays.com\/pt\/111344\/"},"modified":"2025-10-15T04:01:09","modified_gmt":"2025-10-15T04:01:09","slug":"britney-spears-fala-pela-primeira-vez-e-rebate-novas-acusacoes-de-kevin-federline","status":"publish","type":"post","link":"https:\/\/www.europesays.com\/pt\/111344\/","title":{"rendered":"Britney Spears fala pela primeira vez e rebate novas acusa\u00e7\u00f5es de Kevin Federline"},"content":{"rendered":"<p>                                Ler resumo <\/p>\n<p>Ap\u00f3s Kevin Federline publicar novos relatos sobre o conv\u00edvio familiar no livro You Thought You Knew, Britney Spears respondeu por meio de um representante, acusando o ex-marido de lucrar \u00e0s custas dela ap\u00f3s o fim da pens\u00e3o. A cantora afirmou que \u201ctudo o que importa s\u00e3o seus filhos\u201d, Sean e Jayden.<\/p>\n<p><a href=\"https:\/\/hugogloss.uol.com.br\/tag\/britney-spears\" rel=\"nofollow noopener\" target=\"_blank\">Britney Spears<\/a> respondeu publicamente \u00e0s acusa\u00e7\u00f5es feitas por <a href=\"https:\/\/hugogloss.uol.com.br\/tag\/kevin-federline\" rel=\"nofollow noopener\" target=\"_blank\">Kevin Federline<\/a> em seu novo livro de mem\u00f3rias, \u201cYou Thought You Knew\u201d (\u201cVoc\u00ea achava que sabia\u201d, em tradu\u00e7\u00e3o livre), que ser\u00e1 lan\u00e7ado em 21 de outubro. Nos trechos divulgados pelo The New York Times nesta ter\u00e7a-feira (14), o ex-marido da cantora alegou que os filhos do casal teriam presenciado comportamentos preocupantes por parte da m\u00e3e, incluindo um suposto epis\u00f3dio em que ela teria sido vista observando-os dormir com \u201cuma faca na m\u00e3o\u201d.<\/p>\n<p>Em resposta \u00e0s declara\u00e7\u00f5es, um representante da artista enviou um comunicado \u00e0 revista People, afirmando que Britney \u201cest\u00e1 cansada de ser explorada\u201d e que o ex-companheiro estaria se beneficiando novamente da exposi\u00e7\u00e3o do nome dela.<\/p>\n<p>\u201cCom a not\u00edcia do livro de Kevin sendo divulgada, mais uma vez ele e outros est\u00e3o lucrando \u00e0s custas dela, e, infelizmente, isso acontece logo ap\u00f3s o fim do pagamento da pens\u00e3o\u201d, diz o comunicado. \u201cTudo o que ela se importa s\u00e3o seus filhos, Sean Preston e Jayden James, e o bem-estar deles diante desse sensacionalismo. Ela j\u00e1 compartilhou a pr\u00f3pria hist\u00f3ria em seu livro \u2018A Mulher em Mim\u2019\u201d,\u00a0continua.<\/p>\n<p> <img loading=\"lazy\" decoding=\"async\" class=\"size-medium wp-image-1093021 img-fluid lazy\" alt=\"\" width=\"499\" height=\"499\" src=\"https:\/\/www.europesays.com\/pt\/wp-content\/uploads\/2025\/10\/britney-filhos-499x499.jpg\"  \/>Britney Spears junto com os filhos, Jayden James Federline e Sean\u00a0Preston. (Foto: Getty) <\/p>\n<p>Spears e Federline foram casados entre 2004 e 2007 e s\u00e3o pais de Sean Preston, de 20 anos, e Jayden James, de 19. Desde o div\u00f3rcio, a rela\u00e7\u00e3o entre a cantora e os filhos tem sido marcada por altos e baixos \u2014 especialmente ap\u00f3s os jovens se mudarem para o Hava\u00ed com o pai, em 2023.<\/p>\n<p>Em seu livro, Federline tamb\u00e9m expressa \u201cpreocupa\u00e7\u00e3o urgente\u201d com a sa\u00fade emocional de Britney e afirma temer que \u201calgo ruim aconte\u00e7a\u201d se a situa\u00e7\u00e3o dela n\u00e3o mudar. Ele ainda criticou o movimento \u201cFree Britney\u201d, dizendo acreditar que a campanha \u2014 que lutou pelo fim da tutela da artista \u2014 \u201cfez mais mal do que bem\u201d.<\/p>\n<p> Continua depois da Publicidade <\/p>\n<p>Britney, por outro lado, j\u00e1 havia dito em sua autobiografia, lan\u00e7ada em 2023, que o ex-marido \u201ctirou seu mundo\u201d durante a disputa pela guarda dos filhos: \u201cEle me tirou o f\u00f4lego. E a minha fam\u00edlia n\u00e3o me apoiou\u201d, escreveu a cantora em \u201cA Mulher em Mim\u201d.<\/p>\n<p>A nova troca de declara\u00e7\u00f5es reacende a tens\u00e3o entre o ex-casal e levanta novamente debates sobre a privacidade e a sa\u00fade mental da artista, que vive sob os holofotes desde a adolesc\u00eancia.<\/p>\n<p>                                                                    <a id=\"google-news\" class=\"google-news\" href=\"https:\/\/news.google.com\/publications\/CAAqBwgKMM6ViAswv82GAw?ceid=BR:pt-419&amp;amp;oc=3&amp;amp;hl=pt-BR&amp;amp;gl=BR\" target=\"_blank\" rel=\"nofollow noopener\"><\/p>\n<p>                                            Siga a <strong> Hugo Gloss no Google News<\/strong> e acompanhe nossos destaques<\/p>\n<p>                                    <\/a><\/p>\n","protected":false},"excerpt":{"rendered":"Ler resumo Ap\u00f3s Kevin Federline publicar novos relatos sobre o conv\u00edvio familiar no livro You Thought You Knew,&hellip;\n","protected":false},"author":2,"featured_media":111345,"comment_status":"","ping_status":"","sticky":false,"template":"","format":"standard","meta":{"footnotes":""},"categories":[141],"tags":[26363,3599,26364,114,115,26365,7391,149,150,32,33],"class_list":{"0":"post-111344","1":"post","2":"type-post","3":"status-publish","4":"format-standard","5":"has-post-thumbnail","7":"category-musica","8":"tag-freebritney","9":"tag-britney-spears","10":"tag-britney-spears-a-mulher-em-mim","11":"tag-entertainment","12":"tag-entretenimento","13":"tag-filhos-de-britney-spears","14":"tag-kevin-federline","15":"tag-music","16":"tag-musica","17":"tag-portugal","18":"tag-pt"},"share_on_mastodon":{"url":"","error":""},"_links":{"self":[{"href":"https:\/\/www.europesays.com\/pt\/wp-json\/wp\/v2\/posts\/111344","targetHints":{"allow":["GET"]}}],"collection":[{"href":"https:\/\/www.europesays.com\/pt\/wp-json\/wp\/v2\/posts"}],"about":[{"href":"https:\/\/www.europesays.com\/pt\/wp-json\/wp\/v2\/types\/post"}],"author":[{"embeddable":true,"href":"https:\/\/www.europesays.com\/pt\/wp-json\/wp\/v2\/users\/2"}],"replies":[{"embeddable":true,"href":"https:\/\/www.europesays.com\/pt\/wp-json\/wp\/v2\/comments?post=111344"}],"version-history":[{"count":0,"href":"https:\/\/www.europesays.com\/pt\/wp-json\/wp\/v2\/posts\/111344\/revisions"}],"wp:featuredmedia":[{"embeddable":true,"href":"https:\/\/www.europesays.com\/pt\/wp-json\/wp\/v2\/media\/111345"}],"wp:attachment":[{"href":"https:\/\/www.europesays.com\/pt\/wp-json\/wp\/v2\/media?parent=111344"}],"wp:term":[{"taxonomy":"category","embeddable":true,"href":"https:\/\/www.europesays.com\/pt\/wp-json\/wp\/v2\/categories?post=111344"},{"taxonomy":"post_tag","embeddable":true,"href":"https:\/\/www.europesays.com\/pt\/wp-json\/wp\/v2\/tags?post=111344"}],"curies":[{"name":"wp","href":"https:\/\/api.w.org\/{rel}","templated":true}]}}