{"id":111346,"date":"2025-10-15T04:11:16","date_gmt":"2025-10-15T04:11:16","guid":{"rendered":"https:\/\/www.europesays.com\/pt\/111346\/"},"modified":"2025-10-15T04:11:16","modified_gmt":"2025-10-15T04:11:16","slug":"tive-que-aprender-a-conviver-com-a-dor","status":"publish","type":"post","link":"https:\/\/www.europesays.com\/pt\/111346\/","title":{"rendered":"Tive que aprender a conviver com a dor"},"content":{"rendered":"<p><strong>Emma Heming<\/strong>, de 47 anos, desabafou sobre o estado de sa\u00fade do marido, <a href=\"https:\/\/natelinha.uol.com.br\/famosos\/tudo-sobre\/bruce-willis\" rel=\"nofollow noopener\" target=\"_blank\">Bruce Willis<\/a>, de 70 anos, e como a fam\u00edlia lida com o avan\u00e7o da doen\u00e7a do ator. O astro de Hollywood foi diagnosticado com dem\u00eancia frontotemporal em 2023 e, desde ent\u00e3o, vem enfrentando as consequ\u00eancias e o avan\u00e7o da condi\u00e7\u00e3o.<\/p>\n<p>A dem\u00eancia frontotemporal restringe a coordena\u00e7\u00e3o motora e algumas fun\u00e7\u00f5es cognitivas, afetando tamb\u00e9m o comportamento e a personalidade. Ele tamb\u00e9m tem o diagn\u00f3stico de afasia, dist\u00farbio de linguagem que afeta a capacidade de comunica\u00e7\u00e3o.<\/p>\n<p>+ <a href=\"https:\/\/natelinha.uol.com.br\/famosos\/2025\/10\/14\/ex-malhacao-que-virou-ambulante-quer-voltar-as-novelas-e-sonha-com-o-bbb-232610.php\" rel=\"nofollow noopener\" target=\"_blank\">Ex-Malha\u00e7\u00e3o que virou ambulante quer voltar \u00e0s novelas e sonha com o BBB<\/a><\/p>\n<p>continua depois da publicidade<\/p>\n<p>\u201cTive que aprender a conviver com a dor. Ela est\u00e1 sempre comigo. N\u00e3o consigo me livrar dela, mas vou respirar, ficar triste e sentir todos os sentimentos e emo\u00e7\u00f5es que eu tiver que sentir, mas tamb\u00e9m n\u00e3o vou permitir que seja apenas uma nota disso\u201d, declarou a modelo \u00e0 Vogue Austr\u00e1lia.<\/p>\n<p>Bruce Willis e Emma Heming t\u00eam duas filhas, Mabel, de 13 anos, e Evelyn, de 11 anos. Ele tamb\u00e9m \u00e9 pai de Rumer, Scout e Tallulah, frutos do antigo casamento do ator com <a href=\"https:\/\/natelinha.uol.com.br\/famosos\/tudo-sobre\/demi-moore\" rel=\"nofollow noopener\" target=\"_blank\">Demi Moore<\/a>. Sobre a forma como as filhas encaram a situa\u00e7\u00e3o, a modelo comentou na entrevista:<\/p>\n<p><img decoding=\"async\" loading=\"lazy\" class=\"horizontal\" src=\"https:\/\/www.europesays.com\/pt\/wp-content\/uploads\/2025\/10\/bruce-willis-surge-pela-primeira-vez_8774.jpeg\" alt=\"imagem-texto\" tive=\"\" que=\"\" aprender=\"\" a=\"\" conviver=\"\" com=\"\" dor=\"\"\/><\/p>\n<blockquote>\n<p class=\"cit\">&#8220;Acho que elas est\u00e3o bem, considerando tudo. Mas \u00e9 dif\u00edcil. Elas sofrem. Sentem muita falta do pai. Ele est\u00e1 perdendo marcos importantes. \u00c9 dif\u00edcil para elas. Mas crian\u00e7as s\u00e3o resilientes. [Embora] eu odiasse ouvir isso porque as pessoas n\u00e3o entendiam o que est\u00e1vamos passando. N\u00e3o sei se minhas filhas v\u00e3o se recuperar algum dia. Mas elas est\u00e3o aprendendo, e eu tamb\u00e9m.&#8221;<\/p>\n<p>Emma Heming<\/p><\/blockquote>\n<p>+ <a href=\"https:\/\/natelinha.uol.com.br\/famosos\/2025\/10\/14\/apos-relembrar-bullying-grazi-massafera-revela-quais-veteranos-a-ajudaram-no-inicio-da-carreira-232609.php\" rel=\"nofollow noopener\" target=\"_blank\">Ap\u00f3s relembrar bullying, Grazi Massafera revela quais veteranos a ajudaram no in\u00edcio da carreira<\/a><\/p>\n<p>continua depois da publicidade<\/p>\n<p>Recentemente, ela lan\u00e7ou o livro O Rumo Inesperado: Como Recuperar a For\u00e7a, a Esperan\u00e7a e Se Reencontrar na Jornada do Cuidado, em que fala sobre os cuidados com Bruce e como se sente em rela\u00e7\u00e3o \u00e0 doen\u00e7a do marido.<\/p>\n<p>Em julho, <a href=\"https:\/\/natelinha.uol.com.br\/famosos\/2025\/07\/24\/bruce-willis-tem-piora-e-ja-nao-fala-le-ou-anda-diz-jornal-228999.php\" rel=\"nofollow noopener\" target=\"_blank\">a imprensa norte-americana divulgou uma piora no estado de sa\u00fade<\/a> de Bruce Willis. Aposentado desde o diagn\u00f3stico de dem\u00eancia, o astro de filmes como Duro de Matar, Pulp Fiction: Tempo de Viol\u00eancia e O Sexto Sentido j\u00e1 n\u00e3o consegue mais falar, ler ou andar.<\/p>\n","protected":false},"excerpt":{"rendered":"Emma Heming, de 47 anos, desabafou sobre o estado de sa\u00fade do marido, Bruce Willis, de 70 anos,&hellip;\n","protected":false},"author":2,"featured_media":111347,"comment_status":"","ping_status":"","sticky":false,"template":"","format":"standard","meta":{"footnotes":""},"categories":[145],"tags":[5707,211,210,114,115,32,33],"class_list":{"0":"post-111346","1":"post","2":"type-post","3":"status-publish","4":"format-standard","5":"has-post-thumbnail","7":"category-celebridades","8":"tag-bruce-willis","9":"tag-celebridades","10":"tag-celebrities","11":"tag-entertainment","12":"tag-entretenimento","13":"tag-portugal","14":"tag-pt"},"share_on_mastodon":{"url":"","error":""},"_links":{"self":[{"href":"https:\/\/www.europesays.com\/pt\/wp-json\/wp\/v2\/posts\/111346","targetHints":{"allow":["GET"]}}],"collection":[{"href":"https:\/\/www.europesays.com\/pt\/wp-json\/wp\/v2\/posts"}],"about":[{"href":"https:\/\/www.europesays.com\/pt\/wp-json\/wp\/v2\/types\/post"}],"author":[{"embeddable":true,"href":"https:\/\/www.europesays.com\/pt\/wp-json\/wp\/v2\/users\/2"}],"replies":[{"embeddable":true,"href":"https:\/\/www.europesays.com\/pt\/wp-json\/wp\/v2\/comments?post=111346"}],"version-history":[{"count":0,"href":"https:\/\/www.europesays.com\/pt\/wp-json\/wp\/v2\/posts\/111346\/revisions"}],"wp:featuredmedia":[{"embeddable":true,"href":"https:\/\/www.europesays.com\/pt\/wp-json\/wp\/v2\/media\/111347"}],"wp:attachment":[{"href":"https:\/\/www.europesays.com\/pt\/wp-json\/wp\/v2\/media?parent=111346"}],"wp:term":[{"taxonomy":"category","embeddable":true,"href":"https:\/\/www.europesays.com\/pt\/wp-json\/wp\/v2\/categories?post=111346"},{"taxonomy":"post_tag","embeddable":true,"href":"https:\/\/www.europesays.com\/pt\/wp-json\/wp\/v2\/tags?post=111346"}],"curies":[{"name":"wp","href":"https:\/\/api.w.org\/{rel}","templated":true}]}}