{"id":111352,"date":"2025-10-15T04:22:08","date_gmt":"2025-10-15T04:22:08","guid":{"rendered":"https:\/\/www.europesays.com\/pt\/111352\/"},"modified":"2025-10-15T04:22:08","modified_gmt":"2025-10-15T04:22:08","slug":"mundo-em-alerta-detetaram-material-radioativo-em-camaroes-e-especiarias-exportados-deste-pais","status":"publish","type":"post","link":"https:\/\/www.europesays.com\/pt\/111352\/","title":{"rendered":"Mundo em &#8216;alerta&#8217;: detetaram material radioativo em camar\u00f5es e especiarias exportados deste pa\u00eds"},"content":{"rendered":"<p><strong>Nos \u00faltimos meses, <strong>v\u00e1rios casos de contamina\u00e7\u00e3o alimentar com origem fora da Europa t\u00eam despertado a aten\u00e7\u00e3o das autoridades internacionais<\/strong>, levando a novos alertas e inspe\u00e7\u00f5es refor\u00e7adas em produtos de exporta\u00e7\u00e3o. Autoridades indon\u00e9sias confirmaram a presen\u00e7a de material radioativo em camar\u00f5es e especiarias exportados e o caso est\u00e1 a levantar preocupa\u00e7\u00e3o junto de ag\u00eancias internacionais de seguran\u00e7a alimentar. A origem da contamina\u00e7\u00e3o continua sob investiga\u00e7\u00e3o.<\/strong><\/p>\n<p>De acordo com a ag\u00eancia de not\u00edcias France-Presse (AFP), o Governo da Indon\u00e9sia anunciou ter detetado tra\u00e7os do is\u00f3topo radioativo c\u00e9sio-137 numa planta\u00e7\u00e3o de cravinho na ilha de Samatra. A descoberta ocorreu semanas depois de o mesmo elemento ter sido encontrado em camar\u00f5es congelados exportados para os Estados Unidos, segundo confirmou a Administra\u00e7\u00e3o de Alimentos e Medicamentos norte-americana (FDA).<\/p>\n<p>As autoridades indon\u00e9sias criaram uma comiss\u00e3o de emerg\u00eancia para investigar o caso, tendo j\u00e1 inspecionado uma f\u00e1brica de transforma\u00e7\u00e3o e v\u00e1rias explora\u00e7\u00f5es agr\u00edcolas nas ilhas de Java e Sumatra. <\/p>\n<p>O porta-voz da comiss\u00e3o, Bara Hasibuan, afirmou que os testes laboratoriais conduzidos pela Ag\u00eancia Indon\u00e9sia de Regula\u00e7\u00e3o da Energia Nuclear (Bapeten) confirmaram a presen\u00e7a de radioatividade nas amostras recolhidas.<\/p>\n<p class=\"has-medium-font-size\"><strong>Planta\u00e7\u00f5es e f\u00e1bricas sob investiga\u00e7\u00e3o<\/strong><\/p>\n<p>Segundo a mesma fonte, foram identificados vest\u00edgios de contamina\u00e7\u00e3o numa quinta produtora de cravinho localizada em Lampung, regi\u00e3o sul de Samatra. Como medida preventiva, as autoridades suspenderam a comercializa\u00e7\u00e3o da especiaria e impuseram restri\u00e7\u00f5es \u00e0 exporta\u00e7\u00e3o at\u00e9 que os resultados das an\u00e1lises sejam conclusivos. \u201cEnquanto n\u00e3o se chegar a uma conclus\u00e3o, pedimos que o cravinho proveniente da quinta n\u00e3o seja vendido\u201d, disse Bara Hasibuan, citado pela AFP.<\/p>\n<p>A contamina\u00e7\u00e3o n\u00e3o se limita \u00e0s planta\u00e7\u00f5es. De acordo com a publica\u00e7\u00e3o, pelo menos 22 unidades de produ\u00e7\u00e3o de camar\u00f5es congelados localizadas na zona industrial de Cikande, a cerca de 60 quil\u00f3metros de Jacarta, apresentaram n\u00edveis an\u00f3malos de radia\u00e7\u00e3o. <\/p>\n<p>As autoridades sanit\u00e1rias realizaram exames aos trabalhadores e moradores das redondezas, tendo identificado nove casos positivos ao c\u00e9sio-137. As pessoas afetadas foram submetidas a observa\u00e7\u00e3o m\u00e9dica e algumas tiveram de ser temporariamente realojadas para permitir a descontamina\u00e7\u00e3o das suas habita\u00e7\u00f5es, explicou o Governo indon\u00e9sio.<\/p>\n<p class=\"has-medium-font-size\"><strong>Poss\u00edvel origem da contamina\u00e7\u00e3o<\/strong><\/p>\n<p>As primeiras investiga\u00e7\u00f5es apontam para a importa\u00e7\u00e3o de sucata met\u00e1lica contaminada como potencial origem da polui\u00e7\u00e3o. O Governo indon\u00e9sio anunciou medidas de controlo mais rigorosas sobre a entrada de materiais met\u00e1licos no pa\u00eds e est\u00e1 a cooperar com organismos internacionais de vigil\u00e2ncia alimentar e nuclear para rastrear a cadeia de contamina\u00e7\u00e3o.<\/p>\n<p>Segundo a FDA, a exposi\u00e7\u00e3o prolongada ao c\u00e9sio-137, mesmo em doses reduzidas, pode aumentar o risco de cancro. O elemento \u00e9 utilizado em aplica\u00e7\u00f5es m\u00e9dicas e industriais, e a sua presen\u00e7a em alimentos levanta preocupa\u00e7\u00f5es sobre falhas de controlo ou acidentes com materiais radioativos.<\/p>\n<p class=\"has-medium-font-size\"><strong>Preocupa\u00e7\u00e3o internacional<\/strong><\/p>\n<p>A dete\u00e7\u00e3o de radioatividade em produtos exportados gerou preocupa\u00e7\u00e3o junto de v\u00e1rias autoridades internacionais, incluindo organismos de sa\u00fade p\u00fablica e seguran\u00e7a alimentar na \u00c1sia e nos Estados Unidos. <\/p>\n<p>Especialistas citados pela <a href=\"https:\/\/www.afp.com\/fr\/fact-checking\/le-fact-checking-lafp\/le-fact-checking-cest-quoi\" target=\"_blank\" rel=\"noreferrer noopener nofollow\">AFP<\/a> alertam que, apesar de o risco imediato ser baixo, a situa\u00e7\u00e3o exige uma resposta coordenada para garantir que nenhum produto contaminado entra na cadeia de exporta\u00e7\u00e3o global.<\/p>\n<p>O caso continua sob investiga\u00e7\u00e3o, com a Indon\u00e9sia a refor\u00e7ar as inspe\u00e7\u00f5es a f\u00e1bricas e planta\u00e7\u00f5es e a monitorizar poss\u00edveis liga\u00e7\u00f5es entre as duas contamina\u00e7\u00f5es.<\/p>\n<p><strong>Leia tamb\u00e9m:\u00a0<a href=\"https:\/\/postal.pt\/economia\/despedido-por-faltar-ao-trabalho-durante-baixa-medica-tribunal-da-razao-ao-trabalhador-e-obrigou-empresa-a-indemniza-lo\/\" rel=\"nofollow noopener\" target=\"_blank\">Despedido por faltar ao trabalho durante baixa m\u00e9dica: tribunal d\u00e1 raz\u00e3o ao trabalhador e obrigou empresa a indemniz\u00e1-lo<\/a><\/strong><\/p>\n","protected":false},"excerpt":{"rendered":"Nos \u00faltimos meses, v\u00e1rios casos de contamina\u00e7\u00e3o alimentar com origem fora da Europa t\u00eam despertado a aten\u00e7\u00e3o das&hellip;\n","protected":false},"author":2,"featured_media":111353,"comment_status":"","ping_status":"","sticky":false,"template":"","format":"standard","meta":{"footnotes":""},"categories":[50],"tags":[27,28,15,16,14,25,26,21,22,62,12,13,19,20,23,24,17,18,29,30,31,63,64,65],"class_list":{"0":"post-111352","1":"post","2":"type-post","3":"status-publish","4":"format-standard","5":"has-post-thumbnail","7":"category-mundo","8":"tag-breaking-news","9":"tag-breakingnews","10":"tag-featured-news","11":"tag-featurednews","12":"tag-headlines","13":"tag-latest-news","14":"tag-latestnews","15":"tag-main-news","16":"tag-mainnews","17":"tag-mundo","18":"tag-news","19":"tag-noticias","20":"tag-noticias-principais","21":"tag-noticiasprincipais","22":"tag-principais-noticias","23":"tag-principaisnoticias","24":"tag-top-stories","25":"tag-topstories","26":"tag-ultimas","27":"tag-ultimas-noticias","28":"tag-ultimasnoticias","29":"tag-world","30":"tag-world-news","31":"tag-worldnews"},"share_on_mastodon":{"url":"","error":""},"_links":{"self":[{"href":"https:\/\/www.europesays.com\/pt\/wp-json\/wp\/v2\/posts\/111352","targetHints":{"allow":["GET"]}}],"collection":[{"href":"https:\/\/www.europesays.com\/pt\/wp-json\/wp\/v2\/posts"}],"about":[{"href":"https:\/\/www.europesays.com\/pt\/wp-json\/wp\/v2\/types\/post"}],"author":[{"embeddable":true,"href":"https:\/\/www.europesays.com\/pt\/wp-json\/wp\/v2\/users\/2"}],"replies":[{"embeddable":true,"href":"https:\/\/www.europesays.com\/pt\/wp-json\/wp\/v2\/comments?post=111352"}],"version-history":[{"count":0,"href":"https:\/\/www.europesays.com\/pt\/wp-json\/wp\/v2\/posts\/111352\/revisions"}],"wp:featuredmedia":[{"embeddable":true,"href":"https:\/\/www.europesays.com\/pt\/wp-json\/wp\/v2\/media\/111353"}],"wp:attachment":[{"href":"https:\/\/www.europesays.com\/pt\/wp-json\/wp\/v2\/media?parent=111352"}],"wp:term":[{"taxonomy":"category","embeddable":true,"href":"https:\/\/www.europesays.com\/pt\/wp-json\/wp\/v2\/categories?post=111352"},{"taxonomy":"post_tag","embeddable":true,"href":"https:\/\/www.europesays.com\/pt\/wp-json\/wp\/v2\/tags?post=111352"}],"curies":[{"name":"wp","href":"https:\/\/api.w.org\/{rel}","templated":true}]}}