{"id":111361,"date":"2025-10-15T04:36:09","date_gmt":"2025-10-15T04:36:09","guid":{"rendered":"https:\/\/www.europesays.com\/pt\/111361\/"},"modified":"2025-10-15T04:36:09","modified_gmt":"2025-10-15T04:36:09","slug":"melhor-protecao-zelensky-anuncia-criacao-de-governo-militar-em-odessa","status":"publish","type":"post","link":"https:\/\/www.europesays.com\/pt\/111361\/","title":{"rendered":"&#8220;Melhor prote\u00e7\u00e3o&#8221;. Zelensky anuncia cria\u00e7\u00e3o de governo militar em Odessa"},"content":{"rendered":"<p>&#8220;Odessa merece uma melhor prote\u00e7\u00e3o&#8221;, afirmou o Presidente ucraniano na rede social Telegram.<\/p>\n<p>Zelensky explicou que a melhoria da seguran\u00e7a da regi\u00e3o de Odessa &#8220;pode ser conseguida atrav\u00e9s de uma administra\u00e7\u00e3o militar&#8221;, uma figura presente noutras regi\u00f5es do sul e sudeste do pa\u00eds sitiadas pelas for\u00e7as russas.<\/p>\n<p>&#8220;H\u00e1 demasiados problemas de seguran\u00e7a em Odessa que permanecem sem resposta adequada h\u00e1 demasiado tempo. Ser\u00e3o tomadas decis\u00f5es efetivas. Nomearei em breve o chefe da administra\u00e7\u00e3o militar&#8221;, referiu.<\/p>\n<p>O Servi\u00e7o de Seguran\u00e7a da Ucr\u00e2nia (SBU) confirmou que Trukhanov, no cargo desde 2014, tinha cidadania russa desde 2015.<\/p>\n<p>&#8220;Nunca recebi um passaporte de cidadania russa. Sou um cidad\u00e3o ucraniano&#8221;, reagiu Trukhanov.<\/p>\n<p>Prometeu &#8220;continuar a exercer as fun\u00e7\u00f5es de presidente da C\u00e2mara eleito&#8221; durante o m\u00e1ximo de tempo poss\u00edvel e assegurou que vai recorrer ao Supremo Tribunal e ao Tribunal Europeu dos Direitos Humanos (TEDH).<\/p>\n<p>Outrora considerado um pol\u00edtico pr\u00f3-russo, ap\u00f3s a invas\u00e3o da Ucr\u00e2nia em fevereiro de 2022 criticou publicamente Moscovo, ao mesmo tempo que trabalhou para defender Odessa e ajudar o ex\u00e9rcito ucraniano.<\/p>\n<p>Trukhanov, antigo deputado, \u00e9 desde 2014 presidente da C\u00e2mara de Odessa, a terceira maior cidade da Ucr\u00e2nia e um importante porto no Mar Negro, e \u00e9 tamb\u00e9m uma figura controversa que tem sido repetidamente implicado em alegados casos de corrup\u00e7\u00e3o por investiga\u00e7\u00f5es jornal\u00edsticas.<\/p>\n<p>Odessa \u00e9 uma cidade portu\u00e1ria de import\u00e2ncia estrat\u00e9gica, situada nas margens do Mar Negro.<\/p>\n<p>Foi bombardeada v\u00e1rias vezes desde o in\u00edcio da invas\u00e3o, em fevereiro de 2022, embora com menos intensidade do que outras regi\u00f5es do sul e do sudeste.<\/p>\n<p>A guerra na Ucr\u00e2nia mergulhou a Europa naquela que \u00e9 considerada a crise de seguran\u00e7a mais grave desde a Segunda Guerra Mundial (1939-1945).<\/p>\n<p>Leia Tamb\u00e9m: <a href=\"https:\/\/www.noticiasaominuto.com\/mundo\/2870305\/egito-considera-plano-de-trump-ultima-oportunidade-para-paz-na-regiao\" target=\"_blank\" rel=\"noreferrer noopener nofollow\">Egito considera plano de Trump &#8220;\u00faltima oportunidade&#8221; para paz na regi\u00e3o<\/a><\/p>\n","protected":false},"excerpt":{"rendered":"&#8220;Odessa merece uma melhor prote\u00e7\u00e3o&#8221;, afirmou o Presidente ucraniano na rede social Telegram. Zelensky explicou que a melhoria&hellip;\n","protected":false},"author":2,"featured_media":111362,"comment_status":"","ping_status":"","sticky":false,"template":"","format":"standard","meta":{"footnotes":""},"categories":[50],"tags":[27,28,15,16,14,25,26,21,22,62,12,13,19,20,23,24,17,18,29,30,31,63,64,65],"class_list":{"0":"post-111361","1":"post","2":"type-post","3":"status-publish","4":"format-standard","5":"has-post-thumbnail","7":"category-mundo","8":"tag-breaking-news","9":"tag-breakingnews","10":"tag-featured-news","11":"tag-featurednews","12":"tag-headlines","13":"tag-latest-news","14":"tag-latestnews","15":"tag-main-news","16":"tag-mainnews","17":"tag-mundo","18":"tag-news","19":"tag-noticias","20":"tag-noticias-principais","21":"tag-noticiasprincipais","22":"tag-principais-noticias","23":"tag-principaisnoticias","24":"tag-top-stories","25":"tag-topstories","26":"tag-ultimas","27":"tag-ultimas-noticias","28":"tag-ultimasnoticias","29":"tag-world","30":"tag-world-news","31":"tag-worldnews"},"share_on_mastodon":{"url":"","error":""},"_links":{"self":[{"href":"https:\/\/www.europesays.com\/pt\/wp-json\/wp\/v2\/posts\/111361","targetHints":{"allow":["GET"]}}],"collection":[{"href":"https:\/\/www.europesays.com\/pt\/wp-json\/wp\/v2\/posts"}],"about":[{"href":"https:\/\/www.europesays.com\/pt\/wp-json\/wp\/v2\/types\/post"}],"author":[{"embeddable":true,"href":"https:\/\/www.europesays.com\/pt\/wp-json\/wp\/v2\/users\/2"}],"replies":[{"embeddable":true,"href":"https:\/\/www.europesays.com\/pt\/wp-json\/wp\/v2\/comments?post=111361"}],"version-history":[{"count":0,"href":"https:\/\/www.europesays.com\/pt\/wp-json\/wp\/v2\/posts\/111361\/revisions"}],"wp:featuredmedia":[{"embeddable":true,"href":"https:\/\/www.europesays.com\/pt\/wp-json\/wp\/v2\/media\/111362"}],"wp:attachment":[{"href":"https:\/\/www.europesays.com\/pt\/wp-json\/wp\/v2\/media?parent=111361"}],"wp:term":[{"taxonomy":"category","embeddable":true,"href":"https:\/\/www.europesays.com\/pt\/wp-json\/wp\/v2\/categories?post=111361"},{"taxonomy":"post_tag","embeddable":true,"href":"https:\/\/www.europesays.com\/pt\/wp-json\/wp\/v2\/tags?post=111361"}],"curies":[{"name":"wp","href":"https:\/\/api.w.org\/{rel}","templated":true}]}}