{"id":111363,"date":"2025-10-15T04:39:13","date_gmt":"2025-10-15T04:39:13","guid":{"rendered":"https:\/\/www.europesays.com\/pt\/111363\/"},"modified":"2025-10-15T04:39:13","modified_gmt":"2025-10-15T04:39:13","slug":"nenhum-dos-32-colegas-de-turma-foi-a-festa-de-aniversario-de-menino-de-6-anos-faz-me-chorar-em-segundos","status":"publish","type":"post","link":"https:\/\/www.europesays.com\/pt\/111363\/","title":{"rendered":"Nenhum dos 32 colegas de turma foi \u00e0 festa de anivers\u00e1rio de menino de 6 anos: &#8220;Faz-me chorar em segundos&#8221;"},"content":{"rendered":"<p>&#8220;Fico todo partido com coisas destas&#8221;, come\u00e7ou por escrever <a href=\"https:\/\/selfie.iol.pt\/famosos\/pedro-chagas-freitas\/tem-36-anos-e-disse-que-o-seu-sonho-era-poder-comer-ovos-mexidos-com-salsichas-e-batatas-fritas\/20251014\/68ee75eed34ee0c2fed13fb3\" target=\"_blank\" rel=\"nofollow noopener\">Pedro Chagas Freitas<\/a>, referindo-se \u00e0 not\u00edcia de uma crian\u00e7a de seis anos que festejou sozinha o anivers\u00e1rio ap\u00f3s os 32 colegas terem faltado \u00e0 celebra\u00e7\u00e3o.<\/p>\n<p>&#8220;A solid\u00e3o de uma crian\u00e7a faz-me chorar em segundos: h\u00e1 um aperto que n\u00e3o consigo controlar. Imaginar uma crian\u00e7a sem amigos, perdida num recreio, perdida numa sala de aula, perdida numa casa onde n\u00e3o a amam, leva-me para o territ\u00f3rio do insuport\u00e1vel&#8221;, confidenciou o escritor.<\/p>\n<p>&#8220;O maior direito da crian\u00e7a \u00e9 ser amada. Profundamente amada. Esta hist\u00f3ria, que j\u00e1 tem alguns anos mas que me apareceu hoje \u00e0 frente, fez-me olhar para isso, fez-me sentir isso. Senti o dever de escrever sobre isso. Pode ser que alguns dos que lerem este texto procurem olhar \u00e0 volta, para quem amam, e oferecer um abra\u00e7o, uma companhia, um &#8216;estou aqui&#8217;, um &#8216;n\u00e3o est\u00e1s s\u00f3&#8217;, um &#8216;\u00e9s necess\u00e1rio&#8217;, um &#8216;precisamos muito de ti&#8217;, um &#8216;n\u00e3o \u00e9s um falhado&#8217;, um &#8216;n\u00e3o tenhas problema em chorar&#8217;, um &#8216;podes estar triste mas n\u00e3o desistas&#8217;. Ofere\u00e7am isso. Estejam l\u00e1. Aguentem-se junto a quem amam, ajudem quem amam a aguentar-se. A vida \u00e0s vezes \u00e9 uma prova de resist\u00eancia muito dura para ser suportada sozinha. Olhem-se uns aos outros: pode muito bem ser este o grande mantra da salva\u00e7\u00e3o. Pratiquem-no, por favor&#8221;, rematou <a href=\"https:\/\/selfie.iol.pt\/famosos\/pedro-chagas-freitas\/pedro-chagas-freitas-confessa-ontem-chorei-muito\/20251008\/68e667a2d34ee0c2fed1029f\" target=\"_blank\" rel=\"nofollow noopener\">Pedro Chagas Freitas<\/a> que recebeu muitas mensagens de seguidores a relatar j\u00e1 terem passado por situa\u00e7\u00f5es semelhantes.<\/p>\n<blockquote class=\"instagram-media\" data-instgrm-captioned=\"\" data-instgrm-permalink=\"https:\/\/www.instagram.com\/p\/DPvzWHbjnjW\/?utm_source=ig_embed&amp;utm_campaign=loading\" data-instgrm-version=\"14\" style=\" background:#FFF; border:0; border-radius:3px; box-shadow:0 0 1px 0 rgba(0,0,0,0.5),0 1px 10px 0 rgba(0,0,0,0.15); margin: 1px; max-width:540px; min-width:326px; padding:0; width:99.375%; width:-webkit-calc(100% - 2px); width:calc(100% - 2px);\">\n<\/blockquote>\n<p>                        <script async src=\"\/\/www.instagram.com\/embed.js\"><\/script><\/p>\n","protected":false},"excerpt":{"rendered":"&#8220;Fico todo partido com coisas destas&#8221;, come\u00e7ou por escrever Pedro Chagas Freitas, referindo-se \u00e0 not\u00edcia de uma crian\u00e7a&hellip;\n","protected":false},"author":2,"featured_media":111364,"comment_status":"","ping_status":"","sticky":false,"template":"","format":"standard","meta":{"footnotes":""},"categories":[145],"tags":[996,211,210,950,114,115,980,6831,1015,619,8273,32,33,1012],"class_list":{"0":"post-111363","1":"post","2":"type-post","3":"status-publish","4":"format-standard","5":"has-post-thumbnail","7":"category-celebridades","8":"tag-aniversario","9":"tag-celebridades","10":"tag-celebrities","11":"tag-crianca","12":"tag-entertainment","13":"tag-entretenimento","14":"tag-famosos","15":"tag-festa","16":"tag-instagram","17":"tag-nacional","18":"tag-pedro-chagas-freitas","19":"tag-portugal","20":"tag-pt","21":"tag-selfie"},"share_on_mastodon":{"url":"","error":""},"_links":{"self":[{"href":"https:\/\/www.europesays.com\/pt\/wp-json\/wp\/v2\/posts\/111363","targetHints":{"allow":["GET"]}}],"collection":[{"href":"https:\/\/www.europesays.com\/pt\/wp-json\/wp\/v2\/posts"}],"about":[{"href":"https:\/\/www.europesays.com\/pt\/wp-json\/wp\/v2\/types\/post"}],"author":[{"embeddable":true,"href":"https:\/\/www.europesays.com\/pt\/wp-json\/wp\/v2\/users\/2"}],"replies":[{"embeddable":true,"href":"https:\/\/www.europesays.com\/pt\/wp-json\/wp\/v2\/comments?post=111363"}],"version-history":[{"count":0,"href":"https:\/\/www.europesays.com\/pt\/wp-json\/wp\/v2\/posts\/111363\/revisions"}],"wp:featuredmedia":[{"embeddable":true,"href":"https:\/\/www.europesays.com\/pt\/wp-json\/wp\/v2\/media\/111364"}],"wp:attachment":[{"href":"https:\/\/www.europesays.com\/pt\/wp-json\/wp\/v2\/media?parent=111363"}],"wp:term":[{"taxonomy":"category","embeddable":true,"href":"https:\/\/www.europesays.com\/pt\/wp-json\/wp\/v2\/categories?post=111363"},{"taxonomy":"post_tag","embeddable":true,"href":"https:\/\/www.europesays.com\/pt\/wp-json\/wp\/v2\/tags?post=111363"}],"curies":[{"name":"wp","href":"https:\/\/api.w.org\/{rel}","templated":true}]}}