{"id":111369,"date":"2025-10-15T04:50:21","date_gmt":"2025-10-15T04:50:21","guid":{"rendered":"https:\/\/www.europesays.com\/pt\/111369\/"},"modified":"2025-10-15T04:50:21","modified_gmt":"2025-10-15T04:50:21","slug":"paises-baixos-querem-que-cada-invasao-do-espaco-aereo-da-nato-custe-100-milhoes-de-euros-de-ativos-congelados-russos-a-dar-a-ucrania","status":"publish","type":"post","link":"https:\/\/www.europesays.com\/pt\/111369\/","title":{"rendered":"Pa\u00edses Baixos querem que cada invas\u00e3o do espa\u00e7o a\u00e9reo da NATO custe 100 milh\u00f5es de euros de ativos congelados russos (a dar \u00e0 Ucr\u00e2nia)"},"content":{"rendered":"<p>\t                Ministro da Defesa neerland\u00eas tem uma &#8220;forma criativa&#8221; de travar drones russos no espa\u00e7o da NATO<\/p>\n<p>O ministro neerland\u00eas da Defesa, Ruben Brekelmans, tem uma &#8220;forma criativa&#8221; para travar as crescentes incurs\u00f5es russas em territ\u00f3rio da NATO. Por cada incurs\u00e3o dos ca\u00e7as russos no espa\u00e7o a\u00e9reo aliado, por cada drone que sobrevoe aeroportos e por cada interfer\u00eancia no territ\u00f3rio da NATO, os membros da alian\u00e7a deviam enviar 100 milh\u00f5es de euros dos fundos congelados russos para ajudar a Ucr\u00e2nia a resistir.<\/p>\n<p>&#8220;(Vladimir Putin) sabe que est\u00e1 a criar agita\u00e7\u00e3o, o que \u00e9 positivo para ele, n\u00e3o h\u00e1 desvantagem nem inconveniente para ele&#8221;, afirmou Brekelmans, numa entrevista ao Kyiv Independent.<\/p>\n<p>Para criar um dilema estrat\u00e9gico ao l\u00edder russo, o ministro sugeriu que &#8220;por cada incurs\u00e3o de um drone&#8221; que entre no &#8220;espa\u00e7o a\u00e9reo da NATO&#8221;, que &#8220;d\u00e9ssemos cem milh\u00f5es de euros de apoio \u00e0 Ucr\u00e2nia para que possa ripostar&#8221;. E isso inclui &#8220;encontrar formas criativas de utilizar os ativos congelados para apoio militar&#8221; para o ex\u00e9rcito ucraniano.\u00a0<\/p>\n<p>O ministro falou tamb\u00e9m do projeto de defesa da Uni\u00e3o Europeia, que est\u00e1 a ficar conhecido como o &#8220;muro de drones&#8221;, e visa defender o espa\u00e7o a\u00e9reo dos pa\u00edses europeus contra novas incurs\u00f5es de ve\u00edculos a\u00e9reos n\u00e3o-tripulados russos. Apesar de concordar com a necessidade de proteger o flanco leste, o ministro n\u00e3o apoia a ideia proposta pela Comiss\u00e3o Europeia, que passa pela liga\u00e7\u00e3o de uma rede de radares e sensores ac\u00fasticos um pouco por todo o continente.\u00a0<\/p>\n<p>Para Brekelmans, esta coordena\u00e7\u00e3o deve ser feita pela NATO, que \u00e9 a alian\u00e7a militar respons\u00e1vel pela defesa do territ\u00f3rio europeu. O ministro defende que para contrariar a capacidade russa de combater contra a Ucr\u00e2nia, os pa\u00edses da alian\u00e7a devem concentrar-se em privar os russos de aceder aos fundos e \u00e0s ferramentas do Kremlin para o fazer, &#8220;aumentando a press\u00e3o&#8221; contra a R\u00fassia.\u00a0<\/p>\n<p>&#8220;Precisamos de mais san\u00e7\u00f5es de uma forma coordenada entre n\u00f3s e v\u00f3s. Al\u00e9m disso, as receitas do petr\u00f3leo e do g\u00e1s devem ser inclu\u00eddas, porque essas receitas ainda s\u00e3o demasiado elevadas. E mais san\u00e7\u00f5es para as empresas que est\u00e3o a contornar as san\u00e7\u00f5es&#8221;, explica.<\/p>\n","protected":false},"excerpt":{"rendered":"Ministro da Defesa neerland\u00eas tem uma &#8220;forma criativa&#8221; de travar drones russos no espa\u00e7o da NATO O ministro&hellip;\n","protected":false},"author":2,"featured_media":111370,"comment_status":"","ping_status":"","sticky":false,"template":"","format":"standard","meta":{"footnotes":""},"categories":[50],"tags":[609,836,611,27,28,607,608,333,832,604,135,610,837,476,15,16,301,830,14,603,25,26,570,21,22,831,833,26368,62,834,12,13,19,20,835,602,52,32,23,24,26369,839,17,18,840,29,30,31,63,64,65],"class_list":{"0":"post-111369","1":"post","2":"type-post","3":"status-publish","4":"format-standard","5":"has-post-thumbnail","7":"category-mundo","8":"tag-alerta","9":"tag-analise","10":"tag-ao-minuto","11":"tag-breaking-news","12":"tag-breakingnews","13":"tag-cnn","14":"tag-cnn-portugal","15":"tag-comentadores","16":"tag-costa","17":"tag-crime","18":"tag-desporto","19":"tag-direto","20":"tag-drones","21":"tag-economia","22":"tag-featured-news","23":"tag-featurednews","24":"tag-governo","25":"tag-guerra","26":"tag-headlines","27":"tag-justica","28":"tag-latest-news","29":"tag-latestnews","30":"tag-live","31":"tag-main-news","32":"tag-mainnews","33":"tag-mais-vistas","34":"tag-marcelo","35":"tag-ministro-da-defesa","36":"tag-mundo","37":"tag-negocios","38":"tag-news","39":"tag-noticias","40":"tag-noticias-principais","41":"tag-noticiasprincipais","42":"tag-opiniao","43":"tag-pais","44":"tag-politica","45":"tag-portugal","46":"tag-principais-noticias","47":"tag-principaisnoticias","48":"tag-ruben-brekelmans","49":"tag-russia","50":"tag-top-stories","51":"tag-topstories","52":"tag-ucrania","53":"tag-ultimas","54":"tag-ultimas-noticias","55":"tag-ultimasnoticias","56":"tag-world","57":"tag-world-news","58":"tag-worldnews"},"share_on_mastodon":{"url":"","error":""},"_links":{"self":[{"href":"https:\/\/www.europesays.com\/pt\/wp-json\/wp\/v2\/posts\/111369","targetHints":{"allow":["GET"]}}],"collection":[{"href":"https:\/\/www.europesays.com\/pt\/wp-json\/wp\/v2\/posts"}],"about":[{"href":"https:\/\/www.europesays.com\/pt\/wp-json\/wp\/v2\/types\/post"}],"author":[{"embeddable":true,"href":"https:\/\/www.europesays.com\/pt\/wp-json\/wp\/v2\/users\/2"}],"replies":[{"embeddable":true,"href":"https:\/\/www.europesays.com\/pt\/wp-json\/wp\/v2\/comments?post=111369"}],"version-history":[{"count":0,"href":"https:\/\/www.europesays.com\/pt\/wp-json\/wp\/v2\/posts\/111369\/revisions"}],"wp:featuredmedia":[{"embeddable":true,"href":"https:\/\/www.europesays.com\/pt\/wp-json\/wp\/v2\/media\/111370"}],"wp:attachment":[{"href":"https:\/\/www.europesays.com\/pt\/wp-json\/wp\/v2\/media?parent=111369"}],"wp:term":[{"taxonomy":"category","embeddable":true,"href":"https:\/\/www.europesays.com\/pt\/wp-json\/wp\/v2\/categories?post=111369"},{"taxonomy":"post_tag","embeddable":true,"href":"https:\/\/www.europesays.com\/pt\/wp-json\/wp\/v2\/tags?post=111369"}],"curies":[{"name":"wp","href":"https:\/\/api.w.org\/{rel}","templated":true}]}}