{"id":111375,"date":"2025-10-15T04:57:09","date_gmt":"2025-10-15T04:57:09","guid":{"rendered":"https:\/\/www.europesays.com\/pt\/111375\/"},"modified":"2025-10-15T04:57:09","modified_gmt":"2025-10-15T04:57:09","slug":"a-curiosa-homenagem-que-bill-ward-fara-a-ozzy-osbourne-neste-domingo-19","status":"publish","type":"post","link":"https:\/\/www.europesays.com\/pt\/111375\/","title":{"rendered":"A curiosa homenagem que Bill Ward far\u00e1 a Ozzy Osbourne neste domingo (19)"},"content":{"rendered":"\n<p><strong><a href=\"https:\/\/igormiranda.com.br\/tag\/ozzy-osbourne\/\" target=\"_blank\" rel=\"noreferrer noopener nofollow\">Ozzy Osbourne<\/a><\/strong> nos deixou h\u00e1 quase 3 meses e as homenagens ainda est\u00e3o acontecendo. A pr\u00f3xima vir\u00e1 de perto, por parte de <strong><a href=\"https:\/\/igormiranda.com.br\/tag\/bill-ward\/\" target=\"_blank\" rel=\"noreferrer noopener nofollow\">Bill Ward<\/a><\/strong>.<\/p>\n<p>O baterista confirmou que far\u00e1 um programa de r\u00e1dio no pr\u00f3ximo domingo, 19 de outubro, tocando apenas m\u00fasicas do <strong><a href=\"https:\/\/igormiranda.com.br\/tag\/black-sabbath\/\" target=\"_blank\" rel=\"noreferrer noopener nofollow\">Black Sabbath<\/a><\/strong>.<\/p>\n<p>&#8211; Advertisement &#8211;<\/p>\n<p>Segundo o <a href=\"https:\/\/bravewords.com\/news\/bill-ward-to-honour-ozzy-osbourne-and-play-nothing-but-black-sabbath-music-on-next-sundays-radio-show\/\" target=\"_blank\" rel=\"noreferrer noopener nofollow\">Brave Words<\/a>, o integrante original do Sabbath est\u00e1 retomando seu programa de r\u00e1dio na <strong>99.1KLBP-FM<\/strong>, de Long Beach, Calif\u00f3rnia. Neste primeiro especial, Ward estar\u00e1 acompanhado de <strong>Mike Stark<\/strong> na apresenta\u00e7\u00e3o.<\/p>\n<p>Quando Ozzy morreu, em 22 de julho, Bill publicou em suas <a href=\"https:\/\/web.facebook.com\/billwarddrummer\/posts\/1287584822717786?ref=embed_post\" target=\"_blank\" rel=\"noreferrer noopener nofollow\">redes sociais<\/a> uma das mensagens mais emocionantes relacionadas ao vocalista. O baterista deu os p\u00easames a <strong>Sharon Osbourne<\/strong> e fam\u00edlia e declarou que n\u00e3o se tratava de um \u201cadeus\u201d:<\/p>\n<p>\u201cOnde te encontrarei agora? Nas lembran\u00e7as, nos nossos abra\u00e7os silenciosos, nas nossas liga\u00e7\u00f5es perdidas? N\u00e3o, voc\u00ea est\u00e1 para sempre no meu cora\u00e7\u00e3o. Meus mais profundos p\u00easames a Sharon e a todos os familiares. Descanse em paz. Sinceros p\u00easames a todos os f\u00e3s. Nunca um \u2018adeus\u2019. Obrigado para sempre. Bill Ward.\u201d<\/p>\n<p> A morte de Ozzy Osbourne <\/p>\n<p id=\"block-f53eb4c4-da4d-48ba-885b-7ae67982882a\">Ozzy Osbourne, um dos maiores nomes da hist\u00f3ria do heavy metal, morreu aos 76 anos, no dia 22 de julho. Seu atestado de \u00f3bito lista \u201cinfarto agudo do mioc\u00e1rdio\u201d e \u201cparada card\u00edaca fora do hospital\u201d como raz\u00f5es para o falecimento. O documento tamb\u00e9m coloca doen\u00e7a arterial coronariana e Parkinson com disfun\u00e7\u00e3o auton\u00f4mica como \u201ccausas conjuntas\u201d.<\/p>\n<p id=\"block-4b74d134-b674-4502-b82b-df9493d41576\">Osbourne foi sepultado \u00e0s margens do lago em sua casa em Buckinghamshire em 31 de julho. Um dia antes, um cortejo pelas ruas de Birmingham, sua cidade natal na Inglaterra, foi realizado. Milhares de pessoas estiveram nas ruas para se despedir dele.<\/p>\n<p id=\"block-9b06e43c-74bc-430c-82d1-c62d14b59467\">Em comunicado enviado \u00e0 imprensa, a fam\u00edlia do artista declarou:<\/p>\n<p id=\"block-3403c2dd-962e-429d-8a9d-e4d48f7caaf5\">\u201c\u00c9 com mais tristeza do que palavras podem expressar que temos que informar que nosso querido Ozzy Osbourne faleceu esta manh\u00e3. Ele estava com sua fam\u00edlia e cercado de amor. Pedimos a todos que respeitem a privacidade da nossa fam\u00edlia neste momento.\u201d<\/p>\n<p><strong>Clique<\/strong> para seguir IgorMiranda.com.br no: <a href=\"https:\/\/instagram.com\/igormirandasite\" target=\"_blank\" rel=\"noreferrer noopener nofollow\">Instagram<\/a> | <a href=\"https:\/\/bsky.app\/profile\/igormirandasite.bsky.social\" target=\"_blank\" rel=\"noreferrer noopener nofollow\">Bluesky<\/a> | <a href=\"https:\/\/twitter.com\/igormirandasite\" target=\"_blank\" rel=\"noreferrer noopener nofollow\">Twitter<\/a> | <a href=\"https:\/\/tiktok.com\/@igormirandasite\" target=\"_blank\" rel=\"noreferrer noopener nofollow\">TikTok<\/a> | <a href=\"https:\/\/facebook.com\/igormirandasite\" target=\"_blank\" rel=\"noreferrer noopener nofollow\">Facebook<\/a> | <a href=\"https:\/\/www.youtube.com\/igormirandasite\" target=\"_blank\" rel=\"noreferrer noopener nofollow\">YouTube<\/a> | <a href=\"https:\/\/www.threads.net\/@igormirandasite\" target=\"_blank\" rel=\"noreferrer noopener nofollow\">Threads<\/a>.<\/p>\n<p> <script async src=\"https:\/\/platform.twitter.com\/widgets.js\" charset=\"utf-8\"><\/script><script async src=\"\/\/www.instagram.com\/embed.js\"><\/script><script async src=\"\/\/www.tiktok.com\/embed.js\"><\/script><\/p>\n","protected":false},"excerpt":{"rendered":"Ozzy Osbourne nos deixou h\u00e1 quase 3 meses e as homenagens ainda est\u00e3o acontecendo. A pr\u00f3xima vir\u00e1 de&hellip;\n","protected":false},"author":2,"featured_media":111376,"comment_status":"","ping_status":"","sticky":false,"template":"","format":"standard","meta":{"footnotes":""},"categories":[141],"tags":[26372,240,114,115,149,150,238,32,33],"class_list":{"0":"post-111375","1":"post","2":"type-post","3":"status-publish","4":"format-standard","5":"has-post-thumbnail","7":"category-musica","8":"tag-bill-ward","9":"tag-black-sabbath","10":"tag-entertainment","11":"tag-entretenimento","12":"tag-music","13":"tag-musica","14":"tag-ozzy-osbourne","15":"tag-portugal","16":"tag-pt"},"share_on_mastodon":{"url":"","error":""},"_links":{"self":[{"href":"https:\/\/www.europesays.com\/pt\/wp-json\/wp\/v2\/posts\/111375","targetHints":{"allow":["GET"]}}],"collection":[{"href":"https:\/\/www.europesays.com\/pt\/wp-json\/wp\/v2\/posts"}],"about":[{"href":"https:\/\/www.europesays.com\/pt\/wp-json\/wp\/v2\/types\/post"}],"author":[{"embeddable":true,"href":"https:\/\/www.europesays.com\/pt\/wp-json\/wp\/v2\/users\/2"}],"replies":[{"embeddable":true,"href":"https:\/\/www.europesays.com\/pt\/wp-json\/wp\/v2\/comments?post=111375"}],"version-history":[{"count":0,"href":"https:\/\/www.europesays.com\/pt\/wp-json\/wp\/v2\/posts\/111375\/revisions"}],"wp:featuredmedia":[{"embeddable":true,"href":"https:\/\/www.europesays.com\/pt\/wp-json\/wp\/v2\/media\/111376"}],"wp:attachment":[{"href":"https:\/\/www.europesays.com\/pt\/wp-json\/wp\/v2\/media?parent=111375"}],"wp:term":[{"taxonomy":"category","embeddable":true,"href":"https:\/\/www.europesays.com\/pt\/wp-json\/wp\/v2\/categories?post=111375"},{"taxonomy":"post_tag","embeddable":true,"href":"https:\/\/www.europesays.com\/pt\/wp-json\/wp\/v2\/tags?post=111375"}],"curies":[{"name":"wp","href":"https:\/\/api.w.org\/{rel}","templated":true}]}}