{"id":111378,"date":"2025-10-15T05:07:13","date_gmt":"2025-10-15T05:07:13","guid":{"rendered":"https:\/\/www.europesays.com\/pt\/111378\/"},"modified":"2025-10-15T05:07:13","modified_gmt":"2025-10-15T05:07:13","slug":"integrante-do-perrengue-na-band-e-internado-as-pressas-passa-por-cirurgia-e-sofre-3-avcs","status":"publish","type":"post","link":"https:\/\/www.europesays.com\/pt\/111378\/","title":{"rendered":"Integrante do Perrengue na Band \u00e9 internado \u00e0s pressas, passa por cirurgia e sofre 3 AVCs"},"content":{"rendered":"<p>Apresentador do Perrengue na Band, Angelo Campos recorreu \u00e0s redes sociais para detalhar o susto que viveu nas \u00faltimas semanas. O comediante passou por uma cirurgia card\u00edaca delicada e\u00a0sofreu 3 AVCs\u00a0(Acidente Vascular Cerebral) durante o procedimento cir\u00fargico.<\/p>\n<p>&#8220;Hoje est\u00e1 completando um m\u00eas que precisei dar um restart em mim, no meu cora\u00e7\u00e3o, na minha vida. H\u00e1 um m\u00eas, senti uma dor muito, muito forte no peito e at\u00e9 pensei que era um infarto e fui correndo para o hospital&#8221;, contou o humorista.<\/p>\n<p>+ <a href=\"https:\/\/natelinha.uol.com.br\/televisao\/2025\/10\/14\/lucas-leto-surpreende-ao-revelar-origem-do-sobrenome-acabou-comigo-232631.php\" rel=\"nofollow noopener\" target=\"_blank\">Lucas Leto surpreende ao revelar origem do sobrenome: &#8220;Acabou comigo&#8221;<\/a><\/p>\n<p>continua depois da publicidade<\/p>\n<p>+ <a href=\"https:\/\/natelinha.uol.com.br\/televisao\/2025\/10\/14\/craque-neto-surta-ao-vivo-e-ataca-william-bonner-na-band-nunca-foi-na-zona-232627.php\" rel=\"nofollow noopener\" target=\"_blank\">Craque Neto surta ao vivo e ataca William Bonner na Band: &#8220;Nunca foi na zona&#8221;<\/a><\/p>\n<p>&#8220;Descobri que tive uma s\u00edndrome a\u00f3rtica aguda, que nada mais \u00e9 que sua aorta rasgar, voc\u00ea ficar a mil\u00edmetros de ter uma hemorragia e partir dessa para melhor&#8221;,\u00a0explicou o contratado da <a href=\"https:\/\/natelinha.uol.com.br\/televisao\/emissoras\/band\" rel=\"nofollow noopener\" target=\"_blank\">Band<\/a>.<\/p>\n<p>&#8220;Precisei passar por uma cirurgia complexa, de 12 horas. Nessa cirurgia, teve que parar meu rim, tive que fazer hemodi\u00e1lise e tive tamb\u00e9m 3 AVCs. Meu lado esquerdo ficou todo paralisado&#8221;, afirmou\u00a0<strong>Angelo Campos<\/strong>.<\/p>\n<p>Humorista do Perrengue na Band detalha problema de sa\u00fade<\/p>\n<p><img decoding=\"async\" loading=\"lazy\" class=\"horizontal\" src=\"https:\/\/www.europesays.com\/pt\/wp-content\/uploads\/2025\/10\/angelo-campos_4422.jpeg\" alt=\"Integrante do Perrengue na Band \u00e9 internado \u00e0s pressas, passa por cirurgia e sofre 3 AVCs\"\/><\/p>\n<p>No v\u00eddeo, Angelo Campos revelou o problema de sa\u00fade que enfrentou. &#8220;Enfim, no geral, deu tudo certo. Essa parte, vamos dizer assim, foi para ser superada, mesmo. Agora, eu preciso passar por uma reabilita\u00e7\u00e3o da minha parte motora, tudo precisa voltar a funcionar, n\u00e9? Minha m\u00e3o, meu p\u00e9&#8221;, contou.<\/p>\n<p>continua depois da publicidade<\/p>\n<p>&#8220;Estou fazendo esse trabalho de reabilita\u00e7\u00e3o. E tamb\u00e9m fono, n\u00e9? Sei que estou falando meio devagar. Ent\u00e3o, isso tamb\u00e9m precisa voltar. Tudo isso com a terapia ocupacional, com a galera da fisioterapia&#8221;, comentou o integrante do <strong>Perrengue na Band<\/strong>.<\/p>\n<p>&#8220;Todo mundo me ajudando muito para que eu me recupere o mais r\u00e1pido. E isso \u00e9 fant\u00e1stico, n\u00e3o tenho palavras para agradecer. Logo, logo, est\u00e1 mais perto que longe, estou voltando&#8221;, concluiu Angelo.<\/p>\n<p>Confira:<\/p>\n<blockquote class=\"instagram-media\" data-instgrm-captioned=\"\" data-instgrm-version=\"7\" style=\"width:100%;\"><p>\n\t\t\t\t\t\t\t\t\t<a href=\"https:\/\/www.instagram.com\/p\/DPxQ-GMDGOW\/\" rel=\"nofollow noopener\" target=\"_blank\">\n\t\t\t\t\t\t\t\t<\/p><\/blockquote>\n<p>                    <script async src=\"\/\/www.instagram.com\/embed.js\"><\/script><\/p>\n","protected":false},"excerpt":{"rendered":"Apresentador do Perrengue na Band, Angelo Campos recorreu \u00e0s redes sociais para detalhar o susto que viveu nas&hellip;\n","protected":false},"author":2,"featured_media":111379,"comment_status":"","ping_status":"","sticky":false,"template":"","format":"standard","meta":{"footnotes":""},"categories":[145],"tags":[1391,211,210,114,115,3032,32,33],"class_list":{"0":"post-111378","1":"post","2":"type-post","3":"status-publish","4":"format-standard","5":"has-post-thumbnail","7":"category-celebridades","8":"tag-band","9":"tag-celebridades","10":"tag-celebrities","11":"tag-entertainment","12":"tag-entretenimento","13":"tag-perrengue","14":"tag-portugal","15":"tag-pt"},"share_on_mastodon":{"url":"","error":""},"_links":{"self":[{"href":"https:\/\/www.europesays.com\/pt\/wp-json\/wp\/v2\/posts\/111378","targetHints":{"allow":["GET"]}}],"collection":[{"href":"https:\/\/www.europesays.com\/pt\/wp-json\/wp\/v2\/posts"}],"about":[{"href":"https:\/\/www.europesays.com\/pt\/wp-json\/wp\/v2\/types\/post"}],"author":[{"embeddable":true,"href":"https:\/\/www.europesays.com\/pt\/wp-json\/wp\/v2\/users\/2"}],"replies":[{"embeddable":true,"href":"https:\/\/www.europesays.com\/pt\/wp-json\/wp\/v2\/comments?post=111378"}],"version-history":[{"count":0,"href":"https:\/\/www.europesays.com\/pt\/wp-json\/wp\/v2\/posts\/111378\/revisions"}],"wp:featuredmedia":[{"embeddable":true,"href":"https:\/\/www.europesays.com\/pt\/wp-json\/wp\/v2\/media\/111379"}],"wp:attachment":[{"href":"https:\/\/www.europesays.com\/pt\/wp-json\/wp\/v2\/media?parent=111378"}],"wp:term":[{"taxonomy":"category","embeddable":true,"href":"https:\/\/www.europesays.com\/pt\/wp-json\/wp\/v2\/categories?post=111378"},{"taxonomy":"post_tag","embeddable":true,"href":"https:\/\/www.europesays.com\/pt\/wp-json\/wp\/v2\/tags?post=111378"}],"curies":[{"name":"wp","href":"https:\/\/api.w.org\/{rel}","templated":true}]}}