{"id":111380,"date":"2025-10-15T05:10:17","date_gmt":"2025-10-15T05:10:17","guid":{"rendered":"https:\/\/www.europesays.com\/pt\/111380\/"},"modified":"2025-10-15T05:10:17","modified_gmt":"2025-10-15T05:10:17","slug":"casa-dos-segredos-apos-familia-de-dylan-desmentir-segredo-cristina-ferreira-deixa-recado-para-ja-vao-ver","status":"publish","type":"post","link":"https:\/\/www.europesays.com\/pt\/111380\/","title":{"rendered":"Casa dos Segredos &#8211; Ap\u00f3s fam\u00edlia de Dylan desmentir segredo, Cristina Ferreira deixa recado: \u201cPara j\u00e1, v\u00e3o ver&#8230;\u201d"},"content":{"rendered":"<p>Na \u00faltima gala de domingo da <strong>Casa dos Segredos<\/strong>, dia 12 de outubro, foi revelado a quem pertence o segredo <strong>\u201cos meus pais s\u00e3o milion\u00e1rios\u201d<\/strong>. Debaixo da capa estava <strong>Dylan<\/strong>, que acabou por falar sobre como os progenitores conseguiram toda a fortuna.<\/p>\n<p>Em est\u00fadio, a m\u00e3e do concorrente <a href=\"https:\/\/www.novagente.pt\/casa-dos-segredos-hora-da-verdade-dylan-abre-jogo-sobre-segredo-que-surpreendeu-propria-mae\" rel=\"nofollow noopener\" target=\"_blank\">mostrou-se surpreendida com a frase<\/a> e chegou mesmo a desmentir em direto o facto de terem sido descritos como milion\u00e1rios.<\/p>\n<p>Esta ter\u00e7a-feira, 14 de outubro, no programa <strong>Dois \u00e0s 10<\/strong>, <strong>Cristina Ferreira<\/strong> decidiu esclarecer este assunto, ap\u00f3s a produ\u00e7\u00e3o ter sido criticada por mentir sobre um segredo.<\/p>\n<p><strong>\u201cA m\u00e3e compreende-se que n\u00e3o queira dizer\u2026 As pessoas \u00e9 logo \u2018claro que o segredo \u00e9 mentira\u2019\u201d<\/strong>, come\u00e7ou por dizer.<\/p>\n<blockquote>\n<p><strong>Leia tamb\u00e9m: Casa dos Segredos &#8211;<\/strong><a href=\"https:\/\/www.novagente.pt\/casa-dos-segredos-lidia-revela-como-conheceu-dylan-fora-do-programa-mae-dele\" rel=\"nofollow noopener\" target=\"_blank\"> L\u00eddia revela como conheceu Dylan fora do programa: &#8220;A m\u00e3e dele&#8230;&#8221;<\/a><\/p>\n<\/blockquote>\n<p><strong>\u201cPara j\u00e1, v\u00e3o ver a defini\u00e7\u00e3o de milion\u00e1rio para perceber o que \u00e9. E depois, \u00e9 \u00f3bvio, se o meu filho viesse para a rua dizer \u2018a minha m\u00e3e \u00e9 milion\u00e1ria\u2019, eu tamb\u00e9m n\u00e3o achava gra\u00e7a nenhuma\u201d<\/strong>, retorquiu e acrescentou: <strong>\u201cAinda para mais \u00e9 uma vida de trabalho\u201d<\/strong>.<\/p>\n<p>Por fim, lan\u00e7a uma \u00faltima \u2018farpa\u2019: <strong>\u201cComo devem calcular, as coisas est\u00e3o mais do que confirmadas, n\u00e3o \u00e9?\u201d<\/strong>.<\/p>\n<p>Texto: Carolina Charrua; Fotos: Redes sociais e Impala<\/p>\n<p class=\"intagram-text\">Siga a Nova Gente no Instagram<\/p>\n<p>                        <a href=\"https:\/\/www.instagram.com\/revistanovagente\/\" target=\"_blank\" aria-label=\"instagram\" rel=\"noopener nofollow\"><img decoding=\"async\" style=\"display: block; margin-left: auto; margin-right: auto; width: 250px; height: 83px;\" src=\"https:\/\/www.europesays.com\/pt\/wp-content\/uploads\/2025\/10\/Instagram_NG.png\" alt=\"instagram\"\/><\/a><br \/>\n                    <script async src=\"\/\/www.instagram.com\/embed.js\"><\/script><\/p>\n","protected":false},"excerpt":{"rendered":"Na \u00faltima gala de domingo da Casa dos Segredos, dia 12 de outubro, foi revelado a quem pertence&hellip;\n","protected":false},"author":2,"featured_media":111381,"comment_status":"","ping_status":"","sticky":false,"template":"","format":"standard","meta":{"footnotes":""},"categories":[142],"tags":[2632,166,19105,114,115,32,33,1315,7958,151,162],"class_list":{"0":"post-111380","1":"post","2":"type-post","3":"status-publish","4":"format-standard","5":"has-post-thumbnail","7":"category-tv","8":"tag-casa-dos-segredos","9":"tag-cristina-ferreira","10":"tag-dylan","11":"tag-entertainment","12":"tag-entretenimento","13":"tag-portugal","14":"tag-pt","15":"tag-secret-story","16":"tag-segredo","17":"tag-tv","18":"tag-tvi"},"share_on_mastodon":{"url":"","error":""},"_links":{"self":[{"href":"https:\/\/www.europesays.com\/pt\/wp-json\/wp\/v2\/posts\/111380","targetHints":{"allow":["GET"]}}],"collection":[{"href":"https:\/\/www.europesays.com\/pt\/wp-json\/wp\/v2\/posts"}],"about":[{"href":"https:\/\/www.europesays.com\/pt\/wp-json\/wp\/v2\/types\/post"}],"author":[{"embeddable":true,"href":"https:\/\/www.europesays.com\/pt\/wp-json\/wp\/v2\/users\/2"}],"replies":[{"embeddable":true,"href":"https:\/\/www.europesays.com\/pt\/wp-json\/wp\/v2\/comments?post=111380"}],"version-history":[{"count":0,"href":"https:\/\/www.europesays.com\/pt\/wp-json\/wp\/v2\/posts\/111380\/revisions"}],"wp:featuredmedia":[{"embeddable":true,"href":"https:\/\/www.europesays.com\/pt\/wp-json\/wp\/v2\/media\/111381"}],"wp:attachment":[{"href":"https:\/\/www.europesays.com\/pt\/wp-json\/wp\/v2\/media?parent=111380"}],"wp:term":[{"taxonomy":"category","embeddable":true,"href":"https:\/\/www.europesays.com\/pt\/wp-json\/wp\/v2\/categories?post=111380"},{"taxonomy":"post_tag","embeddable":true,"href":"https:\/\/www.europesays.com\/pt\/wp-json\/wp\/v2\/tags?post=111380"}],"curies":[{"name":"wp","href":"https:\/\/api.w.org\/{rel}","templated":true}]}}