{"id":111382,"date":"2025-10-15T05:21:12","date_gmt":"2025-10-15T05:21:12","guid":{"rendered":"https:\/\/www.europesays.com\/pt\/111382\/"},"modified":"2025-10-15T05:21:12","modified_gmt":"2025-10-15T05:21:12","slug":"renata-muller-presenteia-adriane-galisteu-com-peca-customizada-adorei-record","status":"publish","type":"post","link":"https:\/\/www.europesays.com\/pt\/111382\/","title":{"rendered":"Renata M\u00fcller presenteia Adriane Galisteu com pe\u00e7a customizada: \u2018Adorei!\u2019 \u2013 Record"},"content":{"rendered":"<p><img decoding=\"async\" data-chromatic=\"ignore\" alt=\"\" class=\"c-image\" loading=\"lazy\" src=\"https:\/\/www.europesays.com\/pt\/wp-content\/uploads\/2025\/10\/NGZ2RZTXANCRZNDL4HKI5MFONM.png\"  width=\"2116\" height=\"1153\"\/>Galisteu ficou encantada com o presente de Renata Reprodu\u00e7\u00e3o\/Instagram <\/p>\n<p class=\"jarvics:base-text-neutral-high-400 base-text-[calc(theme(fontSize.xs)_*_var(--font-size,_1))] base-font-normal base-font-primary base-text-neutral-low-500 base-text-left\">Adriane Galisteu mostrou um recebidinho diferente nas redes sociais! Durante a segunda Ro\u00e7a de <a href=\"https:\/\/record.r7.com\/a-fazenda\/a-fazenda-17\/\" target=\"_self\" rel=\"nofollow noopener\" title=\"https:\/\/record.r7.com\/a-fazenda\/a-fazenda-17\/\"><b>A Fazenda<\/b><\/a>, quando <a href=\"https:\/\/record.r7.com\/a-fazenda\/a-fazenda-17\/peoes\/renata-muller\" target=\"_self\" title=\"Renata M&#xFC;ller\" rel=\"nofollow noopener\"><b>Renata M\u00fcller<\/b><\/a> foi eliminada, a apresentadora elogiou a jaqueta da influenciadora. Alguns dias depois, a ex-peoa fez uma surpresa!<\/p>\n<ul class=\"b-article-body__list-unordered\">\n<li><b>Quer ficar por dentro de tudo que est\u00e1 acontecendo em\u00a0<\/b><b>A Fazenda 17<\/b><b>?\u00a0<\/b><a href=\"https:\/\/www.whatsapp.com\/channel\/0029Va2cJIR1noz2ahzX0D1N\" rel=\"nofollow noopener\" title=\"https:\/\/www.whatsapp.com\/channel\/0029Va2cJIR1noz2ahzX0D1N\" target=\"_blank\"><b>Clique aqui<\/b><\/a><b>\u00a0e fa\u00e7a parte do nosso canal no WhatsApp!<\/b><\/li>\n<\/ul>\n<p class=\"jarvics:base-text-neutral-high-400 base-text-[calc(theme(fontSize.xs)_*_var(--font-size,_1))] base-font-normal base-font-primary base-text-neutral-low-500 base-text-left\">Galisteu apareceu nos stories mostrando o presente: \u201cGanhei da Renata, elogiei a jaqueta, que fofa! Vou fazer uma cabe\u00e7a com ela. R\u00ea, adorei! Obrigada, viu?\u201d<\/p>\n<p class=\"jarvics:base-text-neutral-high-400 base-text-[calc(theme(fontSize.xs)_*_var(--font-size,_1))] base-font-normal base-font-primary base-text-neutral-low-500 base-text-left\">A pe\u00e7a jeans tem pedrarias aplicadas em formato de franja, a cara dos looks da apresentadora! <\/p>\n<p><b>Relembre a jaqueta:<\/b><video controls=\"\" class=\"video-js\" preload=\"metadata\" poster=\"https:\/\/d22yf0mxeu0gma.cloudfront.net\/10-03-2025\/t_de197037f9e44427a6f614d395e58c00_name_file_960x540_1600_v4_.jpg\" title=\"Renata Muller &#xE9; a segunda eliminada de A Fazenda 17\" data-sprite-url=\"\" data-metadata=\"{&quot;title&quot;:&quot;Renata Muller &#xE9; a segunda eliminada de A Fazenda 17&quot;,&quot;sectionName&quot;:&quot;R7&quot;,&quot;mainSection&quot;:&quot;Fora do Cercado &quot;,&quot;subSection&quot;:&quot;&quot;,&quot;views&quot;:&quot;&quot;,&quot;disableAdv&quot;:&quot;false&quot;,&quot;createdDate&quot;:&quot;2025-10-03T03:32:18Z&quot;,&quot;mainSectionUrl&quot;:&quot;https:\/\/record.r7.com\/a-fazenda\/a-fazenda-17\/na-tv\/video\/renata-muller-e-a-segunda-eliminada-de-a-fazenda-17-03102025\/&quot;,&quot;sectionPath&quot;:&quot;https:\/\/record.r7.com\/a-fazenda\/a-fazenda-17\/na-tv&quot;,&quot;ageRating&quot;:&quot;&quot;,&quot;ageRatingDescription&quot;:&quot;&quot;,&quot;duration&quot;:157760,&quot;playerUrl&quot;:&quot;https:\/\/record.r7.com\/player\/76783773-b212-4365-8168-2076301c6226\/&quot;}\" data-player-params=\"{&quot;p&quot;:&quot;true&quot;,&quot;autoPlay&quot;:&quot;false&quot;,&quot;logo&quot;:&quot;true&quot;,&quot;playlistId&quot;:&quot;false&quot;,&quot;calhau&quot;:&quot;false&quot;,&quot;share&quot;:&quot;true&quot;,&quot;sz&quot;:&quot;false&quot;,&quot;full&quot;:&quot;true&quot;,&quot;customAdHash&quot;:&quot;\/7542\/recordtv\/home&quot;,&quot;referrerUrl&quot;:&quot;&quot;,&quot;externalLinks&quot;:&quot;true&quot;,&quot;debug&quot;:&quot;false&quot;,&quot;debugHash&quot;:&quot;false&quot;,&quot;debugRelated&quot;:&quot;false&quot;,&quot;timerRelated&quot;:&quot;true&quot;,&quot;logoRecord&quot;:&quot;false&quot;,&quot;contextModal&quot;:&quot;false&quot;,&quot;parentUrl&quot;:&quot;https:\/\/record.r7.com\/&quot;,&quot;t&quot;:&quot;0&quot;,&quot;noTitle&quot;:false,&quot;endBehavior&quot;:&quot;default&quot;}\" data-related-videos=\"[{&quot;title&quot;:&quot;Saory se preocupa com rea&#xE7;&#xE3;o de Matheus, e Dudu reage: 'E da&#xED;?' | A Fazenda 17&quot;,&quot;thumb&quot;:&quot;https:\/\/d22yf0mxeu0gma.cloudfront.net\/10-15-2025\/t_6a0e67e6caa840499381029c0b39197b_name_file_960x540_1600_v4_.jpg&quot;,&quot;url&quot;:&quot;https:\/\/record.r7.com\/a-fazenda\/a-fazenda-17\/24-horas\/video\/saory-se-preocupa-com-reacao-de-matheus-e-dudu-reage-e-dai-a-fazenda-17-15102025\/&quot;,&quot;embedUrl&quot;:&quot;https:\/\/record.r7.com\/player\/7b9a00fa-103e-4362-9458-b9632d822ca1\/&quot;},{&quot;title&quot;:&quot;Nizam e Fernando discutem ap&#xF3;s acusa&#xE7;&#xE3;o de combina&#xE7;&#xE3;o de votos  | A Fazenda 17&quot;,&quot;thumb&quot;:&quot;https:\/\/d22yf0mxeu0gma.cloudfront.net\/10-15-2025\/t_83241e36600c4c5dbc4638e3d8864979_name_file_960x540_1600_v4_.jpg&quot;,&quot;url&quot;:&quot;https:\/\/record.r7.com\/a-fazenda\/a-fazenda-17\/24-horas\/video\/nizam-e-fernando-discutem-apos-acusacao-de-combinacao-de-votos-a-fazenda-17-15102025\/&quot;,&quot;embedUrl&quot;:&quot;https:\/\/record.r7.com\/player\/bae6613e-9129-45e0-90d1-5ba907e00aa1\/&quot;},{&quot;title&quot;:&quot;Matheus veta Fernando da Prova do Fazendeiro e chora por ter sobrado no Resta Um | A Fazenda 17&quot;,&quot;thumb&quot;:&quot;https:\/\/d22yf0mxeu0gma.cloudfront.net\/10-15-2025\/t_bae426acfa5c4852a5c74761314e9f65_name_file_960x540_1600_v4_.jpg&quot;,&quot;url&quot;:&quot;https:\/\/record.r7.com\/a-fazenda\/a-fazenda-17\/na-tv\/video\/matheus-veta-fernando-da-prova-do-fazendeiro-e-chora-por-ter-sobrado-no-resta-um-a-fazenda-17-15102025\/&quot;,&quot;embedUrl&quot;:&quot;https:\/\/record.r7.com\/player\/2cb5d6ad-8724-43bf-9ca9-530a4c149749\/&quot;}]\" data-player-url=\"https:\/\/record.r7.com\/player\/76783773-b212-4365-8168-2076301c6226\/\" data-arc-video=\"\" data-arc-id=\"76783773-b212-4365-8168-2076301c6226\" data-short=\"false\" style=\"visibility:hidden\"><\/video><\/p>\n<p class=\"jarvics:base-text-neutral-high-400 base-text-[calc(theme(fontSize.xs)_*_var(--font-size,_1))] base-font-normal base-font-primary base-text-neutral-low-500 base-text-left\">Fique ligado! <a href=\"https:\/\/record.r7.com\/a-fazenda\/a-fazenda-17\/\" rel=\"nofollow noopener\" title=\"https:\/\/record.r7.com\/a-fazenda\/a-fazenda-17\/\" target=\"_blank\"><b>A Fazenda 17<\/b><\/a> vai ao ar de segunda a domingo, \u00e0s 22h30, na tela da <a href=\"https:\/\/record.r7.com\/\" rel=\"nofollow noopener\" target=\"_blank\"><b>RECORD<\/b><\/a>. Assine o <a href=\"https:\/\/www.recordplus.com\/home\" rel=\"nofollow noopener\" title=\"https:\/\/www.recordplus.com\/home\" target=\"_blank\"><b>RecordPlus<\/b><\/a> e tenha acesso \u00e0s c\u00e2meras 24 horas.<\/p>\n<p><b>Exposed de Michelle Barros e Shia, farinha na cara e confus\u00e3o! Pe\u00f5es incendeiam din\u00e2mica <\/b><\/p>\n<p class=\"jarvics:base-text-neutral-high-400 base-text-[calc(theme(fontSize.xxs)_*_var(--font-size,_1))] base-font-semibold base-font-primary base-text-neutral-low-500 base-text-left\">Farinha, gritaria e confus\u00e3o! Na din\u00e2mica desta semana, os pe\u00f5es precisavam apontar dois jogadores que eram &#8216;farinhas do mesmo saco&#8217; no jogo. Confira quais foram os principais apontamentos de cada pe\u00e3o <\/p>\n","protected":false},"excerpt":{"rendered":"Galisteu ficou encantada com o presente de Renata Reprodu\u00e7\u00e3o\/Instagram Adriane Galisteu mostrou um recebidinho diferente nas redes sociais!&hellip;\n","protected":false},"author":2,"featured_media":111383,"comment_status":"","ping_status":"","sticky":false,"template":"","format":"standard","meta":{"footnotes":""},"categories":[145],"tags":[657,3433,211,210,114,115,32,33,21258],"class_list":{"0":"post-111382","1":"post","2":"type-post","3":"status-publish","4":"format-standard","5":"has-post-thumbnail","7":"category-celebridades","8":"tag-a-fazenda","9":"tag-adriane-galisteu","10":"tag-celebridades","11":"tag-celebrities","12":"tag-entertainment","13":"tag-entretenimento","14":"tag-portugal","15":"tag-pt","16":"tag-renata-muller"},"share_on_mastodon":{"url":"","error":""},"_links":{"self":[{"href":"https:\/\/www.europesays.com\/pt\/wp-json\/wp\/v2\/posts\/111382","targetHints":{"allow":["GET"]}}],"collection":[{"href":"https:\/\/www.europesays.com\/pt\/wp-json\/wp\/v2\/posts"}],"about":[{"href":"https:\/\/www.europesays.com\/pt\/wp-json\/wp\/v2\/types\/post"}],"author":[{"embeddable":true,"href":"https:\/\/www.europesays.com\/pt\/wp-json\/wp\/v2\/users\/2"}],"replies":[{"embeddable":true,"href":"https:\/\/www.europesays.com\/pt\/wp-json\/wp\/v2\/comments?post=111382"}],"version-history":[{"count":0,"href":"https:\/\/www.europesays.com\/pt\/wp-json\/wp\/v2\/posts\/111382\/revisions"}],"wp:featuredmedia":[{"embeddable":true,"href":"https:\/\/www.europesays.com\/pt\/wp-json\/wp\/v2\/media\/111383"}],"wp:attachment":[{"href":"https:\/\/www.europesays.com\/pt\/wp-json\/wp\/v2\/media?parent=111382"}],"wp:term":[{"taxonomy":"category","embeddable":true,"href":"https:\/\/www.europesays.com\/pt\/wp-json\/wp\/v2\/categories?post=111382"},{"taxonomy":"post_tag","embeddable":true,"href":"https:\/\/www.europesays.com\/pt\/wp-json\/wp\/v2\/tags?post=111382"}],"curies":[{"name":"wp","href":"https:\/\/api.w.org\/{rel}","templated":true}]}}