{"id":111384,"date":"2025-10-15T05:24:14","date_gmt":"2025-10-15T05:24:14","guid":{"rendered":"https:\/\/www.europesays.com\/pt\/111384\/"},"modified":"2025-10-15T05:24:14","modified_gmt":"2025-10-15T05:24:14","slug":"bruno-savate-explode-estao-a-precisar-de-nocao-so-se-enterram","status":"publish","type":"post","link":"https:\/\/www.europesays.com\/pt\/111384\/","title":{"rendered":"Bruno Savate explode: &#8220;Est\u00e3o a precisar de no\u00e7\u00e3o. S\u00f3 se enterram&#8221;"},"content":{"rendered":"<p>A nona edi\u00e7\u00e3o de &#8220;<a href=\"https:\/\/tvi.iol.pt\/secretstory\/\" target=\"_blank\" rel=\"nofollow noopener\">Secret Story<\/a> &#8211; Casa dos Segredos&#8221; est\u00e1 a ser um verdadeiro sucesso, sendo acompanhada diariamente por milhares e milhares de telespectadores. Entre eles, est\u00e1 Bruno Savate.<\/p>\n<p>O veterano dos\u00a0reality shows da <a href=\"https:\/\/tvi.iol.pt\/\" target=\"_blank\" rel=\"nofollow noopener\">TVI<\/a> usou o Instagram para apontar o dedo ao grupo de concorrentes do qual faz parte, por exemplo, Dylan Fonte e Bruno Sim\u00e3o. &#8220;O grupo da treta est\u00e1 a precisar de no\u00e7\u00e3o. S\u00f3 se enterram&#8221;, criticou Bruno Savate.<\/p>\n<p>Na mesma mensagem, o nortenho manifestou a inten\u00e7\u00e3o de regressar \u00e0 casa mais vigiada do Pa\u00eds. &#8220;\u00c9 por ver este tipo de concorrentes que me d\u00e1 vontade de entrar s\u00f3 para lhes dar um cheirinho do que fazem ao <a href=\"https:\/\/selfie.iol.pt\/famosos\/casa-dos-segredos\/fora-de-secret-story-revelada-importante-novidade-sobre-pedro-jorge-cada-momento-conta\/20251014\/68ee6119d34e58bc6796e197\" target=\"_blank\" rel=\"nofollow noopener\">Pedro [Jorge<\/a>] e ao <a href=\"https:\/\/selfie.iol.pt\/famosos\/casa-dos-segredos\/fora-de-secret-story-leandro-martins-vive-coincidencia-impressionante-nem-parece-verdade\/20251014\/68ee1f78d34ee0c2fed139d9\" target=\"_blank\" rel=\"nofollow noopener\">Leandro [Martins<\/a>]!&#8221;, atirou, demonstrando o apoio por estes dois \u00faltimos participantes: &#8220;Estou convosco&#8221;.<\/p>\n<p>Veja, agora, nas galerias que prepar\u00e1mos para si, as melhores imagens de Bruno Savate.<\/p>\n<p style=\"text-align:center\"><img loading=\"lazy\" decoding=\"async\" alt=\"\" height=\"889\" src=\"https:\/\/www.europesays.com\/pt\/wp-content\/uploads\/2025\/10\/68ee8f56d34ee0c2fed14078.webp\" width=\"500\"\/><\/p>\n<p>\u00a0<\/p>\n","protected":false},"excerpt":{"rendered":"A nona edi\u00e7\u00e3o de &#8220;Secret Story &#8211; Casa dos Segredos&#8221; est\u00e1 a ser um verdadeiro sucesso, sendo acompanhada&hellip;\n","protected":false},"author":2,"featured_media":111385,"comment_status":"","ping_status":"","sticky":false,"template":"","format":"standard","meta":{"footnotes":""},"categories":[142],"tags":[3768,1253,19139,2632,13471,6338,328,19105,21040,114,115,6309,980,1015,12397,26373,619,14646,21416,32,33,1014,1315,6985,16687,16686,1012,6986,16688,151,162],"class_list":{"0":"post-111384","1":"post","2":"type-post","3":"status-publish","4":"format-standard","5":"has-post-thumbnail","7":"category-tv","8":"tag-bruno","9":"tag-bruno-savate","10":"tag-bruno-simao","11":"tag-casa-dos-segredos","12":"tag-casa-dos-segredos-9","13":"tag-concorrente","14":"tag-concorrentes","15":"tag-dylan","16":"tag-dylan-fonte","17":"tag-entertainment","18":"tag-entretenimento","19":"tag-ex-concorrente","20":"tag-famosos","21":"tag-instagram","22":"tag-leandro","23":"tag-leandro-martins","24":"tag-nacional","25":"tag-pedro","26":"tag-pedro-jorge","27":"tag-portugal","28":"tag-pt","29":"tag-reality-show","30":"tag-secret-story","31":"tag-secret-story-casa-dos-segredos","32":"tag-secret-story-casa-dos-segredos-9","33":"tag-secret-story-9","34":"tag-selfie","35":"tag-ss","36":"tag-ss9","37":"tag-tv","38":"tag-tvi"},"share_on_mastodon":{"url":"","error":""},"_links":{"self":[{"href":"https:\/\/www.europesays.com\/pt\/wp-json\/wp\/v2\/posts\/111384","targetHints":{"allow":["GET"]}}],"collection":[{"href":"https:\/\/www.europesays.com\/pt\/wp-json\/wp\/v2\/posts"}],"about":[{"href":"https:\/\/www.europesays.com\/pt\/wp-json\/wp\/v2\/types\/post"}],"author":[{"embeddable":true,"href":"https:\/\/www.europesays.com\/pt\/wp-json\/wp\/v2\/users\/2"}],"replies":[{"embeddable":true,"href":"https:\/\/www.europesays.com\/pt\/wp-json\/wp\/v2\/comments?post=111384"}],"version-history":[{"count":0,"href":"https:\/\/www.europesays.com\/pt\/wp-json\/wp\/v2\/posts\/111384\/revisions"}],"wp:featuredmedia":[{"embeddable":true,"href":"https:\/\/www.europesays.com\/pt\/wp-json\/wp\/v2\/media\/111385"}],"wp:attachment":[{"href":"https:\/\/www.europesays.com\/pt\/wp-json\/wp\/v2\/media?parent=111384"}],"wp:term":[{"taxonomy":"category","embeddable":true,"href":"https:\/\/www.europesays.com\/pt\/wp-json\/wp\/v2\/categories?post=111384"},{"taxonomy":"post_tag","embeddable":true,"href":"https:\/\/www.europesays.com\/pt\/wp-json\/wp\/v2\/tags?post=111384"}],"curies":[{"name":"wp","href":"https:\/\/api.w.org\/{rel}","templated":true}]}}