{"id":11143,"date":"2025-08-01T04:50:30","date_gmt":"2025-08-01T04:50:30","guid":{"rendered":"https:\/\/www.europesays.com\/pt\/11143\/"},"modified":"2025-08-01T04:50:30","modified_gmt":"2025-08-01T04:50:30","slug":"prefeitura-de-maceio-saude-promove-acoes-de-prevencao-ao-cancer-de","status":"publish","type":"post","link":"https:\/\/www.europesays.com\/pt\/11143\/","title":{"rendered":"Prefeitura de Macei\u00f3 | Sa\u00fade promove a\u00e7\u00f5es de preven\u00e7\u00e3o ao c\u00e2ncer de\u2026"},"content":{"rendered":"<p>Nesta quinta-feira(31), em alus\u00e3o ao Julho Verde, m\u00eas da conscientiza\u00e7\u00e3o sobre o c\u00e2ncer de cabe\u00e7a e pesco\u00e7o, a Secretaria de Sa\u00fade de Macei\u00f3(SMS), por meio da Coordena\u00e7\u00e3o Geral de Sa\u00fade Bucal,\u00a0 promoveu a\u00e7\u00f5es simult\u00e2neas de preven\u00e7\u00e3o e cuidado. No Pam Salgadinho, foram realizadas intensifica\u00e7\u00e3o de bi\u00f3psias de les\u00f5es bucais e encaminhamentos para diagn\u00f3stico precoce, a fim de prevenir e tratar poss\u00edveis casos suspeitos de c\u00e2ncer de cabe\u00e7a e pesco\u00e7o.\u00a0\u00a0<\/p>\n<p class=\"text-justify\">Tamb\u00e9m foram realizadas atividades em parceria com as equipes do Consult\u00f3rio na Rua e com o apoio da Unidade B\u00e1sica de Sa\u00fade (UBS) Walter Moura, na Santa Am\u00e9lia, que direcionou os atendimentos para pessoas em situa\u00e7\u00e3o de rua, realizando procedimentos cl\u00ednicos dent\u00e1rios e avalia\u00e7\u00e3o bucal.\u00a0<\/p>\n<p class=\"text-justify\">De acordo com a coordenadora Geral de Sa\u00fade Bucal de Macei\u00f3, Ducy Farias, durante todo o m\u00eas foram promovidas a\u00e7\u00f5es nas Unidades de Sa\u00fade da capital, proporcionando iniciativas que alcan\u00e7aram toda a popula\u00e7\u00e3o com estrat\u00e9gias de preven\u00e7\u00e3o e cuidado com a sa\u00fade bucal. Al\u00e9m disso, foram promovidas palestras e semin\u00e1rios com o objetivo de atualizar e qualificar os profissionais que atuam na Aten\u00e7\u00e3o Prim\u00e1ria.<\/p>\n<p class=\"text-justify\">\u201cTemas como preven\u00e7\u00e3o, tratamento e diagn\u00f3stico precoce foram discutidos para potencializar os atendimentos aos usu\u00e1rios dos servi\u00e7os ofertados.\u00a0 A intensifica\u00e7\u00e3o dos servi\u00e7os odontol\u00f3gicos e de estomatologista tamb\u00e9m tiveram um efeito grandioso na recupera\u00e7\u00e3o e assist\u00eancia aos usu\u00e1rios\u201d, destaca Dulcy Farias.\u00a0<\/p>\n<p class=\"text-justify\"><strong>Outras a\u00e7\u00f5es<\/strong><\/p>\n<p class=\"text-justify\">Os dias 28, 29\u00a0 e 30 de junho foram marcados por eventos de preven\u00e7\u00e3o, com a realiza\u00e7\u00e3o de uma palestra online sobre identifica\u00e7\u00e3o de doen\u00e7as bucais suspeitas de malignidade, ministrada pela estomatologista Camila Panjwani, que demonstrou os fluxos e linhas de cuidados, de forma online. J\u00e1 as unidades de sa\u00fade realizaram salas de espera e intensificaram os atendimentos voltados \u00e0 sa\u00fade bucal.\u00a0 No dia 30,\u00a0 foram realizadas triagens de les\u00f5es bucais,\u00a0 com o intuito de investiga\u00e7\u00e3o de\u00a0 C\u00e2ncer Cabe\u00e7a e Pesco\u00e7o, a fim de proporcionar diagn\u00f3stico precoce, para encaminhamentos adequados em casos necess\u00e1rios.<\/p>\n<p>Iniciativas ocorreram nas unidades de sa\u00fade da capital. Foto: Cortesia<br \/>\n<a href=\"https:\/\/maceio.al.gov.br\/secretarias-e-orgaos\/sms\" rel=\"nofollow noopener\" target=\"_blank\">SMS<\/a><\/p>\n<p>Rua Dias Cabral, 569 &#8211; Centro<br \/>CEP 57020-250 \/\/ Telefone: 82 3312-5400<br \/>Hor\u00e1rio de atendimento: segunda a sexta, de 8h \u00e0s 14h.<\/p>\n","protected":false},"excerpt":{"rendered":"Nesta quinta-feira(31), em alus\u00e3o ao Julho Verde, m\u00eas da conscientiza\u00e7\u00e3o sobre o c\u00e2ncer de cabe\u00e7a e pesco\u00e7o, a&hellip;\n","protected":false},"author":2,"featured_media":11144,"comment_status":"","ping_status":"","sticky":false,"template":"","format":"standard","meta":{"footnotes":""},"categories":[86],"tags":[4781,116,4088,32,33,117,4780,4779],"class_list":{"0":"post-11143","1":"post","2":"type-post","3":"status-publish","4":"format-standard","5":"has-post-thumbnail","7":"category-saude","8":"tag-consultorio-na-rua","9":"tag-health","10":"tag-julho-verde","11":"tag-portugal","12":"tag-pt","13":"tag-saude","14":"tag-saude-bucal","15":"tag-saude-de-maceio"},"share_on_mastodon":{"url":"","error":""},"_links":{"self":[{"href":"https:\/\/www.europesays.com\/pt\/wp-json\/wp\/v2\/posts\/11143","targetHints":{"allow":["GET"]}}],"collection":[{"href":"https:\/\/www.europesays.com\/pt\/wp-json\/wp\/v2\/posts"}],"about":[{"href":"https:\/\/www.europesays.com\/pt\/wp-json\/wp\/v2\/types\/post"}],"author":[{"embeddable":true,"href":"https:\/\/www.europesays.com\/pt\/wp-json\/wp\/v2\/users\/2"}],"replies":[{"embeddable":true,"href":"https:\/\/www.europesays.com\/pt\/wp-json\/wp\/v2\/comments?post=11143"}],"version-history":[{"count":0,"href":"https:\/\/www.europesays.com\/pt\/wp-json\/wp\/v2\/posts\/11143\/revisions"}],"wp:featuredmedia":[{"embeddable":true,"href":"https:\/\/www.europesays.com\/pt\/wp-json\/wp\/v2\/media\/11144"}],"wp:attachment":[{"href":"https:\/\/www.europesays.com\/pt\/wp-json\/wp\/v2\/media?parent=11143"}],"wp:term":[{"taxonomy":"category","embeddable":true,"href":"https:\/\/www.europesays.com\/pt\/wp-json\/wp\/v2\/categories?post=11143"},{"taxonomy":"post_tag","embeddable":true,"href":"https:\/\/www.europesays.com\/pt\/wp-json\/wp\/v2\/tags?post=11143"}],"curies":[{"name":"wp","href":"https:\/\/api.w.org\/{rel}","templated":true}]}}