{"id":111494,"date":"2025-10-15T08:42:21","date_gmt":"2025-10-15T08:42:21","guid":{"rendered":"https:\/\/www.europesays.com\/pt\/111494\/"},"modified":"2025-10-15T08:42:21","modified_gmt":"2025-10-15T08:42:21","slug":"nao-estava-a-espera-que-fosse-para-o-psd-beja-vive-momento-historico-de-mudanca-autarquica","status":"publish","type":"post","link":"https:\/\/www.europesays.com\/pt\/111494\/","title":{"rendered":"&#8220;N\u00e3o estava \u00e0 espera que fosse para o PSD&#8221;: Beja vive &#8220;momento hist\u00f3rico&#8221; de mudan\u00e7a aut\u00e1rquica"},"content":{"rendered":"<p style=\"text-align: left;\">Em Beja ainda se fala da noite anterior. No Jardim do Bacalhau, onde o tempo costuma passar devagar, h\u00e1 vozes que agora se animam. Entre caf\u00e9s, bancos de madeira e conversas de segunda-feira, a surpresa ainda se mistura com curiosidade e esperan\u00e7a. \u201c<strong>Fic\u00e1mos um bocado surpreendidas, mas isto precisava de mudar<\/strong>\u201d, diz Celeste Marques, apontando para as fachadas antigas e o com\u00e9rcio vazio: \u201cBeja est\u00e1 a chegar \u00e0s \u00faltimas. As ruas est\u00e3o mortas, o centro n\u00e3o tem vida. Que o novo presidente traga movimento e d\u00ea vida aos pr\u00e9dios velhos.\u201d<\/p>\n<p><a href=\"https:\/\/expresso.pt\/subscrever?action=GEN&amp;channel=VID&amp;type=CAP&amp;source=WEB&amp;returnUrl=https:\/\/expresso.pt\/politica\/eleicoes\/autarquicas-2025\/2025-10-13-nao-estava-a-espera-que-fosse-para-o-psd-beja-vive-momento-historico-de-mudanca-autarquica--a95cffd8?_gl\\u003d1*573sh1*_ga*YWlXWDBYZ1ZmXzJyNjd0UnVTX0R0SWYtelcxaWwwbm0wVHl6bGdCTVY2bUZDMWFydmJxRDFsamN2VXQ3bEF1bg..=&amp;utm_source=expresso&amp;utm_medium=locked_article&amp;locked=true&amp;article_id=fc9a22a9-f1ae-42bd-8fbd-8fcd4cb3f52e&amp;author_id=Ros\u00e1rio+Silva+&amp;category=Aut\u00e1rquicas+2025\" target=\"_self\" class=\"\" rel=\"nofollow noopener\">Subscrever<\/a>J\u00e1 \u00e9 Subscritor?Fa\u00e7a login e continue a ler<a href=\"http:\/\/expresso.pt\/codigo?redirectUrl=https:\/\/expresso.pt\/politica\/eleicoes\/autarquicas-2025\/2025-10-13-nao-estava-a-espera-que-fosse-para-o-psd-beja-vive-momento-historico-de-mudanca-autarquica--a95cffd8?_gl\\u003d1*573sh1*_ga*YWlXWDBYZ1ZmXzJyNjd0UnVTX0R0SWYtelcxaWwwbm0wVHl6bGdCTVY2bUZDMWFydmJxRDFsamN2VXQ3bEF1bg..=\" target=\"_self\" class=\"\" rel=\"nofollow noopener\">Inserir C\u00f3digo<\/a>Comprou o Expresso?Insira o c\u00f3digo presente na Revista E para continuar a ler<\/p>\n","protected":false},"excerpt":{"rendered":"Em Beja ainda se fala da noite anterior. No Jardim do Bacalhau, onde o tempo costuma passar devagar,&hellip;\n","protected":false},"author":2,"featured_media":111495,"comment_status":"","ping_status":"","sticky":false,"template":"","format":"standard","meta":{"footnotes":""},"categories":[8],"tags":[27,28,15,16,14,25,26,21,22,12,13,19,20,32,23,24,33,17,18,29,30,31],"class_list":{"0":"post-111494","1":"post","2":"type-post","3":"status-publish","4":"format-standard","5":"has-post-thumbnail","7":"category-principais-noticias","8":"tag-breaking-news","9":"tag-breakingnews","10":"tag-featured-news","11":"tag-featurednews","12":"tag-headlines","13":"tag-latest-news","14":"tag-latestnews","15":"tag-main-news","16":"tag-mainnews","17":"tag-news","18":"tag-noticias","19":"tag-noticias-principais","20":"tag-noticiasprincipais","21":"tag-portugal","22":"tag-principais-noticias","23":"tag-principaisnoticias","24":"tag-pt","25":"tag-top-stories","26":"tag-topstories","27":"tag-ultimas","28":"tag-ultimas-noticias","29":"tag-ultimasnoticias"},"share_on_mastodon":{"url":"","error":""},"_links":{"self":[{"href":"https:\/\/www.europesays.com\/pt\/wp-json\/wp\/v2\/posts\/111494","targetHints":{"allow":["GET"]}}],"collection":[{"href":"https:\/\/www.europesays.com\/pt\/wp-json\/wp\/v2\/posts"}],"about":[{"href":"https:\/\/www.europesays.com\/pt\/wp-json\/wp\/v2\/types\/post"}],"author":[{"embeddable":true,"href":"https:\/\/www.europesays.com\/pt\/wp-json\/wp\/v2\/users\/2"}],"replies":[{"embeddable":true,"href":"https:\/\/www.europesays.com\/pt\/wp-json\/wp\/v2\/comments?post=111494"}],"version-history":[{"count":0,"href":"https:\/\/www.europesays.com\/pt\/wp-json\/wp\/v2\/posts\/111494\/revisions"}],"wp:featuredmedia":[{"embeddable":true,"href":"https:\/\/www.europesays.com\/pt\/wp-json\/wp\/v2\/media\/111495"}],"wp:attachment":[{"href":"https:\/\/www.europesays.com\/pt\/wp-json\/wp\/v2\/media?parent=111494"}],"wp:term":[{"taxonomy":"category","embeddable":true,"href":"https:\/\/www.europesays.com\/pt\/wp-json\/wp\/v2\/categories?post=111494"},{"taxonomy":"post_tag","embeddable":true,"href":"https:\/\/www.europesays.com\/pt\/wp-json\/wp\/v2\/tags?post=111494"}],"curies":[{"name":"wp","href":"https:\/\/api.w.org\/{rel}","templated":true}]}}