{"id":111508,"date":"2025-10-15T08:56:07","date_gmt":"2025-10-15T08:56:07","guid":{"rendered":"https:\/\/www.europesays.com\/pt\/111508\/"},"modified":"2025-10-15T08:56:07","modified_gmt":"2025-10-15T08:56:07","slug":"governo-de-assad-transferiu-secretamente-uma-vala-comum-para-encobrir-assassinios","status":"publish","type":"post","link":"https:\/\/www.europesays.com\/pt\/111508\/","title":{"rendered":"Governo de Assad transferiu secretamente uma vala comum para encobrir assass\u00ednios"},"content":{"rendered":"<p>O Governo de Bashar al-Assad realizou uma opera\u00e7\u00e3o clandestina durante dois anos para transportar milhares de corpos de uma das maiores valas comuns conhecidas da S\u00edria para um local secreto, a mais de uma hora de dist\u00e2ncia, no deserto remoto, segundo uma investiga\u00e7\u00e3o da ag\u00eancia de not\u00edcias <a href=\"https:\/\/www.reuters.com\/world\/middle-east\/assad-government-secretly-moved-mass-grave-cover-up-killings-reuters-2025-10-14\/\" target=\"_blank\" rel=\"noreferrer noopener nofollow\">Reuters<\/a> revelada esta ter\u00e7a-feira.<\/p>\n<p>A conspira\u00e7\u00e3o do Ex\u00e9rcito do ent\u00e3o Presidente Bashar al-Assad para escavar a vala comum em Qutayfah e criar uma segunda vala comum no deserto fora da cidade de Dhumair n\u00e3o tinha sido relatada anteriormente, segundo a Reuters.<\/p>\n<p>Para descobrir a localiza\u00e7\u00e3o do cemit\u00e9rio de Dhumair e detalhar os contornos da opera\u00e7\u00e3o, a ag\u00eancia noticiosa ouviu 13 pessoas com conhecimento direto do esfor\u00e7o de dois anos para transferir os corpos, analisou documentos produzidos por funcion\u00e1rios envolvidos e estudou centenas de imagens de sat\u00e9lite de ambos os cemit\u00e9rios tiradas ao longo de v\u00e1rios anos.<\/p>\n<p>A opera\u00e7\u00e3o para transferir os corpos de Qutayfah para outro local escondido a dezenas de quil\u00f3metros de dist\u00e2ncia foi designada como \u201cOpera\u00e7\u00e3o Move Earth\u201d. O objetivo era encobrir os crimes do Governo de Assad e ajudar a restaurar a sua imagem, revelaram as testemunhas ouvidas pela Reuters.<\/p>\n<p>Entre fevereiro de 2019 e abril de 2021, quase todas as semanas, seis a oito cami\u00f5es cheios de terra e restos mortais viajaram de Qutayfah para o local no deserto de Dhumair, de acordo com testemunhas envolvidas na opera\u00e7\u00e3o.<\/p>\n<p>Todos os envolvidos \u2013 incluindo dois camionistas, tr\u00eas mec\u00e2nicos, um operador de escavadora e um ex-oficial da Guarda Republicana de elite de Assad, que esteve envolvido desde os primeiros dias da transfer\u00eancia \u2013 lembravam-se do mau cheiro.<\/p>\n<p>A Reuters informou esta ter\u00e7a-feira o Governo do atual Presidente, Ahmed al-Sharaa, das conclus\u00f5es da investiga\u00e7\u00e3o. A ag\u00eancia de not\u00edcias n\u00e3o revela a localiza\u00e7\u00e3o exata \u201cpara reduzir a probabilidade de intrusos adulterarem a sepultura\u201d.<\/p>\n<p>Com pelo menos 34 valas com dois quil\u00f3metros de comprimento, a sepultura no deserto de Dhumair est\u00e1 entre as mais extensas criadas durante a guerra civil s\u00edria, afirma a Reuters. E, acrescenta, \u201ctestemunhos e as dimens\u00f5es do novo local sugerem que dezenas de milhares de pessoas podem estar l\u00e1 enterradas\u201d.<\/p>\n<p>O Governo de Assad come\u00e7ou a enterrar os mortos em Qutayfah por volta de 2012, no in\u00edcio da guerra civil. A vala comum continha os corpos de soldados e prisioneiros que morreram nas pris\u00f5es e hospitais militares do ditador, revelaram as testemunhas ouvidas nesta investiga\u00e7\u00e3o.<\/p>\n<p>Um ativista s\u00edrio de direitos humanos exp\u00f4s Qutayfah ao divulgar fotografias aos media locais em 2014, revelando a exist\u00eancia da vala comum e a sua localiza\u00e7\u00e3o nos arredores de Damasco. A sua localiza\u00e7\u00e3o exata, contudo, s\u00f3 veio \u00e0 tona alguns anos depois, em depoimentos judiciais e reportagens.<\/p>\n<p>Segundo a ag\u00eancia noticiosa, Assad, que, ap\u00f3s a queda da ditadura s\u00edria no final do ano passado, fugiu do pa\u00eds e est\u00e1 a viver na R\u00fassia, e v\u00e1rios oficiais militares identificados por testemunhas como tendo desempenhado pap\u00e9is fundamentais na opera\u00e7\u00e3o n\u00e3o puderam ser contactados pela Reuters para comentar o caso.<\/p>\n","protected":false},"excerpt":{"rendered":"O Governo de Bashar al-Assad realizou uma opera\u00e7\u00e3o clandestina durante dois anos para transportar milhares de corpos de&hellip;\n","protected":false},"author":2,"featured_media":111509,"comment_status":"","ping_status":"","sticky":false,"template":"","format":"standard","meta":{"footnotes":""},"categories":[50],"tags":[27,28,15,16,14,25,26,21,22,62,12,13,19,20,23,24,17,18,29,30,31,63,64,65],"class_list":{"0":"post-111508","1":"post","2":"type-post","3":"status-publish","4":"format-standard","5":"has-post-thumbnail","7":"category-mundo","8":"tag-breaking-news","9":"tag-breakingnews","10":"tag-featured-news","11":"tag-featurednews","12":"tag-headlines","13":"tag-latest-news","14":"tag-latestnews","15":"tag-main-news","16":"tag-mainnews","17":"tag-mundo","18":"tag-news","19":"tag-noticias","20":"tag-noticias-principais","21":"tag-noticiasprincipais","22":"tag-principais-noticias","23":"tag-principaisnoticias","24":"tag-top-stories","25":"tag-topstories","26":"tag-ultimas","27":"tag-ultimas-noticias","28":"tag-ultimasnoticias","29":"tag-world","30":"tag-world-news","31":"tag-worldnews"},"share_on_mastodon":{"url":"","error":""},"_links":{"self":[{"href":"https:\/\/www.europesays.com\/pt\/wp-json\/wp\/v2\/posts\/111508","targetHints":{"allow":["GET"]}}],"collection":[{"href":"https:\/\/www.europesays.com\/pt\/wp-json\/wp\/v2\/posts"}],"about":[{"href":"https:\/\/www.europesays.com\/pt\/wp-json\/wp\/v2\/types\/post"}],"author":[{"embeddable":true,"href":"https:\/\/www.europesays.com\/pt\/wp-json\/wp\/v2\/users\/2"}],"replies":[{"embeddable":true,"href":"https:\/\/www.europesays.com\/pt\/wp-json\/wp\/v2\/comments?post=111508"}],"version-history":[{"count":0,"href":"https:\/\/www.europesays.com\/pt\/wp-json\/wp\/v2\/posts\/111508\/revisions"}],"wp:featuredmedia":[{"embeddable":true,"href":"https:\/\/www.europesays.com\/pt\/wp-json\/wp\/v2\/media\/111509"}],"wp:attachment":[{"href":"https:\/\/www.europesays.com\/pt\/wp-json\/wp\/v2\/media?parent=111508"}],"wp:term":[{"taxonomy":"category","embeddable":true,"href":"https:\/\/www.europesays.com\/pt\/wp-json\/wp\/v2\/categories?post=111508"},{"taxonomy":"post_tag","embeddable":true,"href":"https:\/\/www.europesays.com\/pt\/wp-json\/wp\/v2\/tags?post=111508"}],"curies":[{"name":"wp","href":"https:\/\/api.w.org\/{rel}","templated":true}]}}