{"id":111512,"date":"2025-10-15T08:58:31","date_gmt":"2025-10-15T08:58:31","guid":{"rendered":"https:\/\/www.europesays.com\/pt\/111512\/"},"modified":"2025-10-15T08:58:31","modified_gmt":"2025-10-15T08:58:31","slug":"grande-parte-do-brasil-as-escuras-apos-incendio-provocar-apagao","status":"publish","type":"post","link":"https:\/\/www.europesays.com\/pt\/111512\/","title":{"rendered":"Grande parte do Brasil \u00e0s escuras ap\u00f3s inc\u00eandio provocar apag\u00e3o"},"content":{"rendered":"<p class=\"category\"><a href=\"https:\/\/sicnoticias.pt\/mundo\" rel=\"nofollow noopener\" target=\"_blank\">Mundo<\/a><\/p>\n<p>Pelo menos 14 dos 27 estados do pa\u00eds ficaram \u00e0s escuras, entre eles os tr\u00eas mais populosos: S\u00e3o Paulo, Minas Gerais e Rio de Janeiro. O Governo brasileiro deve se reunir, esta ter\u00e7a-feira, com os atores do setor el\u00e9trico para analisar a situa\u00e7\u00e3o.<\/p>\n<p><img decoding=\"async\" src=\"https:\/\/www.europesays.com\/pt\/wp-content\/uploads\/2025\/10\/1760518711_11_original.webp\" alt=\"Grande parte do Brasil \u00e0s escuras ap\u00f3s inc\u00eandio provocar apag\u00e3o\"\/><\/p>\n<p>Reprodu\u00e7\u00e3o\/\/ X SPACE LIBERDADE<\/p>\n<p><strong>Um apag\u00e3o, causado por um inc\u00eandio numa subesta\u00e7\u00e3o na regi\u00e3o amaz\u00f3nica, afetou durante a madrugada desta ter\u00e7a-feira grande parte do territ\u00f3rio brasileiro, incluindo S\u00e3o Paulo e Rio de Janeiro, informou o Governo.<\/strong><\/p>\n<p>Houve falta de fornecimento de energia em pelo menos 14 dos 27 estados do pa\u00eds, entre eles os tr\u00eas mais populosos:<strong> S\u00e3o Paulo, Minas Gerais e Rio de Janeiro.<\/strong><\/p>\n<p>Pernambuco, Baia, Amazonas, Santa Catarina, Goi\u00e1s, Rio Grande do Norte, Maranh\u00e3o, Para\u00edba, Sergipe, Rond\u00f3nia e Bras\u00edlia, tamb\u00e9m est\u00e3o entre os estados afetados, segundo o <a href=\"https:\/\/g1.globo.com\/\" target=\"_blank\" rel=\"noopener noreferrer nofollow\">portal G1<\/a>, do grupo Globo.<\/p>\n<p>O minist\u00e9rio de Minas e Energia informou em comunicado que \u00e0s 00:32 locais (04:32 de Lisboa) ocorreu uma &#8220;perturba\u00e7\u00e3o de grande magnitude no Sistema Interligado Nacional, o que provocou &#8220;a desconex\u00e3o controlada de cerca de 10.000 MW de carga&#8221;.<\/p>\n<p>Segundo o minist\u00e9rio, o corte teve origem num<strong> inc\u00eandio num reator de uma subesta\u00e7\u00e3o localizada no estado do Par\u00e1, na Amaz\u00f3nia brasileira, <\/strong>o que gerou uma &#8220;grave conting\u00eancia&#8221; nas regi\u00f5es sul, sudeste, centro e oeste do pa\u00eds.<\/p>\n<p>O restabelecimento do servi\u00e7o ocorreu de forma controlada e, por volta das 02:30 desta madrugada (06:30 em Lisboa), o incidente j\u00e1 tinha sido ultrapassado em todas as \u00e1reas afetadas.<\/p>\n<p>O Operador Nacional do Sistema El\u00e9trico (ONS), respons\u00e1vel por coordenar a gera\u00e7\u00e3o e transmiss\u00e3o em todo o pa\u00eds, afirmou que, uma vez identificado o problema, iniciou uma a\u00e7\u00e3o conjunta com os demais agentes do setor para &#8220;restabelecer a energia&#8221;.<\/p>\n<p>Governo vai reunir-se com setor el\u00e9trico<\/p>\n<p>O Governo brasileiro deve se reunir, esta ter\u00e7a-feira, com os atores do setor el\u00e9trico para analisar a situa\u00e7\u00e3o.<\/p>\n<p>A empresa Enel, que atua em S\u00e3o Paulo, afirmou num comunicado que o corte ocorreu dentro do &#8220;plano regional de al\u00edvio de carga&#8221;, utilizado para evitar apag\u00f5es ou sobrecargas e que est\u00e1 sob a responsabilidade do Operador Nacional do Sistema.<\/p>\n<blockquote><p>&#8220;O procedimento de corte de carga ocorre automaticamente quando \u00e9 identificada alguma incid\u00eancia no Sistema Interligado Nacional, com o objetivo de proteger o sistema el\u00e9trico&#8221;, explicou o comunicado, publicado no jornal Folha de S\u00e3o Paulo.<\/p><\/blockquote>\n<p>Em alguns casos o apag\u00e3o durou apenas alguns minutos, embora noutros se tenha prolongado por uma hora.<\/p>\n<p>Na regi\u00e3o metropolitana do Rio de Janeiro, a distribuidora Light informou que o apag\u00e3o deixou cerca de meio milh\u00e3o de clientes sem energia por pouco mais de uma hora.<\/p>\n<p>Nas redes sociais, v\u00e1rios usu\u00e1rios tamb\u00e9m relataram a falta de eletricidade nas suas cidades.<\/p>\n<p>Um dos \u00faltimos grandes apag\u00f5es registados no Brasil, a maior economia da Am\u00e9rica Latina, ocorreu em agosto de 2023.<\/p>\n<p>Na ocasi\u00e3o, foi interrompido o fornecimento de 16.000 megawatts de energia na rede el\u00e9trica nacional, correspondentes a 26% da carga existente naquele momento.<\/p>\n<p>Esse apag\u00e3<strong>o afetou quase todos os estados do pa\u00eds,<\/strong> com exce\u00e7\u00e3o do estado amaz\u00f3nico de Roraima (norte), que na \u00e9poca era o \u00fanico que n\u00e3o estava conectado ao sistema nacional e dependia da rede venezuelana.<\/p>\n","protected":false},"excerpt":{"rendered":"Mundo Pelo menos 14 dos 27 estados do pa\u00eds ficaram \u00e0s escuras, entre eles os tr\u00eas mais populosos:&hellip;\n","protected":false},"author":2,"featured_media":111513,"comment_status":"","ping_status":"","sticky":false,"template":"","format":"standard","meta":{"footnotes":""},"categories":[8],"tags":[27,28,15,16,14,25,26,21,22,12,13,19,20,32,23,24,33,17,18,29,30,31],"class_list":{"0":"post-111512","1":"post","2":"type-post","3":"status-publish","4":"format-standard","5":"has-post-thumbnail","7":"category-principais-noticias","8":"tag-breaking-news","9":"tag-breakingnews","10":"tag-featured-news","11":"tag-featurednews","12":"tag-headlines","13":"tag-latest-news","14":"tag-latestnews","15":"tag-main-news","16":"tag-mainnews","17":"tag-news","18":"tag-noticias","19":"tag-noticias-principais","20":"tag-noticiasprincipais","21":"tag-portugal","22":"tag-principais-noticias","23":"tag-principaisnoticias","24":"tag-pt","25":"tag-top-stories","26":"tag-topstories","27":"tag-ultimas","28":"tag-ultimas-noticias","29":"tag-ultimasnoticias"},"share_on_mastodon":{"url":"","error":""},"_links":{"self":[{"href":"https:\/\/www.europesays.com\/pt\/wp-json\/wp\/v2\/posts\/111512","targetHints":{"allow":["GET"]}}],"collection":[{"href":"https:\/\/www.europesays.com\/pt\/wp-json\/wp\/v2\/posts"}],"about":[{"href":"https:\/\/www.europesays.com\/pt\/wp-json\/wp\/v2\/types\/post"}],"author":[{"embeddable":true,"href":"https:\/\/www.europesays.com\/pt\/wp-json\/wp\/v2\/users\/2"}],"replies":[{"embeddable":true,"href":"https:\/\/www.europesays.com\/pt\/wp-json\/wp\/v2\/comments?post=111512"}],"version-history":[{"count":0,"href":"https:\/\/www.europesays.com\/pt\/wp-json\/wp\/v2\/posts\/111512\/revisions"}],"wp:featuredmedia":[{"embeddable":true,"href":"https:\/\/www.europesays.com\/pt\/wp-json\/wp\/v2\/media\/111513"}],"wp:attachment":[{"href":"https:\/\/www.europesays.com\/pt\/wp-json\/wp\/v2\/media?parent=111512"}],"wp:term":[{"taxonomy":"category","embeddable":true,"href":"https:\/\/www.europesays.com\/pt\/wp-json\/wp\/v2\/categories?post=111512"},{"taxonomy":"post_tag","embeddable":true,"href":"https:\/\/www.europesays.com\/pt\/wp-json\/wp\/v2\/tags?post=111512"}],"curies":[{"name":"wp","href":"https:\/\/api.w.org\/{rel}","templated":true}]}}