{"id":111516,"date":"2025-10-15T09:00:22","date_gmt":"2025-10-15T09:00:22","guid":{"rendered":"https:\/\/www.europesays.com\/pt\/111516\/"},"modified":"2025-10-15T09:00:22","modified_gmt":"2025-10-15T09:00:22","slug":"wildlife-photographer-of-the-year-a-foto-premiada-que-levou-10-anos-para-ser-feita","status":"publish","type":"post","link":"https:\/\/www.europesays.com\/pt\/111516\/","title":{"rendered":"Wildlife Photographer of the Year: a foto premiada que levou 10 anos para ser feita"},"content":{"rendered":"<p><img fetchpriority=\"high\" decoding=\"async\" src=\"https:\/\/www.europesays.com\/pt\/wp-content\/uploads\/2025\/10\/431269e0-a90b-11f0-b456-7d29a201c8c0.jpg.webp.webp\"   alt=\"Hiena-marrom perto das ru\u00ednas de uma mina de diamantes abandonada, com pouca ilumina\u00e7\u00e3o\" loading=\"eager\" width=\"6360\" height=\"3577\" style=\"aspect-ratio:6360 \/ 3577\" class=\"bbc-139onq\"\/><\/p>\n<p class=\"bbc-by8ykd\" role=\"text\">Cr\u00e9dito, Wim van den Heever<\/p>\n<p>Legenda da foto, Fot\u00f3grafo da Vida Selvagem do Ano e vencedor na categoria Vida Selvagem Urbana \u2014 Visitante da Cidade-Fantasma, de Wim van den Heever, \u00c1frica do Sul<\/p>\n<p>H\u00e1 1 hora<\/p>\n<p dir=\"ltr\" class=\"bbc-hhl7in e17g058b0\">Capturada em um momento assombroso, uma hiena-marrom aparece em meio aos restos de uma mina de diamantes h\u00e1 muito tempo abandonada. A imagem valeu a Wim van den Heever o pr\u00eamio de <a href=\"https:\/\/www.bbc.com\/portuguese\/topics\/cjgn7g8422zt\" class=\"focusIndicatorReducedWidth bbc-n8oauk e1p3sufg0\" rel=\"nofollow noopener\" target=\"_blank\">Fot\u00f3grafo<\/a> da Vida Selvagem do Ano (Wildlife Photographer of the Year).<\/p>\n<p dir=\"ltr\" class=\"bbc-hhl7in e17g058b0\">Em meio ao nevoeiro vindo do Oceano Atl\u00e2ntico, Van den Heever instalou estrategicamente sua c\u00e2mera ao identificar rastros recentes de hienas nas proximidades.<\/p>\n<p dir=\"ltr\" class=\"bbc-hhl7in e17g058b0\">&#8220;Levei 10 anos para finalmente conseguir esta imagem \u00fanica de uma hiena-marrom, no quadro mais perfeito que se poderia imaginar&#8221;, ele conta.<\/p>\n<p dir=\"ltr\" class=\"bbc-hhl7in e17g058b0\">A hiena-marrom \u00e9 a mais rara de todas as esp\u00e9cies de hienas. Elas t\u00eam principalmente h\u00e1bitos noturnos e costumam viver vidas solit\u00e1rias. Mas se sabe que elas passam pela cidade de Kolmanskop, perto de L\u00fcderitz, na Nam\u00edbia, a caminho da Cidade do Cabo, na \u00c1frica do Sul, onde elas ca\u00e7am filhotes de lobo-marinho; ou quando se alimentam da carni\u00e7a trazida para a costa, ao longo do deserto do Namibe, entre Angola e a \u00c1frica do Sul.<\/p>\n<p dir=\"ltr\" class=\"bbc-hhl7in e17g058b0\">Van den Heever recebeu o pr\u00eamio no Museu de Hist\u00f3ria Natural de Londres, onde as fotografias vencedoras ficar\u00e3o expostas de 17 de outubro, sexta-feira, at\u00e9 12 de julho de 2026.<\/p>\n<p>Vencedores por categoria<\/p>\n<p dir=\"ltr\" class=\"bbc-hhl7in e17g058b0\"><b>Fot\u00f3grafo Jovem da Vida Selvagem do Ano e entre 15 e 17 anos \u2014 <\/b><b>Ap\u00f3s a Destrui\u00e7\u00e3o<\/b><b>, de Andrea Dominizi, It\u00e1lia<\/b><\/p>\n<p><img decoding=\"async\" src=\"https:\/\/www.europesays.com\/pt\/wp-content\/uploads\/2025\/10\/665db390-985e-11f0-af62-91486a511a31.jpg.webp.webp\"   alt=\"Besouro sobre a casca de uma \u00e1rvore com suas longas antenas levantadas em uma floresta, com uma escavadeira amarela desfocada ao fundo\" loading=\"lazy\" width=\"5100\" height=\"2869\" style=\"aspect-ratio:5100 \/ 2869\" class=\"bbc-139onq\"\/><\/p>\n<p class=\"bbc-by8ykd\" role=\"text\">Cr\u00e9dito, Andrea Dominizi<\/p>\n<p>Legenda da foto, Local: montanhas Lepini, L\u00e1cio, It\u00e1lia<\/p>\n<p dir=\"ltr\" class=\"bbc-hhl7in e17g058b0\">As montanhas Lepini, no centro da It\u00e1lia, eram fontes de extra\u00e7\u00e3o de madeira, devido \u00e0s suas \u00e1rvores antigas.<\/p>\n<p dir=\"ltr\" class=\"bbc-hhl7in e17g058b0\">Foi l\u00e1 que, Andrea Dominizi encontrou um besouro descansando sobre um tronco cortado, ao lado de uma m\u00e1quina abandonada.<\/p>\n<p dir=\"ltr\" class=\"bbc-hhl7in e17g058b0\">Usando uma lente grande angular e um flash separado da c\u00e2mera, ele enquadrou a pequena criatura contra os restos da ind\u00fastria humana, dando destaque a uma hist\u00f3ria muito maior do que aquela.<\/p>\n<p dir=\"ltr\" class=\"bbc-hhl7in e17g058b0\">&#8220;Esta foto mostra a hist\u00f3ria e as dificuldades enfrentadas por muitas esp\u00e9cies de animais: a perda de habitat&#8221;, segundo ele. &#8220;Neste caso, \u00e9 um besouro que perdeu a \u00e1rvore e a madeira de que eles precisam para colocar ovos.&#8221;<\/p>\n<p dir=\"ltr\" class=\"bbc-hhl7in e17g058b0\">Os besouros desempenham papel fundamental para a sa\u00fade da floresta. Eles escavam t\u00faneis na madeira morta, abrindo caminho para os fungos que auxiliam na decomposi\u00e7\u00e3o e na reciclagem dos nutrientes.<\/p>\n<p dir=\"ltr\" class=\"bbc-hhl7in e17g058b0\">Dominizi descreve a imagem como &#8220;uma boa foto documental&#8221; e o pr\u00eamio como &#8220;a maior conquista da minha vida (at\u00e9 agora, espero)&#8221;.<\/p>\n<p dir=\"ltr\" class=\"bbc-hhl7in e17g058b0\">Ele deseja que a imagem &#8220;possa inspirar pensamentos diferentes nas pessoas que a observarem&#8221; e despertar a consci\u00eancia de como a perda de habitat afeta todos os seres vivos.<\/p>\n<p dir=\"ltr\" class=\"bbc-hhl7in e17g058b0\">Dominizi tamb\u00e9m agradece \u00e0 organiza\u00e7\u00e3o italiana Wild Ita, por alimentar sua paix\u00e3o e conect\u00e1-lo a outras pessoas que compartilham do mesmo sentimento.<\/p>\n<p dir=\"ltr\" class=\"bbc-hhl7in e17g058b0\">&#8220;Sem eles, eu n\u00e3o teria tido muitas dessas experi\u00eancias nem encontrado temas para fotografar, especialmente considerando as dificuldades por ser jovem e n\u00e3o poder viajar sozinho&#8221;, destaca ele.<\/p>\n<p dir=\"ltr\" class=\"bbc-hhl7in e17g058b0\"><b>Animais no Seu Ambiente \u2014 <\/b><b>Como uma Enguia Fora d&#8217;\u00c1gua<\/b><b>, de Shane Gross, Canad\u00e1<\/b><\/p>\n<p><img decoding=\"async\" src=\"https:\/\/www.europesays.com\/pt\/wp-content\/uploads\/2025\/10\/88f327f0-985e-11f0-928c-71dbb8619e94.jpg.webp.webp\"   alt=\"Moreias nadando entre as rochas e piscinas criadas pela mar\u00e9, em busca de carni\u00e7a durante a mar\u00e9 baixa\" loading=\"lazy\" width=\"5331\" height=\"3547\" style=\"aspect-ratio:5331 \/ 3547\" class=\"bbc-139onq\"\/><\/p>\n<p class=\"bbc-by8ykd\" role=\"text\">Cr\u00e9dito, Shane Gross<\/p>\n<p>Legenda da foto, Local: ilha D&#8217;Arros, ilhas Amirante, Seicheles<\/p>\n<p dir=\"ltr\" class=\"bbc-hhl7in e17g058b0\">Depois de semanas de paci\u00eancia, o vencedor do <a href=\"https:\/\/www.bbc.com\/portuguese\/articles\/cp3d29g9l1xo\" class=\"focusIndicatorReducedWidth bbc-n8oauk e1p3sufg0\" rel=\"nofollow noopener\" target=\"_blank\">ano passado<\/a>, Shane Gross, capturou  a imagem de moreias em busca de carni\u00e7a durante a mar\u00e9 baixa.<\/p>\n<p dir=\"ltr\" class=\"bbc-hhl7in e17g058b0\">&#8220;Comecei a adotar uma abordagem diferente e ficar em um \u00fanico ponto, esperando que elas viessem at\u00e9 mim&#8221;, ele conta.<\/p>\n<p dir=\"ltr\" class=\"bbc-hhl7in e17g058b0\">Gross passou horas enfrentando o sol, o calor e as moscas, esperando no mesmo local onde os peixes mortos haviam desaguado. At\u00e9 que, finalmente, elas vieram.<\/p>\n<p dir=\"ltr\" class=\"bbc-hhl7in e17g058b0\">&#8220;Quando eu me acomodei e fiquei im\u00f3vel, algo as atraiu de volta&#8221;, segundo ele.<\/p>\n<p dir=\"ltr\" class=\"bbc-hhl7in e17g058b0\">Por serem bem adaptadas \u00e0 zona entremar\u00e9s, as moreias podem ficar fora d&#8217;\u00e1gua por mais de 30 segundos para ca\u00e7ar.<\/p>\n<p dir=\"ltr\" class=\"bbc-hhl7in e17g058b0\"><b>At\u00e9 10 anos \u2014 <\/b><b>O Covil da Tecel\u00e3<\/b><b>, de Jamie Smart, Reino Unido<\/b><\/p>\n<p><img decoding=\"async\" src=\"https:\/\/www.europesays.com\/pt\/wp-content\/uploads\/2025\/10\/9eac11b0-985e-11f0-928c-71dbb8619e94.jpg.webp.webp\"   alt=\"Aranha-tecel\u00e3 envolvida no seu retiro de seda, com fios de teia cobertos de orvalho \u00e0 sua volta\" loading=\"lazy\" width=\"2024\" height=\"3036\" style=\"aspect-ratio:2024 \/ 3036\" class=\"bbc-139onq\"\/><\/p>\n<p class=\"bbc-by8ykd\" role=\"text\">Cr\u00e9dito, Jamie Smart<\/p>\n<p>Legenda da foto, Local: regi\u00e3o central do Pa\u00eds de Gales, Reino Unido<\/p>\n<p dir=\"ltr\" class=\"bbc-hhl7in e17g058b0\">Em uma fria manh\u00e3 de setembro no Pa\u00eds de Gales, Jamie Smart descobriu uma aranha-tecel\u00e3 enrolada no seu esconderijo de seda.<\/p>\n<p dir=\"ltr\" class=\"bbc-hhl7in e17g058b0\">Ela ajustou pacientemente o foco, at\u00e9 que a min\u00fascula aranha parecesse n\u00edtida e perfeitamente equilibrada no quadro.<\/p>\n<p dir=\"ltr\" class=\"bbc-hhl7in e17g058b0\">&#8220;Tamb\u00e9m \u00e9 muito especial para mim porque consegui mostrar algo de que as pessoas normalmente t\u00eam medo&#8221;, ela conta.<\/p>\n<p dir=\"ltr\" class=\"bbc-hhl7in e17g058b0\">&#8220;Aqui, a aranha est\u00e1 simplesmente aconchegada, se escondendo. Ela n\u00e3o est\u00e1 tentando me morder, n\u00e3o est\u00e1 tentando fazer nada assustador. Por isso, ela ajuda as pessoas a perceber que &#8216;elas s\u00e3o melhores do que eu pensava&#8217;.&#8221;<\/p>\n<p dir=\"ltr\" class=\"bbc-hhl7in e17g058b0\"><b>P\u00e2ntanos \u2014 <\/b><b>Lago Desaparecendo<\/b><b>, de Sebastian Fr\u00f6lich, Alemanha<\/b><\/p>\n<p><img decoding=\"async\" src=\"https:\/\/www.europesays.com\/pt\/wp-content\/uploads\/2025\/10\/65476480-a2c5-11f0-92db-77261a15b9d2.jpg.webp.webp\"   alt=\"Pulga-de-jardim flutua em meio a bolhas verdes neon de g\u00e1s metano\" loading=\"lazy\" width=\"7000\" height=\"4666\" style=\"aspect-ratio:7000 \/ 4666\" class=\"bbc-139onq\"\/><\/p>\n<p class=\"bbc-by8ykd\" role=\"text\">Cr\u00e9dito, Sebastian Fr\u00f6lich<\/p>\n<p>Legenda da foto, Local: Platzertal, Tirol, \u00c1ustria<\/p>\n<p dir=\"ltr\" class=\"bbc-hhl7in e17g058b0\">Nas charnecas de Platzertal, na \u00c1ustria, Sebastian Fr\u00f6lich encontrou uma pulga-de-jardim se movendo rapidamente por um mar de bolhas de g\u00e1s de cor verde neon.<\/p>\n<p dir=\"ltr\" class=\"bbc-hhl7in e17g058b0\">Ele visitou o fr\u00e1gil p\u00e2ntano para destacar seu papel vital como sif\u00e3o de carbono e habitat para uma vida selvagem diversificada. A \u00c1ustria perdeu 90% dos seus p\u00e2ntanos de turfa.<\/p>\n<p dir=\"ltr\" class=\"bbc-hhl7in e17g058b0\">A pulga-de-jardim passando apressada sobre as bolhas de g\u00e1s fornece \u00e0 imagem uma poderosa sensa\u00e7\u00e3o de escala.<\/p>\n<p dir=\"ltr\" class=\"bbc-hhl7in e17g058b0\"><b>11-14 anos \u2014 <\/b><b>Madrugada Alpina<\/b><b>, de Lubin Godin, Fran\u00e7a<\/b><\/p>\n<p><img decoding=\"async\" src=\"https:\/\/www.europesays.com\/pt\/wp-content\/uploads\/2025\/10\/33960470-985f-11f0-928c-71dbb8619e94.jpg.webp.webp\"   alt=\"Cabra alpina sentada sobre uma cadeia de montanhas rochosas, sobre um cobertor de nuvens douradas. O c\u00e9u tem colora\u00e7\u00e3o laranja poeirenta.&#10;\" loading=\"lazy\" width=\"6189\" height=\"3481\" style=\"aspect-ratio:6189 \/ 3481\" class=\"bbc-139onq\"\/><\/p>\n<p class=\"bbc-by8ykd\" role=\"text\">Cr\u00e9dito, Lubin Godin<\/p>\n<p>Legenda da foto, Local: Passo da Colombi\u00e8re, Alta Savoia, Fran\u00e7a<\/p>\n<p dir=\"ltr\" class=\"bbc-hhl7in e17g058b0\">Durante uma escalada matinal, Lubin Godin encontrou uma cabra alpina descansando sobre um mar de nuvens.<\/p>\n<p dir=\"ltr\" class=\"bbc-hhl7in e17g058b0\">Ele refez seus passos quando o sol surgiu e capturou a cena antes do retorno da n\u00e9voa.<\/p>\n<p dir=\"ltr\" class=\"bbc-hhl7in e17g058b0\">As cabras foram ca\u00e7adas at\u00e9 quase a extin\u00e7\u00e3o, mas sua popula\u00e7\u00e3o se recuperou. Agora, as mudan\u00e7as clim\u00e1ticas prejudicam suas fontes de alimento durante as temporadas de procria\u00e7\u00e3o.<\/p>\n<p dir=\"ltr\" class=\"bbc-hhl7in e17g058b0\"><b>Subaqu\u00e1tica \u2014 <\/b><b>Bolsa de Sobreviv\u00eancia<\/b><b>, de Ralph Pace, Estados Unidos<\/b><\/p>\n<p><img decoding=\"async\" src=\"https:\/\/www.europesays.com\/pt\/wp-content\/uploads\/2025\/10\/f5b26630-a2c2-11f0-92db-77261a15b9d2.jpg.webp.webp\"   alt=\"Ooteca de f\u00eamea de tubar\u00e3o-bal\u00e3o-do-pac\u00edfico, presa a algas gigantes no fundo do mar, iluminada por luz verde subaqu\u00e1tica\" loading=\"lazy\" width=\"6103\" height=\"4068\" style=\"aspect-ratio:6103 \/ 4068\" class=\"bbc-139onq\"\/><\/p>\n<p class=\"bbc-by8ykd\" role=\"text\">Cr\u00e9dito, Ralph Pace<\/p>\n<p>Legenda da foto, Local: ba\u00eda de Monterey, Calif\u00f3rnia, Estados Unidos<\/p>\n<p dir=\"ltr\" class=\"bbc-hhl7in e17g058b0\">Ralph Pace enfrentou fortes correntes para conseguir manter firme sua c\u00e2mera e capturar a imagem da ooteca de uma f\u00eamea de tubar\u00e3o-bal\u00e3o-do-pac\u00edfico.<\/p>\n<p dir=\"ltr\" class=\"bbc-hhl7in e17g058b0\">Iluminada por tr\u00e1s, a ooteca revelou um embri\u00e3o brilhante, completo, com as fendas branquiais e o saco vitelino.<\/p>\n<p dir=\"ltr\" class=\"bbc-hhl7in e17g058b0\">O tubar\u00e3o-bal\u00e3o-do-pac\u00edfico depende das algas marinhas para depositar seus ovos, que s\u00e3o duros como couro. Por isso, eles s\u00e3o vulner\u00e1veis \u00e0 perda das florestas de algas.<\/p>\n<p dir=\"ltr\" class=\"bbc-hhl7in e17g058b0\">Os pesquisadores acreditam que a quantidade de algas da ba\u00eda de Monterey, no Estado americano da Calif\u00f3rnia (EUA), diminuiu em mais de 95% nos \u00faltimos 34 anos.<\/p>\n<p dir=\"ltr\" class=\"bbc-hhl7in e17g058b0\"><b>Retratos Animais \u2014 <\/b><b>O Ca\u00e7ador das Sombras<\/b><b>, de Philipp Egger, It\u00e1lia<\/b><\/p>\n<p><img decoding=\"async\" src=\"https:\/\/www.europesays.com\/pt\/wp-content\/uploads\/2025\/10\/be43fc80-9869-11f0-858a-a904eacbef23.jpg.webp.webp\"   alt=\"Mocho-real em sombra profunda, com seu olho laranja brilhando e leves arbustos sobre suas penas escuras\" loading=\"lazy\" width=\"5273\" height=\"3856\" style=\"aspect-ratio:5273 \/ 3856\" class=\"bbc-139onq\"\/><\/p>\n<p class=\"bbc-by8ykd\" role=\"text\">Cr\u00e9dito, Philipp Egger<\/p>\n<p>Legenda da foto, Local: Naturno, Tirol do Sul, It\u00e1lia<\/p>\n<p dir=\"ltr\" class=\"bbc-hhl7in e17g058b0\">Philipp Egger passou quatro anos observando de longe o ninho desta esp\u00e9cie de coruja, planejando cuidadosamente sua imagem.<\/p>\n<p dir=\"ltr\" class=\"bbc-hhl7in e17g058b0\">O mocho-real \u00e9 uma das maiores corujas do mundo. Ca\u00e7adores noturnos, eles fazem ninhos sobre os rochedos ou em fendas e costumam retornar ao mesmo local por muitos anos.<\/p>\n<p dir=\"ltr\" class=\"bbc-hhl7in e17g058b0\"><b>Comportamento: Aves \u2014 <\/b><b>Pesca Sincronizada<\/b><b>, de Qingrong Yang, China<\/b><\/p>\n<p><img decoding=\"async\" src=\"https:\/\/www.europesays.com\/pt\/wp-content\/uploads\/2025\/10\/c89659d0-9869-11f0-858a-a904eacbef23.jpg.webp.webp\"   alt=\"Peixe-torpedo rompe a superf\u00edcie da \u00e1gua para pegar sua presa, enquanto uma gar\u00e7a voa diretamente sobre ele\" loading=\"lazy\" width=\"3531\" height=\"2354\" style=\"aspect-ratio:3531 \/ 2354\" class=\"bbc-139onq\"\/><\/p>\n<p class=\"bbc-by8ykd\" role=\"text\">Cr\u00e9dito, Qingrong Yang<\/p>\n<p>Legenda da foto, Local: lago Yundang, Fujian, China<\/p>\n<p dir=\"ltr\" class=\"bbc-hhl7in e17g058b0\">No lago Yundang, no sudeste da China, Qingrong Yang registrou a imagem de um peixe-torpedo capturando sua presa bem embaixo do bico de uma pequena gar\u00e7a.<\/p>\n<p dir=\"ltr\" class=\"bbc-hhl7in e17g058b0\">Ele visita frequentemente o lago para documentar esses fren\u00e9ticos momentos alimentares.<\/p>\n<p dir=\"ltr\" class=\"bbc-hhl7in e17g058b0\">Antes separado do mar e altamente polu\u00eddo, o lago foi reconectado por um sistema de comportas que regula o fluxo da \u00e1gua.<\/p>\n<p dir=\"ltr\" class=\"bbc-hhl7in e17g058b0\"><b>Comportamento: Mam\u00edferos \u2014 <\/b><b>Felino Entre os Flamingos<\/b><b>, de Dennis Stogsdill, Estados Unidos<\/b><\/p>\n<p><img decoding=\"async\" src=\"https:\/\/www.europesays.com\/pt\/wp-content\/uploads\/2025\/10\/d9dbd6e0-a2bc-11f0-b741-177e3e2c2fc7.jpg.webp.webp\"   alt=\"Lince-do-deserto carrega um flamingo ensaguentado no meio da ca\u00e7ada para uma margem arenosa do lago\" loading=\"lazy\" width=\"7078\" height=\"4719\" style=\"aspect-ratio:7078 \/ 4719\" class=\"bbc-139onq\"\/><\/p>\n<p class=\"bbc-by8ykd\" role=\"text\">Cr\u00e9dito, Dennis Stogsdill<\/p>\n<p>Legenda da foto, Local: lago Ndutu, Parque Nacional do Serengeti, Tanz\u00e2nia<\/p>\n<p dir=\"ltr\" class=\"bbc-hhl7in e17g058b0\">Ap\u00f3s dias procurando felinos selvagens, Dennis Stogsdill chegou ao lago Ndutu, na Tanz\u00e2nia, esperando encontrar um serval. Mas ele acabou observando um lince-do-deserto pular sobre os flamingos, uma ca\u00e7ada raramente registrada.<\/p>\n<p dir=\"ltr\" class=\"bbc-hhl7in e17g058b0\">Os linces-do-deserto s\u00e3o conhecidos pelos seus saltos acrob\u00e1ticos para capturar p\u00e1ssaros. Mas seus flagrantes ca\u00e7ando flamingos s\u00e3o raros.<\/p>\n<p dir=\"ltr\" class=\"bbc-hhl7in e17g058b0\"><b>Fotojornalismo \u2014 <\/b><b>Como Salvar uma Esp\u00e9cie<\/b><b>, de Jon A. Ju\u00e1rez, Espanha<\/b><\/p>\n<p><img decoding=\"async\" src=\"https:\/\/www.europesays.com\/pt\/wp-content\/uploads\/2025\/10\/c6e2de70-985e-11f0-858a-a904eacbef23.jpg.webp.webp\"   alt=\"Embri\u00e3o de rinoceronte-branco-do-norte sobre um tapete cir\u00fargico, rodeado por instrumentos m\u00e9dicos, em um laborat\u00f3rio\" loading=\"lazy\" width=\"6185\" height=\"4123\" style=\"aspect-ratio:6185 \/ 4123\" class=\"bbc-139onq\"\/><\/p>\n<p class=\"bbc-by8ykd\" role=\"text\">Cr\u00e9dito, Jon A. Ju\u00e1rez<\/p>\n<p>Legenda da foto, Local: unidade de conserva\u00e7\u00e3o Ol Pejeta, Nanyuki, Condado de Laikipia, Qu\u00eania<\/p>\n<p dir=\"ltr\" class=\"bbc-hhl7in e17g058b0\">Jon A. Ju\u00e1rez acompanha h\u00e1 anos o projeto BioRescue, dedicado a resgatar o rinoceronte-branco-do-norte.<\/p>\n<p dir=\"ltr\" class=\"bbc-hhl7in e17g058b0\">Ele presenciou uma revolu\u00e7\u00e3o na conserva\u00e7\u00e3o dos rinocerontes: a primeira transfer\u00eancia bem sucedida de um embri\u00e3o.<\/p>\n<p dir=\"ltr\" class=\"bbc-hhl7in e17g058b0\">&#8220;Foi algo que nunca irei esquecer&#8221;, ele conta.<\/p>\n<p dir=\"ltr\" class=\"bbc-hhl7in e17g058b0\">O feto n\u00e3o sobreviveu devido a uma infec\u00e7\u00e3o. Mas o feito comprovou que a fertiliza\u00e7\u00e3o in vitro pode funcionar com os rinocerontes e possibilitar aos cientistas salvar o rinoceronte-branco-do-norte, em perigo cr\u00edtico de extin\u00e7\u00e3o.<\/p>\n<p dir=\"ltr\" class=\"bbc-hhl7in e17g058b0\"><b>Comportamento: Anf\u00edbios e R\u00e9pteis \u2014 <\/b><b>Sapos se Divertindo<\/b><b>, de Quentin Martinez, Fran\u00e7a<\/b><\/p>\n<p><img decoding=\"async\" src=\"https:\/\/www.europesays.com\/pt\/wp-content\/uploads\/2025\/10\/00c940b0-986a-11f0-928c-71dbb8619e94.jpg.webp.webp\"   alt=\"Pererecas reunidas \u00e0 noite sobre folhas largas de tom verde escuro, com fundo totalmente preto\" loading=\"lazy\" width=\"5472\" height=\"3648\" style=\"aspect-ratio:5472 \/ 3648\" class=\"bbc-139onq\"\/><\/p>\n<p class=\"bbc-by8ykd\" role=\"text\">Cr\u00e9dito, Quentin Martinez<\/p>\n<p>Legenda da foto, Local: montanha Kaw, Guiana Francesa<\/p>\n<p dir=\"ltr\" class=\"bbc-hhl7in e17g058b0\">Sob forte chuva, Quentin Martinez seguiu um caminho alagado at\u00e9 uma piscina em uma clareira na floresta.<\/p>\n<p dir=\"ltr\" class=\"bbc-hhl7in e17g058b0\">Usando uma lente grande angular e flash difuso, ele capturou o brilho met\u00e1lico de pererecas se reunindo para procriar.<\/p>\n<p dir=\"ltr\" class=\"bbc-hhl7in e17g058b0\">As pererecas atraem seus parceiros com chamados curtos e estridentes. O evento \u00e9 despertado pela forte chuva, que dura apenas algumas horas.<\/p>\n<p dir=\"ltr\" class=\"bbc-hhl7in e17g058b0\"><b>Pr\u00eamio de Reportagem Fotojornal\u00edstica \u2014 <\/b><b>Fim do Rodeio: Po\u00e7o Fervilhante<\/b><b>, de Javier Aznar Gonz\u00e1lez de Rueda, Espanha<\/b><\/p>\n<p><img decoding=\"async\" src=\"https:\/\/www.europesays.com\/pt\/wp-content\/uploads\/2025\/10\/81ed9db0-a2bc-11f0-b741-177e3e2c2fc7.jpg.webp.webp\"   alt=\"Grande recinto fechado, repleto de centenas de cascav\u00e9is-diamante-ocidentais, com visitantes observando atrav\u00e9s de janelas de vidro\" loading=\"lazy\" width=\"6952\" height=\"4637\" style=\"aspect-ratio:6952 \/ 4637\" class=\"bbc-139onq\"\/><\/p>\n<p class=\"bbc-by8ykd\" role=\"text\">Cr\u00e9dito, Javier Aznar Gonz\u00e1lez de Rueda<\/p>\n<p>Legenda da foto, Local: Estados Unidos<\/p>\n<p dir=\"ltr\" class=\"bbc-hhl7in e17g058b0\">Javier Aznar Gonz\u00e1lez de Rueda atravessou os Estados Unidos para explorar as conflitantes vis\u00f5es da sociedade em rela\u00e7\u00e3o \u00e0s cascav\u00e9is, que variam de profundo respeito a medo e persegui\u00e7\u00e3o.<\/p>\n<p dir=\"ltr\" class=\"bbc-hhl7in e17g058b0\">Elas j\u00e1 foram personagens centrais de verdadeiros &#8220;rodeios&#8221;, onde os ca\u00e7adores competiam para ver quem capturava a maior quantidade. Agora, as cascav\u00e9is est\u00e3o amea\u00e7adas pela hostilidade e pela perda de habitat.<\/p>\n<p dir=\"ltr\" class=\"bbc-hhl7in e17g058b0\">A imagem de Aznar convoca \u00e0 conserva\u00e7\u00e3o das cascav\u00e9is, antes que elas sejam extintas.<\/p>\n<p dir=\"ltr\" class=\"bbc-hhl7in e17g058b0\"><b>Comportamento: Invertebrados \u2014 <\/b><b>Chapeleiro Louco<\/b><b>, de Georgina Steytler, Austr\u00e1lia<\/b><\/p>\n<p><img decoding=\"async\" src=\"https:\/\/www.europesays.com\/pt\/wp-content\/uploads\/2025\/10\/2185af50-986a-11f0-af62-91486a511a31.jpg.webp.webp\"   alt=\"Lagarta esqueletizadora-de-folha-de-gomas retroiluminada no p\u00f4r do sol, mostrando uma pilha de velhas c\u00e1psulas de sua cabe\u00e7a, de mudas anteriores&#10;\" loading=\"lazy\" width=\"3771\" height=\"2514\" style=\"aspect-ratio:3771 \/ 2514\" class=\"bbc-139onq\"\/><\/p>\n<p class=\"bbc-by8ykd\" role=\"text\">Cr\u00e9dito, Georgina Steytler<\/p>\n<p>Legenda da foto, Local: Parque Nacional Torndirrup, Austr\u00e1lia Ocidental<\/p>\n<p dir=\"ltr\" class=\"bbc-hhl7in e17g058b0\">Ap\u00f3s anos de busca, Georgina Steytler finalmente encontrou folhas de eucaliptos esqueletizadas, um sinal definitivo da lagarta esqueletizadora-de-folhas-de-goma, tamb\u00e9m conhecida como &#8220;Chapeleiro Louco&#8221;.<\/p>\n<p dir=\"ltr\" class=\"bbc-hhl7in e17g058b0\">Retroiluminada ao p\u00f4r do sol, ela mostra uma estranha torre de c\u00e1psulas de cabe\u00e7a descartadas pela lagarta.<\/p>\n<p dir=\"ltr\" class=\"bbc-hhl7in e17g058b0\">Cada muda deixa uma c\u00e1psula para tr\u00e1s, formando uma pilha para confundir os predadores.<\/p>\n<p dir=\"ltr\" class=\"bbc-hhl7in e17g058b0\"><b>Oceanos \u2014 <\/b><b>O Banquete<\/b><b>, de Audun Rickardsen, Noruega<\/b><\/p>\n<p><img decoding=\"async\" src=\"https:\/\/www.europesays.com\/pt\/wp-content\/uploads\/2025\/10\/bec62f60-986a-11f0-af62-91486a511a31.jpg.webp.webp\"   alt=\"Bando de gaivotas se re\u00fane em volta de uma traineira de pesca \u00e0 noite no Oceano Atl\u00e2ntico, com c\u00e9u totalmente preto, exceto pelo brilho das luzes do barco\" loading=\"lazy\" width=\"6720\" height=\"4575\" style=\"aspect-ratio:6720 \/ 4575\" class=\"bbc-139onq\"\/><\/p>\n<p class=\"bbc-by8ykd\" role=\"text\">Cr\u00e9dito, Audun Rickardsen<\/p>\n<p>Legenda da foto, Local: fiorde Kv\u00e6nang, Skjerv\u00f8y, Noruega<\/p>\n<p dir=\"ltr\" class=\"bbc-hhl7in e17g058b0\">Durante uma noite polar na Noruega, Audun Rickardsen fotografou gaivotas reunidas em torno de um barco de pesca, tentando pegar os peixes capturados nas redes.<\/p>\n<p dir=\"ltr\" class=\"bbc-hhl7in e17g058b0\">Sua inten\u00e7\u00e3o \u00e9 destacar o conflito entre as aves marinhas e a ind\u00fastria pesqueira.<\/p>\n<p dir=\"ltr\" class=\"bbc-hhl7in e17g058b0\">Muitas aves se afogam em redes de pesca todos os anos. Os pesquisadores v\u00eam testando solu\u00e7\u00f5es, como afundar as redes com mais rapidez, para reduzir o acesso das aves.<\/p>\n<p dir=\"ltr\" class=\"bbc-hhl7in e17g058b0\"><b>Plantas e Fungos \u2014 <\/b><b>Sedu\u00e7\u00e3o Mortal<\/b><b>, de Chien Lee, Mal\u00e1sia<\/b><\/p>\n<p><img decoding=\"async\" src=\"https:\/\/www.europesays.com\/pt\/wp-content\/uploads\/2025\/10\/5b5c6aa0-a2bc-11f0-928c-71dbb8619e94.jpg.webp.webp\"   alt=\"Plantas-jarro, que atraem insetos, em tons rosa e violeta brilhantes sob ilumina\u00e7\u00e3o UV no escuro\" loading=\"lazy\" width=\"6256\" height=\"4170\" style=\"aspect-ratio:6256 \/ 4170\" class=\"bbc-139onq\"\/><\/p>\n<p class=\"bbc-by8ykd\" role=\"text\">Cr\u00e9dito, Chien Lee<\/p>\n<p>Legenda da foto, Local: Kuching, Sarawak, Born\u00e9u, Mal\u00e1sia<\/p>\n<p dir=\"ltr\" class=\"bbc-hhl7in e17g058b0\">Ao contr\u00e1rio dos seres humanos, os insetos podem ver a luz ultravioleta (UV).<\/p>\n<p dir=\"ltr\" class=\"bbc-hhl7in e17g058b0\">Para capturar esta imagem, Chien Lee usou longa exposi\u00e7\u00e3o e uma lanterna de UV. Ele esperou a janela de cinco minutos de escurecimento da luz natural, logo ap\u00f3s o p\u00f4r do sol.<\/p>\n<p dir=\"ltr\" class=\"bbc-hhl7in e17g058b0\">Algumas plantas-jarro carn\u00edvoras refletem a luz UV como parte do espet\u00e1culo, usando cores, aroma e n\u00e9ctar para atrair as presas.<\/p>\n<p dir=\"ltr\" class=\"bbc-hhl7in e17g058b0\"><b>Pr\u00eamio Estrela em Ascens\u00e3o \u2014 <\/b><b>Momentos de Observa\u00e7\u00e3o: Conhe\u00e7a os Vizinhos<\/b><b>, de Luca Lorenz, Alemanha<\/b><\/p>\n<p><img decoding=\"async\" src=\"https:\/\/www.europesays.com\/pt\/wp-content\/uploads\/2025\/10\/7c875a60-97b7-11f0-858a-a904eacbef23.jpg.webp.webp\"   alt=\"Rat\u00e3o-do-banhado de p\u00e9, perto de um corpo d'\u00e1gua, durante o crep\u00fasculo. Atr\u00e1s dele, cisnes fantasmag\u00f3ricos deslizam pela \u00e1gua, cercados por um fundo desfocado e on\u00edrico de \u00e1rvores sem folhas, contra um c\u00e9u azul e p\u00farpura\" loading=\"lazy\" width=\"4341\" height=\"2464\" style=\"aspect-ratio:4341 \/ 2464\" class=\"bbc-139onq\"\/><\/p>\n<p class=\"bbc-by8ykd\" role=\"text\">Cr\u00e9dito, Luca Lorenz<\/p>\n<p>Legenda da foto, Local: Alemanha<\/p>\n<p dir=\"ltr\" class=\"bbc-hhl7in e17g058b0\">Quando era crian\u00e7a, Luca Lorenz passava horas observando aves e aprendendo sobre a vida selvagem.<\/p>\n<p dir=\"ltr\" class=\"bbc-hhl7in e17g058b0\">Enquanto fotografava cisnes em um lago urbano, um rat\u00e3o-do-banhado invadiu o cen\u00e1rio.<\/p>\n<p dir=\"ltr\" class=\"bbc-hhl7in e17g058b0\">Nativo da Am\u00e9rica do Sul, o rat\u00e3o-do-banhado foi introduzido na Europa para o com\u00e9rcio da sua pele. Agora, ele vive em popula\u00e7\u00f5es selvagens.<\/p>\n<p dir=\"ltr\" class=\"bbc-hhl7in e17g058b0\">Luca comprou sua primeira c\u00e2mera com 13 anos de idade e n\u00e3o parou mais de fotografar. Ele espera que seu trabalho inspire outras pessoas a proteger a natureza.<\/p>\n<p dir=\"ltr\" class=\"bbc-hhl7in e17g058b0\"><b>Talento Art\u00edstico Natural \u2014 <\/b><b>Presa no Sem\u00e1foro<\/b><b>, de Simone Baumeister, Alemanha<\/b><\/p>\n<p><img decoding=\"async\" src=\"https:\/\/www.europesays.com\/pt\/wp-content\/uploads\/2025\/10\/8d22d3b0-97b5-11f0-af62-91486a511a31.jpg.webp.webp\"   alt=\"Criativa foto abstrata, mostrando formas circulares borradas, coloridas em vermelho, azul, amarelo e laranja, contra um fundo preto. No centro, \u00e9 vis\u00edvel a silhueta de uma aranha, que parece flutuar dentro de um dos c\u00edrculos brilhantes.\" loading=\"lazy\" width=\"6737\" height=\"4494\" style=\"aspect-ratio:6737 \/ 4494\" class=\"bbc-139onq\"\/><\/p>\n<p class=\"bbc-by8ykd\" role=\"text\">Cr\u00e9dito, Simone Baumeister<\/p>\n<p>Legenda da foto, Local: Ibbenbu\u0308ren, Ren\u00e2nia do Norte-Vestf\u00e1lia, Alemanha<\/p>\n<p dir=\"ltr\" class=\"bbc-hhl7in e17g058b0\">Em uma ponte na cidade, Simone Baumeister fotografou a silhueta de uma aranha-tecel\u00e3 contra as luzes do sem\u00e1foro.<\/p>\n<p dir=\"ltr\" class=\"bbc-hhl7in e17g058b0\">Revertendo um dos seis elementos de vidro em uma lente anal\u00f3gica, ela criou o efeito caleidosc\u00f3pico que emoldurou a aranha.<\/p>\n<p dir=\"ltr\" class=\"bbc-hhl7in e17g058b0\">Nas cidades, essas aranhas costumam tecer suas teias perto de luzes artificiais, que atraem os insetos que voam \u00e0 noite.<\/p>\n<p dir=\"ltr\" class=\"bbc-hhl7in e17g058b0\"><b>Pr\u00eamio Portf\u00f3lio \u2014 <\/b><b>Vis\u00f5es do Norte: Motivos de Gelo<\/b><b>, de Alexey Kharitonov, Israel\/R\u00fassia<\/b><\/p>\n<p><img decoding=\"async\" src=\"https:\/\/www.europesays.com\/pt\/wp-content\/uploads\/2025\/10\/68357a80-9792-11f0-84c8-99de564f0440.jpg.webp.webp\"   alt=\"Superf\u00edcie de lago congelado mostra tr\u00eas c\u00edrculos escuros rodeados por gelo rachado. Ao fundo, linhas curvas maiores de neve e gelo rodeiam os c\u00edrculos.\" loading=\"lazy\" width=\"3863\" height=\"5159\" style=\"aspect-ratio:3863 \/ 5159\" class=\"bbc-139onq\"\/><\/p>\n<p class=\"bbc-by8ykd\" role=\"text\">Cr\u00e9dito, Alexey Kharitonov<\/p>\n<p>Legenda da foto, Local: R\u00fassia<\/p>\n<p dir=\"ltr\" class=\"bbc-hhl7in e17g058b0\">O fot\u00f3grafo de paisagens autodidata Alexey Kharitonov transforma o norte da R\u00fassia, a Sib\u00e9ria e a \u00c1sia em suas telas.<\/p>\n<p dir=\"ltr\" class=\"bbc-hhl7in e17g058b0\">Nesta imagem, um lago rec\u00e9m-congelado no p\u00e2ntano de Svetlyachkovskoye mostra c\u00edrculos escuros pontilhados de neve e marcados por veios em forma de rachaduras.<\/p>\n<p dir=\"ltr\" class=\"bbc-hhl7in e17g058b0\">Usando um drone, ele captura a r\u00e1pida transi\u00e7\u00e3o do ver\u00e3o para o inverno nas florestas de taiga e na tundra do \u00c1rtico.<\/p>\n<p dir=\"ltr\" class=\"bbc-hhl7in e17g058b0\"><b>Pr\u00eamio Impacto \u2014 <\/b><b>\u00d3rf\u00e3o da Estrada<\/b><b>, de Fernando Faciole, Brasil<\/b><\/p>\n<p><img decoding=\"async\" src=\"https:\/\/www.europesays.com\/pt\/wp-content\/uploads\/2025\/10\/f666c060-97b1-11f0-858a-a904eacbef23.jpg.webp.webp\"   alt=\"Pequeno tamandu\u00e1 anda em ambiente interno, ao lado de uma pessoa com cal\u00e7a verde e sapatos escuros, e parece acompanhar de perto suas pernas. O movimento borrado oferece sensa\u00e7\u00e3o de movimento ao longo do piso cer\u00e2mico.\" loading=\"lazy\" width=\"6471\" height=\"4314\" style=\"aspect-ratio:6471 \/ 4314\" class=\"bbc-139onq\"\/><\/p>\n<p class=\"bbc-by8ykd\" role=\"text\">Cr\u00e9dito, Fernando Faciole<\/p>\n<p>Legenda da foto, Local: Centro de Triagem de Animais Silvestres, Belo Horizonte (MG)<\/p>\n<p dir=\"ltr\" class=\"bbc-hhl7in e17g058b0\">Em um centro de reabilita\u00e7\u00e3o em Belo Horizonte, Fernando Faciole fotografou um filhote \u00f3rf\u00e3o de tamandu\u00e1-gigante seguindo seu cuidador.<\/p>\n<p dir=\"ltr\" class=\"bbc-hhl7in e17g058b0\">Seu objetivo \u00e9 mostrar as consequ\u00eancias dos acidentes nas estradas, uma grande amea\u00e7a para esses animais.<\/p>\n<p dir=\"ltr\" class=\"bbc-hhl7in e17g058b0\">Os conservacionistas trabalham para desenvolver estrat\u00e9gias para reduzir as mortes de tamandu\u00e1s nas estradas de todo o Brasil.<\/p>\n","protected":false},"excerpt":{"rendered":"Cr\u00e9dito, Wim van den Heever Legenda da foto, Fot\u00f3grafo da Vida Selvagem do Ano e vencedor na categoria&hellip;\n","protected":false},"author":2,"featured_media":111517,"comment_status":"","ping_status":"","sticky":false,"template":"","format":"standard","meta":{"footnotes":""},"categories":[144],"tags":[207,205,206,203,201,202,204,114,115,32,33],"class_list":{"0":"post-111516","1":"post","2":"type-post","3":"status-publish","4":"format-standard","5":"has-post-thumbnail","7":"category-arte-e-design","8":"tag-arte","9":"tag-arte-e-design","10":"tag-artedesign","11":"tag-arts","12":"tag-arts-and-design","13":"tag-artsanddesign","14":"tag-design","15":"tag-entertainment","16":"tag-entretenimento","17":"tag-portugal","18":"tag-pt"},"share_on_mastodon":{"url":"","error":""},"_links":{"self":[{"href":"https:\/\/www.europesays.com\/pt\/wp-json\/wp\/v2\/posts\/111516","targetHints":{"allow":["GET"]}}],"collection":[{"href":"https:\/\/www.europesays.com\/pt\/wp-json\/wp\/v2\/posts"}],"about":[{"href":"https:\/\/www.europesays.com\/pt\/wp-json\/wp\/v2\/types\/post"}],"author":[{"embeddable":true,"href":"https:\/\/www.europesays.com\/pt\/wp-json\/wp\/v2\/users\/2"}],"replies":[{"embeddable":true,"href":"https:\/\/www.europesays.com\/pt\/wp-json\/wp\/v2\/comments?post=111516"}],"version-history":[{"count":0,"href":"https:\/\/www.europesays.com\/pt\/wp-json\/wp\/v2\/posts\/111516\/revisions"}],"wp:featuredmedia":[{"embeddable":true,"href":"https:\/\/www.europesays.com\/pt\/wp-json\/wp\/v2\/media\/111517"}],"wp:attachment":[{"href":"https:\/\/www.europesays.com\/pt\/wp-json\/wp\/v2\/media?parent=111516"}],"wp:term":[{"taxonomy":"category","embeddable":true,"href":"https:\/\/www.europesays.com\/pt\/wp-json\/wp\/v2\/categories?post=111516"},{"taxonomy":"post_tag","embeddable":true,"href":"https:\/\/www.europesays.com\/pt\/wp-json\/wp\/v2\/tags?post=111516"}],"curies":[{"name":"wp","href":"https:\/\/api.w.org\/{rel}","templated":true}]}}