{"id":111518,"date":"2025-10-15T09:02:12","date_gmt":"2025-10-15T09:02:12","guid":{"rendered":"https:\/\/www.europesays.com\/pt\/111518\/"},"modified":"2025-10-15T09:02:12","modified_gmt":"2025-10-15T09:02:12","slug":"casa-dos-segredos-foi-um-plano-da-tvi-sandro-acusa-cristina-ferreira-de-alimentar-traicao-de-liliana","status":"publish","type":"post","link":"https:\/\/www.europesays.com\/pt\/111518\/","title":{"rendered":"Casa dos Segredos &#8211; Foi um plano da TVI? Sandro acusa Cristina Ferreira de \u201calimentar\u201d trai\u00e7\u00e3o de Liliana"},"content":{"rendered":"<p><strong>Sandro<\/strong> foi expulso da <strong>Casa dos Segredos<\/strong> com <a href=\"https:\/\/www.novagente.pt\/casa-dos-segredos-nao-teve-hipoteses-este-concorrente-foi-expulso-com-apenas-3-dos-votos\" rel=\"nofollow noopener\" target=\"_blank\">a menor percentagem<\/a> desta edi\u00e7\u00e3o. Fora do programa, o ex-concorrente tem sido agora confrontado com o que se tem dito sobre si e a sua presta\u00e7\u00e3o.<\/p>\n<p>Num direto com o site A Televis\u00e3o, o barbeiro de <strong>Cristiano Ronaldo<\/strong> falou sobre o enredo <strong>Liliana, F\u00e1bio e Z\u00e9<\/strong> e acabou mesmo por lan\u00e7ar acusa\u00e7\u00f5es a <strong>Cristina Ferreira<\/strong>.<\/p>\n<blockquote>\n<p><strong>Leia ainda: Casa dos Segredos &#8211; <\/strong><a href=\"https:\/\/www.novagente.pt\/casa-dos-segredos-apos-familia-de-dylan-desmentir-segredo-cristina-ferreira-deixa-recado-para-ja-vao\" rel=\"nofollow noopener\" target=\"_blank\">Ap\u00f3s fam\u00edlia de Dylan desmentir segredo, Cristina Ferreira deixa recado: &#8220;Para j\u00e1, v\u00e3o ver&#8230;&#8221;<\/a><\/p>\n<\/blockquote>\n<p><strong>\u201cC\u00e1 fora queriam que ela encornasse o noivo, sabendo que ela tinha noivo, e eu, que era a pessoa mais sensata, que achava que ela devia terminar a rela\u00e7\u00e3o c\u00e1 fora para poder avan\u00e7ar no jogo dela, fui a pessoa criticada\u201d<\/strong>, referiu e atirou: \u201cIsso n\u00e3o faz sentido nenhum\u201d.<\/p>\n<p>Sandro fez ainda surpreendentes afirma\u00e7\u00f5es: <strong>\u201cA pr\u00f3pria Cristina queria alimentar aquilo, e foram eles que nos deram o engodo\u201d<\/strong>.<\/p>\n<p>\u00a0<\/p>\n<p>\u00a0<\/p>\n<p>Texto: Carolina Charrua; Fotos: Redes sociais<\/p>\n<p class=\"intagram-text\">Siga a Nova Gente no Instagram<\/p>\n<p>                        <a href=\"https:\/\/www.instagram.com\/revistanovagente\/\" target=\"_blank\" aria-label=\"instagram\" rel=\"noopener nofollow\"><img decoding=\"async\" style=\"display: block; margin-left: auto; margin-right: auto; width: 250px; height: 83px;\" src=\"https:\/\/www.europesays.com\/pt\/wp-content\/uploads\/2025\/10\/Instagram_NG.png\" alt=\"instagram\"\/><\/a><br \/>\n                    <script async src=\"\/\/www.instagram.com\/embed.js\"><\/script><\/p>\n","protected":false},"excerpt":{"rendered":"Sandro foi expulso da Casa dos Segredos com a menor percentagem desta edi\u00e7\u00e3o. Fora do programa, o ex-concorrente&hellip;\n","protected":false},"author":2,"featured_media":111519,"comment_status":"","ping_status":"","sticky":false,"template":"","format":"standard","meta":{"footnotes":""},"categories":[142],"tags":[2632,166,114,115,19016,32,33,19064,1315,1196,151,162],"class_list":{"0":"post-111518","1":"post","2":"type-post","3":"status-publish","4":"format-standard","5":"has-post-thumbnail","7":"category-tv","8":"tag-casa-dos-segredos","9":"tag-cristina-ferreira","10":"tag-entertainment","11":"tag-entretenimento","12":"tag-liliana","13":"tag-portugal","14":"tag-pt","15":"tag-sandro","16":"tag-secret-story","17":"tag-traicao","18":"tag-tv","19":"tag-tvi"},"share_on_mastodon":{"url":"","error":""},"_links":{"self":[{"href":"https:\/\/www.europesays.com\/pt\/wp-json\/wp\/v2\/posts\/111518","targetHints":{"allow":["GET"]}}],"collection":[{"href":"https:\/\/www.europesays.com\/pt\/wp-json\/wp\/v2\/posts"}],"about":[{"href":"https:\/\/www.europesays.com\/pt\/wp-json\/wp\/v2\/types\/post"}],"author":[{"embeddable":true,"href":"https:\/\/www.europesays.com\/pt\/wp-json\/wp\/v2\/users\/2"}],"replies":[{"embeddable":true,"href":"https:\/\/www.europesays.com\/pt\/wp-json\/wp\/v2\/comments?post=111518"}],"version-history":[{"count":0,"href":"https:\/\/www.europesays.com\/pt\/wp-json\/wp\/v2\/posts\/111518\/revisions"}],"wp:featuredmedia":[{"embeddable":true,"href":"https:\/\/www.europesays.com\/pt\/wp-json\/wp\/v2\/media\/111519"}],"wp:attachment":[{"href":"https:\/\/www.europesays.com\/pt\/wp-json\/wp\/v2\/media?parent=111518"}],"wp:term":[{"taxonomy":"category","embeddable":true,"href":"https:\/\/www.europesays.com\/pt\/wp-json\/wp\/v2\/categories?post=111518"},{"taxonomy":"post_tag","embeddable":true,"href":"https:\/\/www.europesays.com\/pt\/wp-json\/wp\/v2\/tags?post=111518"}],"curies":[{"name":"wp","href":"https:\/\/api.w.org\/{rel}","templated":true}]}}