{"id":111520,"date":"2025-10-15T09:05:11","date_gmt":"2025-10-15T09:05:11","guid":{"rendered":"https:\/\/www.europesays.com\/pt\/111520\/"},"modified":"2025-10-15T09:05:11","modified_gmt":"2025-10-15T09:05:11","slug":"benfica-manu-silva-e-sudakov-em-destaque-no-treino-aberto","status":"publish","type":"post","link":"https:\/\/www.europesays.com\/pt\/111520\/","title":{"rendered":"Benfica: Manu Silva e Sudakov em destaque no treino aberto"},"content":{"rendered":"<p>O Benfica abriu, na tarde desta ter\u00e7a-feira, o treino \u00e0 comunica\u00e7\u00e3o social, que contou com a presen\u00e7a de Manu Silva e Heorhiy\u00a0Sudakov.\u00a0<\/p>\n<p>Manu, que se v\u00ea afastado dos relvados desde fevereiro, treinou com bola, indiciando uma evolu\u00e7\u00e3o na recupera\u00e7\u00e3o. O seu regresso est\u00e1 previsto para dezembro.<\/p>\n<p>J\u00e1, Sudakov, dispensado da sele\u00e7\u00e3o ucraniana, ap\u00f3s sofrer um traumatismo no ombro esquerdo, no jogo frente \u00e0 Isl\u00e2ndia, apresentou-se sem qualquer prote\u00e7\u00e3o no ombro, ainda que a fazer tamb\u00e9m treino individualizado.<\/p>\n<p>Os internacionais Ivanovic, Pavlidis, Trubin, Leandro Santos, Jo\u00e3o Veloso, Henrique Ara\u00fajo, Jo\u00e3o R\u00eago, Dedi\u0107 e Dahl j\u00e1 se encontram, tamb\u00e9m, ao servi\u00e7o do Benfica.<\/p>\n<p>Das camadas de forma\u00e7\u00e3o, Ivan Lima (extremo), Jos\u00e9 Melro (avan\u00e7ado) e Ricardo Ribeiro, (guarda-redes) treinaram com a equipa principal, que se prepara para o jogo da Ta\u00e7a de Portugal, esta sexta-feira, frente ao Chaves.\u00a0<\/p>\n","protected":false},"excerpt":{"rendered":"O Benfica abriu, na tarde desta ter\u00e7a-feira, o treino \u00e0 comunica\u00e7\u00e3o social, que contou com a presen\u00e7a de&hellip;\n","protected":false},"author":2,"featured_media":111521,"comment_status":"","ping_status":"","sticky":false,"template":"","format":"standard","meta":{"footnotes":""},"categories":[87],"tags":[51,135,46,25103,32,33,47,134,13660,3990],"class_list":{"0":"post-111520","1":"post","2":"type-post","3":"status-publish","4":"format-standard","5":"has-post-thumbnail","7":"category-desporto","8":"tag-benfica","9":"tag-desporto","10":"tag-maisfutebol","11":"tag-manu-silva","12":"tag-portugal","13":"tag-pt","14":"tag-pura-paixao","15":"tag-sports","16":"tag-sudakov","17":"tag-treino-benfica"},"share_on_mastodon":{"url":"","error":""},"_links":{"self":[{"href":"https:\/\/www.europesays.com\/pt\/wp-json\/wp\/v2\/posts\/111520","targetHints":{"allow":["GET"]}}],"collection":[{"href":"https:\/\/www.europesays.com\/pt\/wp-json\/wp\/v2\/posts"}],"about":[{"href":"https:\/\/www.europesays.com\/pt\/wp-json\/wp\/v2\/types\/post"}],"author":[{"embeddable":true,"href":"https:\/\/www.europesays.com\/pt\/wp-json\/wp\/v2\/users\/2"}],"replies":[{"embeddable":true,"href":"https:\/\/www.europesays.com\/pt\/wp-json\/wp\/v2\/comments?post=111520"}],"version-history":[{"count":0,"href":"https:\/\/www.europesays.com\/pt\/wp-json\/wp\/v2\/posts\/111520\/revisions"}],"wp:featuredmedia":[{"embeddable":true,"href":"https:\/\/www.europesays.com\/pt\/wp-json\/wp\/v2\/media\/111521"}],"wp:attachment":[{"href":"https:\/\/www.europesays.com\/pt\/wp-json\/wp\/v2\/media?parent=111520"}],"wp:term":[{"taxonomy":"category","embeddable":true,"href":"https:\/\/www.europesays.com\/pt\/wp-json\/wp\/v2\/categories?post=111520"},{"taxonomy":"post_tag","embeddable":true,"href":"https:\/\/www.europesays.com\/pt\/wp-json\/wp\/v2\/tags?post=111520"}],"curies":[{"name":"wp","href":"https:\/\/api.w.org\/{rel}","templated":true}]}}