{"id":111526,"date":"2025-10-15T09:10:15","date_gmt":"2025-10-15T09:10:15","guid":{"rendered":"https:\/\/www.europesays.com\/pt\/111526\/"},"modified":"2025-10-15T09:10:15","modified_gmt":"2025-10-15T09:10:15","slug":"depois-de-resolver-gaza-trump-volta-a-olhar-para-a-ucrania-guerra-na-ucrania","status":"publish","type":"post","link":"https:\/\/www.europesays.com\/pt\/111526\/","title":{"rendered":"Depois de \u201cresolver\u201d Gaza, Trump volta a olhar para a Ucr\u00e2nia | Guerra na Ucr\u00e2nia"},"content":{"rendered":"<p>Animado com o feito alcan\u00e7ado com o <a href=\"https:\/\/www.publico.pt\/2025\/10\/13\/mundo\/noticia\/acordo-paz-gaza-assinado-trabalho-arduo-comeca-2150673\" target=\"_blank\" rel=\"nofollow noopener\">cessar-fogo na Faixa de Gaza<\/a>, o Presidente dos EUA, Donald Trump, quer agora redireccionar a sua aten\u00e7\u00e3o para o outro grande conflito a que prometeu dar fim: a invas\u00e3o da Ucr\u00e2nia pela R\u00fassia. Na sexta-feira, <a href=\"https:\/\/www.publico.pt\/2025\/10\/14\/mundo\/noticia\/trump-confirma-encontro-zelensky-washington-sextafeira-2150711\" target=\"_blank\" rel=\"nofollow noopener\">Trump vai receber o hom\u00f3logo ucraniano<\/a>, Volodymyr Zelensky, na Casa Branca com o objectivo de refor\u00e7ar a press\u00e3o sobre Moscovo para que aceite finalmente tr\u00e9guas na guerra que dura h\u00e1 mais de tr\u00eas anos e meio.<\/p>\n<p>Foi ainda durante o discurso que fez no Knesset, o Parlamento israelita, que Trump manifestou a inten\u00e7\u00e3o de se voltar a empenhar num dossier que lhe tem causado mais frustra\u00e7\u00f5es do que sorrisos. \u201cSeria \u00f3ptimo se consegu\u00edssemos um acordo de paz com [o Ir\u00e3o]\u2026 Primeiro, temos de fazer com a R\u00fassia. Vamos concentrar-nos na R\u00fassia primeiro\u201d, afirmou.<\/p>\n<p>J\u00e1 a bordo do Air Force One, no regresso aos EUA, Trump foi questionado pelos jornalistas sobre se planeava encontrar-se com Zelensky, confirmando a reuni\u00e3o para a pr\u00f3xima sexta-feira. Ser\u00e1 a terceira vez que Trump ir\u00e1 receber Zelensky em Washington desde o in\u00edcio do ano. Tamb\u00e9m sugeriu que o Presidente turco, Recep Tayyip Erdogan, com quem havia estado horas antes em Sharm el-Sheikh para a assinatura do acordo de paz em Gaza, seria um bom nome para apoiar os esfor\u00e7os de media\u00e7\u00e3o.<\/p>\n<p>        &#13;<\/p>\n<p>&#13;<br \/>\n                &#13;\n            <\/p>\n<p>&#13;<\/p>\n<p>\u201cDou-me bem com os fortes, n\u00e3o me dou bem com os fracos. N\u00e3o sei porqu\u00ea, mas Erdogan porta-se muito bem comigo\u201d, afirmou Trump durante o voo. A Turquia tem-se posicionado como poss\u00edvel mediador de uma solu\u00e7\u00e3o diplom\u00e1tica para a guerra entre a R\u00fassia e a Ucr\u00e2nia, e foi em Istambul que as mais <a href=\"https:\/\/www.publico.pt\/2025\/06\/02\/mundo\/noticia\/russia-ucrania-saem-istambul-progredir-negociacoes-paz-2135239\" target=\"_blank\" rel=\"nofollow noopener\">recentes conversa\u00e7\u00f5es<\/a> entre os dois pa\u00edses tiveram lugar.<\/p>\n<p>Zelensky tinha sinalizado nos \u00faltimos dias que esta seria uma boa oportunidade para que Washington voltasse a olhar para a guerra no Leste europeu. \u201cSe uma guerra pode ser travada numa regi\u00e3o, ent\u00e3o seguramente que outras guerras tamb\u00e9m podem ser travadas, incluindo a guerra russa\u201d, afirmou o Presidente ucraniano no fim-de-semana, ap\u00f3s o an\u00fancio do acordo em Gaza.<\/p>\n<p>Depois de nos primeiros meses ap\u00f3s o seu regresso \u00e0 Casa Branca se ter desdobrado em esfor\u00e7os diplom\u00e1ticos para alcan\u00e7ar um cessar-fogo na Ucr\u00e2nia, Trump tem dado sinais de um crescente distanciamento do tema. Em Agosto, o Presidente norte-americano reuniu-se presencialmente com o Presidente russo, Vladimir Putin, no <a href=\"https:\/\/www.publico.pt\/2025\/08\/15\/mundo\/noticia\/cimeira-trump-putin-comecou-aperto-mao-caloroso-2144108\" target=\"_blank\" rel=\"nofollow noopener\">Alasca<\/a>, para tentar progredir nas conversa\u00e7\u00f5es de paz.<\/p>\n<p>Desse encontro saiu a promessa de que Putin e Zelensky se iriam reunir para dar um impulso a uma eventual <a href=\"https:\/\/www.publico.pt\/2025\/08\/22\/mundo\/noticia\/caminho-paz-ucrania-continua-tortuoso-nao-ha-cimeira-facilite-2144714\" target=\"_blank\" rel=\"nofollow noopener\">solu\u00e7\u00e3o diplom\u00e1tica<\/a> para um conflito que mergulhou a Europa na mais grave crise de seguran\u00e7a desde o final da Guerra Fria. Por\u00e9m, esse encontro nunca chegou a acontecer, e os combates continuam.<\/p>\n<p>Zelensky tem insistido na necessidade de ser declarado um cessar-fogo total e incondicional antes de entrar em negocia\u00e7\u00f5es de paz, enquanto o Kremlin exige o reconhecimento das suas anexa\u00e7\u00f5es territoriais na Ucr\u00e2nia e uma retirada militar imediata.<\/p>\n<p>As in\u00fameras tentativas de negociar um cessar-fogo, pontuadas por espor\u00e1dicas amea\u00e7as de Trump de punir Moscovo, n\u00e3o tiveram sequer o efeito de abrandar a intensidade dos combates. Nas \u00faltimas semanas, a R\u00fassia intensificou os seus <a href=\"https:\/\/www.publico.pt\/2025\/10\/10\/mundo\/noticia\/russia-ataca-infraestruturas-energeticas-kiev-zaporijjia-dnipro-2150315\" target=\"_blank\" rel=\"nofollow noopener\">ataques a\u00e9reos<\/a> contra a infra-estrutura energ\u00e9tica ucraniana, deixando grandes partes do pa\u00eds \u00e0s escuras.<\/p>\n<p>\u201cNo \u00faltimo m\u00eas, o inimigo aumentou o n\u00famero de ataques a\u00e9reos, e, embora as nossas defesas a\u00e9reas sejam 74% eficazes, precisamos de fazer esfor\u00e7os adicionais para cobrir o sector energ\u00e9tico de retaguarda, a infra-estrutura e a log\u00edstica cr\u00edticas\u201d, explicava no fim-de-semana o comandante das For\u00e7as Armadas ucranianas, Oleksandr Sirskii.<\/p>\n<p>De forma id\u00eantica, a Ucr\u00e2nia tem visado com maior veem\u00eancia as refinarias russas, f\u00e1bricas, linhas ferrovi\u00e1rias e outro tipo de infra-estruturas em todo o territ\u00f3rio. A convic\u00e7\u00e3o das chefias militares ucranianas \u00e9 de que esta \u00e9 a melhor forma de pressionar o Kremlin, tanto do ponto de vista econ\u00f3mico como social, com o objectivo de for\u00e7ar Putin a aceitar entrar em negocia\u00e7\u00f5es.<\/p>\n<p>No encontro entre Trump e Zelensky de sexta-feira, \u00e9 prov\u00e1vel que um dos temas em discuss\u00e3o seja a possibilidade de os EUA poderem enviar os sistemas de m\u00edsseis de longo alcance, conhecidos como <a href=\"https:\/\/www.publico.pt\/2025\/09\/29\/mundo\/noticia\/jd-vance-eua-ponderam-enviar-misseis-tomahawk-ucrania-2148899\" target=\"_blank\" rel=\"nofollow noopener\">Tomahawk<\/a>. O tema tem sido discutido entre os Governos dos dois pa\u00edses, e o pr\u00f3prio Presidente norte-americano j\u00e1 deu indica\u00e7\u00f5es de que estaria inclinado a fornecer estes m\u00edsseis \u00e0 Ucr\u00e2nia, embora tenha dito que preferia falar primeiro com o Kremlin.<\/p>\n<p>A R\u00fassia j\u00e1 avisou que o fornecimento de m\u00edsseis Tomahawk \u2014 com alcance que pode chegar a 2500 quil\u00f3metros \u2014 teria efeitos imprevis\u00edveis, e seria interpretado por Moscovo como uma grande escalada no conflito. O porta-voz do Kremlin, Dmitri Peskov, avisou recentemente para um \u201cmomento dram\u00e1tico\u201d, caso Washington decida enviar estes sistemas de m\u00edsseis para a Ucr\u00e2nia.<\/p>\n","protected":false},"excerpt":{"rendered":"Animado com o feito alcan\u00e7ado com o cessar-fogo na Faixa de Gaza, o Presidente dos EUA, Donald Trump,&hellip;\n","protected":false},"author":2,"featured_media":111527,"comment_status":"","ping_status":"","sticky":false,"template":"","format":"standard","meta":{"footnotes":""},"categories":[50],"tags":[27,28,413,445,15,16,889,14,25,26,21,22,62,12,13,19,20,23,24,839,17,18,840,29,30,31,63,64,65],"class_list":{"0":"post-111526","1":"post","2":"type-post","3":"status-publish","4":"format-standard","5":"has-post-thumbnail","7":"category-mundo","8":"tag-breaking-news","9":"tag-breakingnews","10":"tag-eua","11":"tag-europa","12":"tag-featured-news","13":"tag-featurednews","14":"tag-guerra-na-ucrania","15":"tag-headlines","16":"tag-latest-news","17":"tag-latestnews","18":"tag-main-news","19":"tag-mainnews","20":"tag-mundo","21":"tag-news","22":"tag-noticias","23":"tag-noticias-principais","24":"tag-noticiasprincipais","25":"tag-principais-noticias","26":"tag-principaisnoticias","27":"tag-russia","28":"tag-top-stories","29":"tag-topstories","30":"tag-ucrania","31":"tag-ultimas","32":"tag-ultimas-noticias","33":"tag-ultimasnoticias","34":"tag-world","35":"tag-world-news","36":"tag-worldnews"},"share_on_mastodon":{"url":"","error":""},"_links":{"self":[{"href":"https:\/\/www.europesays.com\/pt\/wp-json\/wp\/v2\/posts\/111526","targetHints":{"allow":["GET"]}}],"collection":[{"href":"https:\/\/www.europesays.com\/pt\/wp-json\/wp\/v2\/posts"}],"about":[{"href":"https:\/\/www.europesays.com\/pt\/wp-json\/wp\/v2\/types\/post"}],"author":[{"embeddable":true,"href":"https:\/\/www.europesays.com\/pt\/wp-json\/wp\/v2\/users\/2"}],"replies":[{"embeddable":true,"href":"https:\/\/www.europesays.com\/pt\/wp-json\/wp\/v2\/comments?post=111526"}],"version-history":[{"count":0,"href":"https:\/\/www.europesays.com\/pt\/wp-json\/wp\/v2\/posts\/111526\/revisions"}],"wp:featuredmedia":[{"embeddable":true,"href":"https:\/\/www.europesays.com\/pt\/wp-json\/wp\/v2\/media\/111527"}],"wp:attachment":[{"href":"https:\/\/www.europesays.com\/pt\/wp-json\/wp\/v2\/media?parent=111526"}],"wp:term":[{"taxonomy":"category","embeddable":true,"href":"https:\/\/www.europesays.com\/pt\/wp-json\/wp\/v2\/categories?post=111526"},{"taxonomy":"post_tag","embeddable":true,"href":"https:\/\/www.europesays.com\/pt\/wp-json\/wp\/v2\/tags?post=111526"}],"curies":[{"name":"wp","href":"https:\/\/api.w.org\/{rel}","templated":true}]}}