{"id":111530,"date":"2025-10-15T09:19:07","date_gmt":"2025-10-15T09:19:07","guid":{"rendered":"https:\/\/www.europesays.com\/pt\/111530\/"},"modified":"2025-10-15T09:19:07","modified_gmt":"2025-10-15T09:19:07","slug":"vinevinu-entrega-premios-da-maratona-de-fotografia-vindima-2025","status":"publish","type":"post","link":"https:\/\/www.europesays.com\/pt\/111530\/","title":{"rendered":"VINEVINU entrega pr\u00e9mios da Maratona de Fotografia Vindima 2025"},"content":{"rendered":"<p>Esta sexta-feira, a VINEVINU recebe a Exposi\u00e7\u00e3o Fotogr\u00e1fica e entrega de pr\u00e9mios da Maratona de Fotografia Vindima 2025, iniciativa dirigida a fot\u00f3grafos profissionais e amadores, que decorreu a 30 de agosto nas suas instala\u00e7\u00f5es.<\/p>\n<p>O evento est\u00e1 agendado para as 19h00, na adega da VINEVINU, localizada na Alameda do Mosteiro, n\u00ba 84, na freguesia de Requi\u00e3o. A entrada \u00e9 gratuita e contempla prova de vinhos e uma atua\u00e7\u00e3o musical.<\/p>\n<p>A adega abriu portas em agosto de 2024, em Famalic\u00e3o, e desde ent\u00e3o tem conquistado cada vez mais admiradores.<\/p>\n<p>Para mais informa\u00e7\u00f5es contacte <a href=\"https:\/\/sapo.pt\/artigo\/mailto:info@vinevinu.com\" rel=\"nofollow noopener\" target=\"_blank\">info@vinevinu.com<\/a><\/p>\n","protected":false},"excerpt":{"rendered":"Esta sexta-feira, a VINEVINU recebe a Exposi\u00e7\u00e3o Fotogr\u00e1fica e entrega de pr\u00e9mios da Maratona de Fotografia Vindima 2025,&hellip;\n","protected":false},"author":2,"featured_media":111531,"comment_status":"","ping_status":"","sticky":false,"template":"","format":"standard","meta":{"footnotes":""},"categories":[144],"tags":[207,205,206,203,201,202,204,114,115,32,33],"class_list":{"0":"post-111530","1":"post","2":"type-post","3":"status-publish","4":"format-standard","5":"has-post-thumbnail","7":"category-arte-e-design","8":"tag-arte","9":"tag-arte-e-design","10":"tag-artedesign","11":"tag-arts","12":"tag-arts-and-design","13":"tag-artsanddesign","14":"tag-design","15":"tag-entertainment","16":"tag-entretenimento","17":"tag-portugal","18":"tag-pt"},"share_on_mastodon":{"url":"","error":""},"_links":{"self":[{"href":"https:\/\/www.europesays.com\/pt\/wp-json\/wp\/v2\/posts\/111530","targetHints":{"allow":["GET"]}}],"collection":[{"href":"https:\/\/www.europesays.com\/pt\/wp-json\/wp\/v2\/posts"}],"about":[{"href":"https:\/\/www.europesays.com\/pt\/wp-json\/wp\/v2\/types\/post"}],"author":[{"embeddable":true,"href":"https:\/\/www.europesays.com\/pt\/wp-json\/wp\/v2\/users\/2"}],"replies":[{"embeddable":true,"href":"https:\/\/www.europesays.com\/pt\/wp-json\/wp\/v2\/comments?post=111530"}],"version-history":[{"count":0,"href":"https:\/\/www.europesays.com\/pt\/wp-json\/wp\/v2\/posts\/111530\/revisions"}],"wp:featuredmedia":[{"embeddable":true,"href":"https:\/\/www.europesays.com\/pt\/wp-json\/wp\/v2\/media\/111531"}],"wp:attachment":[{"href":"https:\/\/www.europesays.com\/pt\/wp-json\/wp\/v2\/media?parent=111530"}],"wp:term":[{"taxonomy":"category","embeddable":true,"href":"https:\/\/www.europesays.com\/pt\/wp-json\/wp\/v2\/categories?post=111530"},{"taxonomy":"post_tag","embeddable":true,"href":"https:\/\/www.europesays.com\/pt\/wp-json\/wp\/v2\/tags?post=111530"}],"curies":[{"name":"wp","href":"https:\/\/api.w.org\/{rel}","templated":true}]}}