{"id":111532,"date":"2025-10-15T09:20:23","date_gmt":"2025-10-15T09:20:23","guid":{"rendered":"https:\/\/www.europesays.com\/pt\/111532\/"},"modified":"2025-10-15T09:20:23","modified_gmt":"2025-10-15T09:20:23","slug":"fotografo-de-sao-jose-e-dois-escritores-do-vale-sao-finalistas-do-premio-jabuti-2025","status":"publish","type":"post","link":"https:\/\/www.europesays.com\/pt\/111532\/","title":{"rendered":"Fot\u00f3grafo de S\u00e3o Jos\u00e9 e dois escritores do Vale s\u00e3o finalistas do Pr\u00eamio Jabuti 2025"},"content":{"rendered":"<p><img loading=\"lazy\" decoding=\"async\" width=\"2048\" height=\"1152\" src=\"data:image\/svg+xml,%3Csvg%20xmlns=\" http:=\"\" alt=\"Fot\u00f3grafo de S\u00e3o Jos\u00e9 e dois escritores do Vale s\u00e3o finalistas do Pr\u00eamio Jabuti 2025\" class=\"wp-image-757031\" data-lazy- data-lazy- data-lazy-src=\"https:\/\/www.europesays.com\/pt\/wp-content\/uploads\/2025\/10\/IMG_6007-edited-scaled.jpg\"\/>Ricardo Martins \u00e9 um dos finalistas do Pr\u00eamio Jabuti 2025 (Cr\u00e9ditos: Divulga\u00e7\u00e3o)<\/p>\n<p>O fot\u00f3grafo e documentarista\u00a0<strong>Ricardo Martins<\/strong>, natural de\u00a0<strong>S\u00e3o Jos\u00e9 dos Campos<\/strong>, \u00e9 um dos finalistas do\u00a0<strong>Pr\u00eamio Jabuti 2025<\/strong>, o mais importante da literatura brasileira. <\/p>\n<p>Seu livro\u00a0<strong>\u201cOs \u00daltimos Filhos da Floresta\u201d<\/strong>, que retrata o povo Yanomami, concorre na categoria\u00a0<strong>N\u00e3o Fic\u00e7\u00e3o \u2013 Artes<\/strong>.<\/p>\n<p>O Vale do Para\u00edba est\u00e1 bem representado na final do pr\u00eamio. Al\u00e9m de Martins, tamb\u00e9m s\u00e3o finalistas:\u00a0<strong>Tiago Feij\u00f3<\/strong>, de Guaratinguet\u00e1, na categoria Contos, e\u00a0<strong>Daniel Munduruku<\/strong>, de Lorena, na categoria Infantil.<\/p>\n<p><strong>Leia mais: <a href=\"https:\/\/spriomais.com.br\/2025\/10\/10\/tenho-muitos-amigos-e-amores-do-passado-na-cidade-confessa-gabriel-sater-antes-de-show-em-sjc\/\" target=\"_blank\" rel=\"noreferrer noopener nofollow\">\u2018Tenho muitos amigos e amores do passado na cidade\u2019, confessa Gabriel Sater antes de show em SJC<\/a><\/strong><\/p>\n<p><strong>Expedi\u00e7\u00e3o \u00e0 Amaz\u00f4nia<\/strong><\/p>\n<p>Para produzir o livro, Martins viveu uma verdadeira expedi\u00e7\u00e3o. Ele partiu de Manaus e seguiu por dias de barco at\u00e9 a <a href=\"https:\/\/spriomais.com.br\/2025\/08\/21\/fotografo-passou-por-tribunal-indigena-para-produzir-livro-no-interior-de-aldeia-yanomami\/\" target=\"_blank\" rel=\"noreferrer noopener nofollow\">comunidade\u00a0<strong>Hemare Pi Wei<\/strong><\/a>, quase na divisa com a Venezuela. <\/p>\n<p>Foram necess\u00e1rios\u00a0<strong>mais de um ano e meio de negocia\u00e7\u00f5es<\/strong>\u00a0para conseguir acesso e o consentimento da comunidade Yanomami.<\/p>\n<blockquote class=\"wp-block-quote is-layout-flow wp-block-quote-is-layout-flow\">\n<p>\u201cEsse reconhecimento ultrapassa a fotografia. \u00c9 uma forma de amplificar a voz dos Yanomami e de reafirmar que proteger seus territ\u00f3rios e sua cultura \u00e9 tamb\u00e9m proteger a floresta. Esse \u00e9 o verdadeiro pr\u00eamio\u201c, afirma o autor.<\/p>\n<\/blockquote>\n<p>Parte da renda obtida com a venda do livro ser\u00e1 destinada \u00e0 constru\u00e7\u00e3o de uma\u00a0<strong>escola ind\u00edgena<\/strong>\u00a0na aldeia onde o projeto foi realizado.<\/p>\n<p><strong>Outros finalistas do Vale<\/strong><\/p>\n<p><img loading=\"lazy\" decoding=\"async\" width=\"2000\" height=\"1126\" src=\"data:image\/svg+xml,%3Csvg%20xmlns=\" http:=\"\" alt=\"Tiago Feij\u00f3\" class=\"wp-image-757027\" data-lazy- data-lazy- data-lazy-src=\"https:\/\/www.europesays.com\/pt\/wp-content\/uploads\/2025\/10\/tiago-feijo-livro-doze-dias-1-edited.webp.webp\"\/>Tiago Feij\u00f3 (Cr\u00e9ditos: Divulga\u00e7\u00e3o)<\/p>\n<p><strong>Tiago Feij\u00f3<\/strong>\u00a0(Guaratinguet\u00e1) concorre com \u201cBreve Invent\u00e1rio de Pequenas Solid\u00f5es\u201d na categoria Contos. Natural do Cear\u00e1, ele mora h\u00e1 mais de 30 anos em Guar\u00e1.<\/p>\n<p>Em 2021, Tiago ganhou o Pr\u00eamio Manuel Teixeira Gomes de Literatura 2021 e foi finalista do Pr\u00eamio Leya (Portugal) com a obra \u201cDoze Dias\u201d.<\/p>\n<p><img loading=\"lazy\" decoding=\"async\" width=\"1920\" height=\"1080\" src=\"data:image\/svg+xml,%3Csvg%20xmlns=\" http:=\"\" alt=\"\" class=\"wp-image-757045\" data-lazy- data-lazy- data-lazy-src=\"https:\/\/www.europesays.com\/pt\/wp-content\/uploads\/2025\/10\/daniel-munduruku-historias-indigenas.webp.webp\"\/>Daniel Munduruku (Cr\u00e9ditos: Instituto \u00c1rvores Vivas)<\/p>\n<p><strong>Daniel Munduruku<\/strong>\u00a0(Lorena) disputa na categoria Infantil com \u201cEsta\u00e7\u00f5es\u201d, livro inspirado na m\u00fasica \u201cAs Quatro Esta\u00e7\u00f5es\u201d de Vivaldi. \u00c9 sua terceira indica\u00e7\u00e3o ao Jabuti, pr\u00eamio que venceu duas vezes. <\/p>\n<p>Recentemente, Munduruku foi eleito para a\u00a0<strong>Academia Paulista de Letras<\/strong>, tornando-se o\u00a0<strong>primeiro ind\u00edgena<\/strong>\u00a0a ocupar uma cadeira na institui\u00e7\u00e3o em 116 anos de exist\u00eancia.<\/p>\n<p><strong>Cerim\u00f4nia de premia\u00e7\u00e3o<\/strong><\/p>\n<p>Os vencedores do Pr\u00eamio Jabuti 2025 ser\u00e3o anunciados no dia\u00a0<strong>27 de outubro<\/strong>, em cerim\u00f4nia no Theatro Municipal do Rio de Janeiro, transmitida pelo <a href=\"https:\/\/www.youtube.com\/@comunicacaoCBL\" target=\"_blank\" rel=\"noreferrer noopener nofollow\">YouTube<\/a>. <\/p>\n<p>Cada ganhador receber\u00e1 a cobi\u00e7ada estatueta do Jabuti e um pr\u00eamio de\u00a0<strong>R$ 5 mil<\/strong>.<\/p>\n<p>Nesta edi\u00e7\u00e3o, foram\u00a0<strong>4.530 obras inscritas<\/strong>\u00a0em 23 categorias.<\/p>\n","protected":false},"excerpt":{"rendered":"Ricardo Martins \u00e9 um dos finalistas do Pr\u00eamio Jabuti 2025 (Cr\u00e9ditos: Divulga\u00e7\u00e3o) O fot\u00f3grafo e documentarista\u00a0Ricardo Martins, natural&hellip;\n","protected":false},"author":2,"featured_media":111533,"comment_status":"","ping_status":"","sticky":false,"template":"","format":"standard","meta":{"footnotes":""},"categories":[143],"tags":[169,726,315,114,115,26384,26385,170,18266,32,26386,33,3567,3568,3569],"class_list":{"0":"post-111532","1":"post","2":"type-post","3":"status-publish","4":"format-standard","5":"has-post-thumbnail","7":"category-livros","8":"tag-books","9":"tag-brasil","10":"tag-cultura","11":"tag-entertainment","12":"tag-entretenimento","13":"tag-finalistas","14":"tag-guaratingueta","15":"tag-livros","16":"tag-lorena","17":"tag-portugal","18":"tag-premio-jabuti","19":"tag-pt","20":"tag-sao-jose-dos-campos","21":"tag-sjc","22":"tag-vale-do-paraiba"},"share_on_mastodon":{"url":"","error":""},"_links":{"self":[{"href":"https:\/\/www.europesays.com\/pt\/wp-json\/wp\/v2\/posts\/111532","targetHints":{"allow":["GET"]}}],"collection":[{"href":"https:\/\/www.europesays.com\/pt\/wp-json\/wp\/v2\/posts"}],"about":[{"href":"https:\/\/www.europesays.com\/pt\/wp-json\/wp\/v2\/types\/post"}],"author":[{"embeddable":true,"href":"https:\/\/www.europesays.com\/pt\/wp-json\/wp\/v2\/users\/2"}],"replies":[{"embeddable":true,"href":"https:\/\/www.europesays.com\/pt\/wp-json\/wp\/v2\/comments?post=111532"}],"version-history":[{"count":0,"href":"https:\/\/www.europesays.com\/pt\/wp-json\/wp\/v2\/posts\/111532\/revisions"}],"wp:featuredmedia":[{"embeddable":true,"href":"https:\/\/www.europesays.com\/pt\/wp-json\/wp\/v2\/media\/111533"}],"wp:attachment":[{"href":"https:\/\/www.europesays.com\/pt\/wp-json\/wp\/v2\/media?parent=111532"}],"wp:term":[{"taxonomy":"category","embeddable":true,"href":"https:\/\/www.europesays.com\/pt\/wp-json\/wp\/v2\/categories?post=111532"},{"taxonomy":"post_tag","embeddable":true,"href":"https:\/\/www.europesays.com\/pt\/wp-json\/wp\/v2\/tags?post=111532"}],"curies":[{"name":"wp","href":"https:\/\/api.w.org\/{rel}","templated":true}]}}