{"id":111534,"date":"2025-10-15T09:21:10","date_gmt":"2025-10-15T09:21:10","guid":{"rendered":"https:\/\/www.europesays.com\/pt\/111534\/"},"modified":"2025-10-15T09:21:10","modified_gmt":"2025-10-15T09:21:10","slug":"ultimos-episodios-a-fazenda-mafalda-ja-sabe-quem-a-tentou-matar-com-a-cobra-e-nao-e-quem-espera-novelas","status":"publish","type":"post","link":"https:\/\/www.europesays.com\/pt\/111534\/","title":{"rendered":"\u00daltimos epis\u00f3dios A Fazenda: Mafalda j\u00e1 sabe quem a tentou matar com a cobra. E, n\u00e3o \u00e9 quem espera &#8211; Novelas"},"content":{"rendered":"<p>Em \u00abA Fazenda\u00bb, <a href=\"https:\/\/tvi.iol.pt\/novelas\/videos\/o-reenconto-emocionante-de-mafalda-e-eduardo\/677e95eb0cf23ab655363994\" rel=\"nofollow noopener\" target=\"_blank\">Mafalda (In\u00eas Aguiar)<\/a>\u00a0fala com <a href=\"http:\/\/miguel%20(diogo%20infante)\/\" target=\"_blank\" wbo-id=\"52\" rel=\"nofollow\"><strong data-end=\"189\" data-start=\"163\">Miguel (Diogo Infante)<\/strong><\/a>\u00a0ao telefone, pedindo-lhe que a mantenha a par do desaparecimento de <a href=\"https:\/\/tvi.iol.pt\/novelas\/videos\/joel-declara-se-a-eva-nunca-quis-atravessar-me-entre-ti-e-o-talu\/676ac3630cf2f130c299a685\" rel=\"nofollow noopener\" target=\"_blank\">Joel (Jo\u00e3o Jesus)<\/a>. <a href=\"https:\/\/tvi.iol.pt\/novelas\/ator\/alba-meireles\/67348fd7d34e94b829075f7d\" target=\"_blank\" rel=\"nofollow noopener\">Alba (S\u00e3o Jos\u00e9 Correia)<\/a>\u00a0estaca gelada por Mafalda lhe dizer saber que ela est\u00e1 a encobrir o rasto de <a href=\"https:\/\/tvi.iol.pt\/novelas\/videos\/vania-e-duarte-roubam-leti\/674711290cf28c51602e3c65\" rel=\"nofollow noopener\" target=\"_blank\">Duarte (Cl\u00e1udio de Castro)<\/a>, tendo ouvido toda a conversa de ter sido ele quem p\u00f4s a cobra no quarto que quase a matou. Alba fica em choque por Duarte confessar que foi ele quem meteu a cobra no quarto de <a href=\"https:\/\/tvi.iol.pt\/novelas\/videos\/eva-e-joel-beijam-se-apaixonadamente\/6776a2000cf23e044af75c9b\" rel=\"nofollow noopener\" target=\"_blank\">Eva (Margarida Corceiro)<\/a>\u00a0e Mafalda para matar a primeira.<\/p>\n<p>Alba suplica a Mafalda que perceba que Duarte tem problemas e por isso cometeu todos aqueles crimes. Mafalda exige-lhe dura que atraia Duarte at\u00e9 ao lodge, dizendo que ele tem de pagar por ter violado J\u00falia, ter dado cabo da vida de Eva e de quase ter morrido por causa dele. Alba, sem argumentos, acaba por ligar para Duarte.<\/p>\n<p>Recorde-se que, at\u00e9 ao momento, o suspeito era Gustavo:<\/p>\n","protected":false},"excerpt":{"rendered":"Em \u00abA Fazenda\u00bb, Mafalda (In\u00eas Aguiar)\u00a0fala com Miguel (Diogo Infante)\u00a0ao telefone, pedindo-lhe que a mantenha a par do&hellip;\n","protected":false},"author":2,"featured_media":111535,"comment_status":"","ping_status":"","sticky":false,"template":"","format":"standard","meta":{"footnotes":""},"categories":[142],"tags":[657,658,160,166,114,115,157,167,720,164,724,161,158,165,159,32,33,156,655,163,151,162],"class_list":{"0":"post-111534","1":"post","2":"type-post","3":"status-publish","4":"format-standard","5":"has-post-thumbnail","7":"category-tv","8":"tag-a-fazenda","9":"tag-alba","10":"tag-ana-guiomar","11":"tag-cristina-ferreira","12":"tag-entertainment","13":"tag-entretenimento","14":"tag-festa-e-festa","15":"tag-ficcao","16":"tag-ines-aguiar","17":"tag-jose-fidalgo","18":"tag-mafalda","19":"tag-novelas","20":"tag-para-sempre","21":"tag-pedro-sousa","22":"tag-pedro-teixeira","23":"tag-portugal","24":"tag-pt","25":"tag-queridos-papas","26":"tag-sao-jose-correia","27":"tag-tiago-teotonio-pereira","28":"tag-tv","29":"tag-tvi"},"share_on_mastodon":{"url":"","error":""},"_links":{"self":[{"href":"https:\/\/www.europesays.com\/pt\/wp-json\/wp\/v2\/posts\/111534","targetHints":{"allow":["GET"]}}],"collection":[{"href":"https:\/\/www.europesays.com\/pt\/wp-json\/wp\/v2\/posts"}],"about":[{"href":"https:\/\/www.europesays.com\/pt\/wp-json\/wp\/v2\/types\/post"}],"author":[{"embeddable":true,"href":"https:\/\/www.europesays.com\/pt\/wp-json\/wp\/v2\/users\/2"}],"replies":[{"embeddable":true,"href":"https:\/\/www.europesays.com\/pt\/wp-json\/wp\/v2\/comments?post=111534"}],"version-history":[{"count":0,"href":"https:\/\/www.europesays.com\/pt\/wp-json\/wp\/v2\/posts\/111534\/revisions"}],"wp:featuredmedia":[{"embeddable":true,"href":"https:\/\/www.europesays.com\/pt\/wp-json\/wp\/v2\/media\/111535"}],"wp:attachment":[{"href":"https:\/\/www.europesays.com\/pt\/wp-json\/wp\/v2\/media?parent=111534"}],"wp:term":[{"taxonomy":"category","embeddable":true,"href":"https:\/\/www.europesays.com\/pt\/wp-json\/wp\/v2\/categories?post=111534"},{"taxonomy":"post_tag","embeddable":true,"href":"https:\/\/www.europesays.com\/pt\/wp-json\/wp\/v2\/tags?post=111534"}],"curies":[{"name":"wp","href":"https:\/\/api.w.org\/{rel}","templated":true}]}}