{"id":111545,"date":"2025-10-15T09:30:08","date_gmt":"2025-10-15T09:30:08","guid":{"rendered":"https:\/\/www.europesays.com\/pt\/111545\/"},"modified":"2025-10-15T09:30:08","modified_gmt":"2025-10-15T09:30:08","slug":"turista-americano-morto-a-facada-em-cascais-observador","status":"publish","type":"post","link":"https:\/\/www.europesays.com\/pt\/111545\/","title":{"rendered":"Turista americano morto \u00e0 facada em Cascais \u2013 Observador"},"content":{"rendered":"<p>Um turista norte-americano morreu e outro ficou ferido durante uma tentativa de assalto esta quarta-feira em Cascais, disse \u00e0 Lusa fonte do Comando Metropolitano de Lisboa (Cometlis) da Pol\u00edcia de Seguran\u00e7a P\u00fablica (PSP).<\/p>\n<p>\u201cUm dos jovens faleceu no local e o outro sofreu ferimentos na face e bra\u00e7os, tendo sido transportado ao hospital\u201d, adiantou a mesma fonte, indicando que o alerta para a ocorr\u00eancia, junto \u00e0 igreja dos Navegantes, foi dado \u00e0s 03h16.<\/p>\n<p>O ataque ter\u00e1 sido levado a cabo por tr\u00eas suspeitos que se puseram em fuga num carro.<\/p>\n<p>A morte do turista americano foi avan\u00e7ada esta manh\u00e3 pelo Correio da Manh\u00e3, adiantando que o Instituto Nacional de Emerg\u00eancia M\u00e9dica (INEM) tentou reanim\u00e1-lo, mas os golpes eram profundos e em zonas vitais.<\/p>\n<p>A outra v\u00edtima foi transportada ao Hospital de Santa Maria, em Lisboa, segundo o jornal, que adianta ainda que a investiga\u00e7\u00e3o est\u00e1 agora a cargo da Pol\u00edcia Judici\u00e1ria.<\/p>\n","protected":false},"excerpt":{"rendered":"Um turista norte-americano morreu e outro ficou ferido durante uma tentativa de assalto esta quarta-feira em Cascais, disse&hellip;\n","protected":false},"author":2,"featured_media":111546,"comment_status":"","ping_status":"","sticky":false,"template":"","format":"standard","meta":{"footnotes":""},"categories":[10],"tags":[27,28,604,15,16,14,25,26,21,22,12,13,19,20,2003,32,23,24,33,2004,58,17,18,29,30,31],"class_list":{"0":"post-111545","1":"post","2":"type-post","3":"status-publish","4":"format-standard","5":"has-post-thumbnail","7":"category-portugal","8":"tag-breaking-news","9":"tag-breakingnews","10":"tag-crime","11":"tag-featured-news","12":"tag-featurednews","13":"tag-headlines","14":"tag-latest-news","15":"tag-latestnews","16":"tag-main-news","17":"tag-mainnews","18":"tag-news","19":"tag-noticias","20":"tag-noticias-principais","21":"tag-noticiasprincipais","22":"tag-polu00edcia","23":"tag-portugal","24":"tag-principais-noticias","25":"tag-principaisnoticias","26":"tag-pt","27":"tag-seguranu00e7a","28":"tag-sociedade","29":"tag-top-stories","30":"tag-topstories","31":"tag-ultimas","32":"tag-ultimas-noticias","33":"tag-ultimasnoticias"},"share_on_mastodon":{"url":"","error":""},"_links":{"self":[{"href":"https:\/\/www.europesays.com\/pt\/wp-json\/wp\/v2\/posts\/111545","targetHints":{"allow":["GET"]}}],"collection":[{"href":"https:\/\/www.europesays.com\/pt\/wp-json\/wp\/v2\/posts"}],"about":[{"href":"https:\/\/www.europesays.com\/pt\/wp-json\/wp\/v2\/types\/post"}],"author":[{"embeddable":true,"href":"https:\/\/www.europesays.com\/pt\/wp-json\/wp\/v2\/users\/2"}],"replies":[{"embeddable":true,"href":"https:\/\/www.europesays.com\/pt\/wp-json\/wp\/v2\/comments?post=111545"}],"version-history":[{"count":0,"href":"https:\/\/www.europesays.com\/pt\/wp-json\/wp\/v2\/posts\/111545\/revisions"}],"wp:featuredmedia":[{"embeddable":true,"href":"https:\/\/www.europesays.com\/pt\/wp-json\/wp\/v2\/media\/111546"}],"wp:attachment":[{"href":"https:\/\/www.europesays.com\/pt\/wp-json\/wp\/v2\/media?parent=111545"}],"wp:term":[{"taxonomy":"category","embeddable":true,"href":"https:\/\/www.europesays.com\/pt\/wp-json\/wp\/v2\/categories?post=111545"},{"taxonomy":"post_tag","embeddable":true,"href":"https:\/\/www.europesays.com\/pt\/wp-json\/wp\/v2\/tags?post=111545"}],"curies":[{"name":"wp","href":"https:\/\/api.w.org\/{rel}","templated":true}]}}