{"id":111549,"date":"2025-10-15T09:33:13","date_gmt":"2025-10-15T09:33:13","guid":{"rendered":"https:\/\/www.europesays.com\/pt\/111549\/"},"modified":"2025-10-15T09:33:13","modified_gmt":"2025-10-15T09:33:13","slug":"o-primeiro-registro-fotografico-de-uma-pessoa-foi-feita-por-pura-coincidencia","status":"publish","type":"post","link":"https:\/\/www.europesays.com\/pt\/111549\/","title":{"rendered":"o primeiro registro fotogr\u00e1fico de uma pessoa foi feita por pura coincid\u00eancia"},"content":{"rendered":"<p>\n                        Foto necessitou cerca de 10 minutos de exposi\u00e7\u00e3o para registrar a imagem\n                    <\/p>\n<ul class=\"article__header__author\">\n<li class=\"article__header__author__item\">\n                                                Por:<br \/>\n                                                                                    B\u00e1rbara Castro \/ Xataka\n                                                                        <\/li>\n<\/ul>\n<p>\n                                                                                                                                                                                                                            14 out<br \/>\n                                    2025<br \/>\n                                     &#8211; 10h33\n                                <\/p>\n<p>\n                                                                                                            (atualizado \u00e0s 18h31)\n                                                                    <\/p>\n<p><img loading=\"lazy\" decoding=\"async\" alt=\"\" class=\"img-75ad4a6c88e0cd8f9f22dd375fce6818doky4i7w\" height=\"581\" src=\"https:\/\/www.europesays.com\/pt\/wp-content\/uploads\/2025\/10\/1431201137-13662000.png\"  title=\"Xataka\" width=\"774\"\/><\/p>\n<p>\nFoto: Xataka\n<\/p>\n<p class=\"text\">A fotografia sempre esteve em constante evolu\u00e7\u00e3o desde que c\u00e2mera escura, mas um grande passo foi feito em 1830 com a cria\u00e7\u00e3o do daguerre\u00f3tipo, criado por<\/p>\n<p class=\"text\">Louis Daguerre. Aqui, o fot\u00f3grafo melhorou o processo da heliografia para que conseguisse registrar objetos que pudessem mover (at\u00e9 um limite), registrando, pela primeira vez, uma pessoa em uma foto est\u00e1tica.<\/p>\n<p class=\"text\">Intitulado &#8220;Boulevard du Temple&#8221;, a foto tirada por Daguerre entre abril e maio do ano 1837 (ou 1838), \u00e0s 8 da manh\u00e3, mostra a 5 Rue des Marais, em Paris, vista do est\u00fadio do fot\u00f3grafo, e uma figura escura apoiada no equipamento de um engraxate. Nesse momento do dia, essa espec\u00edfica rua de Paris estaria movimentada de pessoas, carruagens e cavalos, mas apenas duas figuras conseguiram ser registradas no daguerre\u00f3tipo. Isso porque a t\u00e1tica fotogr\u00e1fica ainda necessitava de um tempo para registrar uma imagem, que poderia levar de 60 segundos a at\u00e9 10 minutos, dependendo da quantidade de luz ou quanto o fot\u00f3grafo achasse necess\u00e1rio.<\/p>\n<p class=\"text\">Essas duas figuras, sendo uma delas mais n\u00edtida (a do cliente), conseguiram ser captadas por ficarem praticamente na mesma posi\u00e7\u00e3o pelo tempo determinado que Daguerre deixou a placa da foto. Em contrapartida, objetos em movimento n\u00e3o conseguiram ser captados pela foto e por isso a rua, outrora movimentada, parece estar praticamente vazia.\u00a0<\/p>\n<p class=\"text\">At\u00e9 hoje estudiosos tentam encontrar se h\u00e1 vest\u00edgios de movimento na imagem, como peda\u00e7os borrados de pessoas ou carruagens a at\u00e9 uma poss\u00edvel imagem de &#8230;<\/p>\n<p class=\"text\"><a href=\"https:\/\/www.xataka.com.br\/diversos\/mais-180-anos-historia-primeiro-registro-fotografico-uma-pessoa-foi-feita-pura-coincidencia\" rel=\"nofollow noopener\" target=\"_blank\">Veja mais<\/a><\/p>\n<p class=\"text\"><b>Mat\u00e9rias relacionadas<\/b><\/p>\n<p class=\"text\"><a href=\"https:\/\/www.xataka.com.br\/mobilidade\/em-3-anos-no-mercado-brasileiro-byd-atinge-marca-impressionante-carros-eletrificados-no-pais\" rel=\"nofollow noopener\" target=\"_blank\"> Em menos de 3 anos no mercado brasileiro, BYD atinge marca impressionante de carros eletrificados no pa\u00eds <\/a><\/p>\n<p class=\"text\"><a href=\"https:\/\/www.xataka.com.br\/mobilidade\/nao-e-a-stellantis-volkswagen-tambem-vai-interromper-a-producao-seus-carros-eletricos-porque-nao-vende-suficiente\" rel=\"nofollow noopener\" target=\"_blank\"> N\u00e3o \u00e9 s\u00f3 a Stellantis: Volkswagen tamb\u00e9m vai interromper a produ\u00e7\u00e3o de seus carros el\u00e9tricos porque n\u00e3o vende o suficiente <\/a><\/p>\n<p class=\"text\"><a href=\"https:\/\/www.xataka.com.br\/diversos\/completamente-diferente-este-patrimonio-mundial-da-unesco-esta-escondido-ha-200-anos-e-agora-visitantes-podem-ve-em-sua-totalidade\" rel=\"nofollow noopener\" target=\"_blank\"> &#8220;Completamente diferente&#8221;: este patrim\u00f4nio mundial da UNESCO est\u00e1 &#8220;escondido&#8221; h\u00e1 200 anos e agora visitantes podem v\u00ea-lo em sua totalidade <\/a><\/p>\n<p class=\"text\"><a href=\"https:\/\/www.xataka.com.br\/informatica\/apostando-na-tecnologia-qd-mini-led-tcl-apresenta-primeira-linha-monitores-gamers-no-brasil\" rel=\"nofollow noopener\" target=\"_blank\"> Apostando na tecnologia QD-Mini LED, TCL apresenta primeira linha de monitores gamers no Brasil <\/a><\/p>\n<p class=\"text\"><a href=\"https:\/\/www.xataka.com.br\/diversos\/ha-uma-moda-cruzeiros-luxo-onde-voce-passa-dias-fazendo-apenas-uma-coisa-jogando-jogos-tabuleiro\" rel=\"nofollow noopener\" target=\"_blank\"> H\u00e1 uma moda por cruzeiros de luxo onde voc\u00ea passa dias fazendo apenas uma coisa: jogando jogos de tabuleiro <\/a><\/p>\n","protected":false},"excerpt":{"rendered":"Foto necessitou cerca de 10 minutos de exposi\u00e7\u00e3o para registrar a imagem Por: B\u00e1rbara Castro \/ Xataka 14&hellip;\n","protected":false},"author":2,"featured_media":111550,"comment_status":"","ping_status":"","sticky":false,"template":"","format":"standard","meta":{"footnotes":""},"categories":[144],"tags":[207,205,206,203,201,202,204,114,115,32,33],"class_list":{"0":"post-111549","1":"post","2":"type-post","3":"status-publish","4":"format-standard","5":"has-post-thumbnail","7":"category-arte-e-design","8":"tag-arte","9":"tag-arte-e-design","10":"tag-artedesign","11":"tag-arts","12":"tag-arts-and-design","13":"tag-artsanddesign","14":"tag-design","15":"tag-entertainment","16":"tag-entretenimento","17":"tag-portugal","18":"tag-pt"},"share_on_mastodon":{"url":"","error":""},"_links":{"self":[{"href":"https:\/\/www.europesays.com\/pt\/wp-json\/wp\/v2\/posts\/111549","targetHints":{"allow":["GET"]}}],"collection":[{"href":"https:\/\/www.europesays.com\/pt\/wp-json\/wp\/v2\/posts"}],"about":[{"href":"https:\/\/www.europesays.com\/pt\/wp-json\/wp\/v2\/types\/post"}],"author":[{"embeddable":true,"href":"https:\/\/www.europesays.com\/pt\/wp-json\/wp\/v2\/users\/2"}],"replies":[{"embeddable":true,"href":"https:\/\/www.europesays.com\/pt\/wp-json\/wp\/v2\/comments?post=111549"}],"version-history":[{"count":0,"href":"https:\/\/www.europesays.com\/pt\/wp-json\/wp\/v2\/posts\/111549\/revisions"}],"wp:featuredmedia":[{"embeddable":true,"href":"https:\/\/www.europesays.com\/pt\/wp-json\/wp\/v2\/media\/111550"}],"wp:attachment":[{"href":"https:\/\/www.europesays.com\/pt\/wp-json\/wp\/v2\/media?parent=111549"}],"wp:term":[{"taxonomy":"category","embeddable":true,"href":"https:\/\/www.europesays.com\/pt\/wp-json\/wp\/v2\/categories?post=111549"},{"taxonomy":"post_tag","embeddable":true,"href":"https:\/\/www.europesays.com\/pt\/wp-json\/wp\/v2\/tags?post=111549"}],"curies":[{"name":"wp","href":"https:\/\/api.w.org\/{rel}","templated":true}]}}