{"id":111551,"date":"2025-10-15T09:34:27","date_gmt":"2025-10-15T09:34:27","guid":{"rendered":"https:\/\/www.europesays.com\/pt\/111551\/"},"modified":"2025-10-15T09:34:27","modified_gmt":"2025-10-15T09:34:27","slug":"um-semifinalista-do-premio-oceanos-2025","status":"publish","type":"post","link":"https:\/\/www.europesays.com\/pt\/111551\/","title":{"rendered":"Um semifinalista do Pr\u00eamio Oceanos 2025"},"content":{"rendered":"<p>Um semifinalista do Pr\u00eamio Oceanos 2025<\/p>\n<p>PublishNews, Reda\u00e7\u00e3o, 14\/10\/2025<\/p>\n<p>Livro \u00e9 uma medita\u00e7\u00e3o sobre como aquilo vivido na inf\u00e2ncia pode ter inesperadas consequ\u00eancias durante a vida adulta<\/p>\n<p>\t\t\t\t\t\t\t\t\t\t\t\t\t\t\t\t<img loading=\"lazy\" decoding=\"async\" src=\"https:\/\/www.europesays.com\/pt\/wp-content\/uploads\/2025\/10\/7NMyZpLi8OiptohGysJV8OYPdzBP00RrSifL9SmgGRFI1GYKKx1tod2Wa8eCPNaXjIMHKL6uq0aRIMj0.jpg\" width=\"121\" height=\"185\" \/>Em N\u00e3o h\u00e1 p\u00e1ssaros aqui (<a href=\"https:\/\/www.publishnews.com.br\/etiquetas\/todavia\" rel=\"nofollow noopener\" target=\"_blank\">Todavia<\/a>, 224 pp, R$ 79,90), ao receber um telefonema dizendo que sua m\u00e3e havia desaparecido ap\u00f3s protagonizar uma s\u00e9rie de esc\u00e2ndalos na vizinhan\u00e7a (como tentar arrastar uma crian\u00e7a para dentro de sua pr\u00f3pria casa), Ana precisar\u00e1 retornar ao endere\u00e7o onde jurou jamais colocar os p\u00e9s novamente. O que encontra ao entrar na casa da m\u00e3e a surpreende: pegadas de lama pelo ch\u00e3o, lixo por toda parte, m\u00f3veis destru\u00eddos. O que teria acontecido com Andrea durante os cinco anos em que as duas cortaram contato uma com a outra? Estreia de Victor Vidal, N\u00e3o h\u00e1 p\u00e1ssaros aqui \u00e9 uma medita\u00e7\u00e3o \u2015 frequentemente dolorosa, mas sempre esclarecedora \u2015 sobre como aquilo que vivemos na inf\u00e2ncia pode ter as mais inesperadas consequ\u00eancias durante a vida adulta.<\/p>\n","protected":false},"excerpt":{"rendered":"Um semifinalista do Pr\u00eamio Oceanos 2025 PublishNews, Reda\u00e7\u00e3o, 14\/10\/2025 Livro \u00e9 uma medita\u00e7\u00e3o sobre como aquilo vivido na&hellip;\n","protected":false},"author":2,"featured_media":17657,"comment_status":"","ping_status":"","sticky":false,"template":"","format":"standard","meta":{"footnotes":""},"categories":[143],"tags":[868,877,867,169,869,872,873,880,114,115,874,870,875,878,879,864,876,237,871,170,865,866,13,32,33],"class_list":{"0":"post-111551","1":"post","2":"type-post","3":"status-publish","4":"format-standard","5":"has-post-thumbnail","7":"category-livros","8":"tag-best-seller","9":"tag-biblioteca","10":"tag-bienal-do-livro","11":"tag-books","12":"tag-clipping","13":"tag-e-book","14":"tag-ebook","15":"tag-editora","16":"tag-entertainment","17":"tag-entretenimento","18":"tag-escritor","19":"tag-eventos","20":"tag-festival-literario","21":"tag-lancamentos","22":"tag-leitura","23":"tag-literatura","24":"tag-livraria","25":"tag-livro","26":"tag-livro-digital","27":"tag-livros","28":"tag-mercado-editorial","29":"tag-mercado-livreiro","30":"tag-noticias","31":"tag-portugal","32":"tag-pt"},"share_on_mastodon":{"url":"","error":""},"_links":{"self":[{"href":"https:\/\/www.europesays.com\/pt\/wp-json\/wp\/v2\/posts\/111551","targetHints":{"allow":["GET"]}}],"collection":[{"href":"https:\/\/www.europesays.com\/pt\/wp-json\/wp\/v2\/posts"}],"about":[{"href":"https:\/\/www.europesays.com\/pt\/wp-json\/wp\/v2\/types\/post"}],"author":[{"embeddable":true,"href":"https:\/\/www.europesays.com\/pt\/wp-json\/wp\/v2\/users\/2"}],"replies":[{"embeddable":true,"href":"https:\/\/www.europesays.com\/pt\/wp-json\/wp\/v2\/comments?post=111551"}],"version-history":[{"count":0,"href":"https:\/\/www.europesays.com\/pt\/wp-json\/wp\/v2\/posts\/111551\/revisions"}],"wp:featuredmedia":[{"embeddable":true,"href":"https:\/\/www.europesays.com\/pt\/wp-json\/wp\/v2\/media\/17657"}],"wp:attachment":[{"href":"https:\/\/www.europesays.com\/pt\/wp-json\/wp\/v2\/media?parent=111551"}],"wp:term":[{"taxonomy":"category","embeddable":true,"href":"https:\/\/www.europesays.com\/pt\/wp-json\/wp\/v2\/categories?post=111551"},{"taxonomy":"post_tag","embeddable":true,"href":"https:\/\/www.europesays.com\/pt\/wp-json\/wp\/v2\/tags?post=111551"}],"curies":[{"name":"wp","href":"https:\/\/api.w.org\/{rel}","templated":true}]}}