{"id":111560,"date":"2025-10-15T09:43:10","date_gmt":"2025-10-15T09:43:10","guid":{"rendered":"https:\/\/www.europesays.com\/pt\/111560\/"},"modified":"2025-10-15T09:43:10","modified_gmt":"2025-10-15T09:43:10","slug":"partido-de-erdogan-confirma-rejeicao-de-presenca-de-netanyahu-no-egito","status":"publish","type":"post","link":"https:\/\/www.europesays.com\/pt\/111560\/","title":{"rendered":"Partido de Erdogan confirma rejei\u00e7\u00e3o de presen\u00e7a de Netanyahu no Egito"},"content":{"rendered":"<p>Ancara, 14 out 2025 (Lusa) &#8212; O Presidente turco, Recep Tayyip Erdogan, rejeitou a presen\u00e7a do primeiro-ministro israelita, Benjamin Netanyahu, na cimeira de alto n\u00edvel no Egito sobre Gaza, confirmou hoje Omer Celik, porta-voz do partido no poder.<\/p>\n<p>Erdogan, cujo governo mant\u00e9m la\u00e7os com o Hamas, movimento islamita palestiniano considerado terrorista por Israel e pa\u00edses ocidentais, foi um dos signat\u00e1rios da declara\u00e7\u00e3o quadripartida assinada segunda-feira em Sharm el-Sheikh, no Mar Vermelho, juntamente com o Presidente norte-americano, Donald Trump, e os l\u00edderes do Egito e do Qatar.<\/p>\n<p>&#8220;A posi\u00e7\u00e3o do nosso Presidente (Erdogan) \u00e9 absolutamente clara (&#8230;) Ele nunca aceitaria estar no mesmo enquadramento fotogr\u00e1fico que Netanyahu. N\u00e3o aceitaria estar na mesma c\u00fapula. N\u00e3o aceitaria sentar-se \u00e0 mesma mesa&#8221;, disse Celik aos jornalistas. <\/p>\n<p> &#8220;A participa\u00e7\u00e3o de Netanyahu n\u00e3o estava inicialmente na ordem do dia (&#8230;). No entanto, como estamos preparados para todos os cen\u00e1rios poss\u00edveis, j\u00e1 t\u00ednhamos planeado como responder caso tal situa\u00e7\u00e3o surgisse&#8221;, adiantou.<\/p>\n<p>Embora Netanyahu tenha inicialmente aceitado um convite de \u00faltima hora para participar na cimeira, o seu gabinete anunciou posteriormente que n\u00e3o participaria devido a um feriado judaico.<\/p>\n<p>A participa\u00e7\u00e3o de Netanyahu na cimeira chegou a ser noticiada pela r\u00e1dio e televis\u00e3o p\u00fablicas israelitas e confirmada num comunicado da presid\u00eancia eg\u00edpcia.<\/p>\n<p>Hoje, o gabinete de Netanyahu n\u00e3o quis fazer coment\u00e1rios.<\/p>\n<p>A cimeira consagrou o plano Trump para um cessar-fogo em Gaza e p\u00f4r fim, de forma definitiva, ao conflito entre Israel e o Hamas. <\/p>\n<p>Fonte diplom\u00e1tica turca indicou \u00e0 AFP na segunda-feira que Ancara, apoiada por pa\u00edses \u00e1rabes, pressionou para impedir a presen\u00e7a do chefe do executivo israelita na cimeira. <\/p>\n<p>A confirma\u00e7\u00e3o por parte de Omer Celik \u00e9 a primeira p\u00fablica de que a Turquia trabalhou ativamente para bloquear a participa\u00e7\u00e3o de Netanyahu na cimeira de Sharm el-Sheikh.<\/p>\n<p>Na segunda-feira, o primeiro-ministro iraquiano, Mohammed Shia al-Sudani, tamb\u00e9m avisou as autoridades eg\u00edpcias e norte-americanas de que se retiraria da cimeira caso Netanyahu comparecesse, segundo a Ag\u00eancia de Not\u00edcias Iraquiana.<\/p>\n<p>Fontes diplom\u00e1ticas citadas pela AFP afirmaram na segunda-feira que o an\u00fancio da presen\u00e7a de Benjamin Netanyahu na cimeira sobre Gaza gerou uma onda de descontentamento dos l\u00edderes regionais e isso levou \u00e0 exclus\u00e3o do primeiro-ministro israelita.<\/p>\n<p>O Presidente da Autoridade Palestiniana, Mahmoud Abbas estava pronto para se encontrar com Netanyahu, adiantou a AFP citando fonte diplom\u00e1tica ocidental.<\/p>\n<p>Um respons\u00e1vel da Casa Branca assegurou que o Presidente norte-americano, em visita a Israel antes de ir para o Egito, tinha organizado uma chamada com o seu hom\u00f3logo eg\u00edpcio, Abdel Fattah al-Sissi, para a qual o primeiro-ministro israelita tamb\u00e9m tinha sido convidado. <\/p>\n<p>Num discurso na ter\u00e7a-feira, Erdogan saudou a declara\u00e7\u00e3o assinada no Egito como um passo significativo para travar o que descreveu como &#8220;genoc\u00eddio&#8221; em Gaza. <\/p>\n<p>Erdogan acusou repetidamente Israel de cometer genoc\u00eddio em Gaza &#8212; uma alega\u00e7\u00e3o que Israel nega veementemente.<\/p>\n<p>&#8220;A devasta\u00e7\u00e3o causada pelo genoc\u00eddio pode nunca ser totalmente reparada (&#8230;). A reconstru\u00e7\u00e3o de Gaza provavelmente levar\u00e1 anos&#8221;, disse.<\/p>\n<p>O jornal turco Hurriyet, alinhado com o governo, noticiou hoje que o avi\u00e3o de Erdogan abortou a aterragem em Sharm el-Sheikh na segunda-feira devido a um problema na pista, e n\u00e3o por Erdogan amea\u00e7ar boicotar a reuni\u00e3o.<\/p>\n<p>Leia Tamb\u00e9m: <a href=\"https:\/\/www.noticiasaominuto.com\/mundo\/2870893\/netanyahu-espera-noticias-nas-proximas-horas-sobre-refens-mortos\" target=\"_blank\" rel=\"noreferrer noopener nofollow\">Netanyahu espera not\u00edcias &#8220;nas pr\u00f3ximas horas&#8221; sobre ref\u00e9ns mortos<\/a><\/p>\n","protected":false},"excerpt":{"rendered":"Ancara, 14 out 2025 (Lusa) &#8212; O Presidente turco, Recep Tayyip Erdogan, rejeitou a presen\u00e7a do primeiro-ministro israelita,&hellip;\n","protected":false},"author":2,"featured_media":111561,"comment_status":"","ping_status":"","sticky":false,"template":"","format":"standard","meta":{"footnotes":""},"categories":[50],"tags":[27,28,15,16,14,25,26,21,22,62,12,13,19,20,23,24,17,18,29,30,31,63,64,65],"class_list":{"0":"post-111560","1":"post","2":"type-post","3":"status-publish","4":"format-standard","5":"has-post-thumbnail","7":"category-mundo","8":"tag-breaking-news","9":"tag-breakingnews","10":"tag-featured-news","11":"tag-featurednews","12":"tag-headlines","13":"tag-latest-news","14":"tag-latestnews","15":"tag-main-news","16":"tag-mainnews","17":"tag-mundo","18":"tag-news","19":"tag-noticias","20":"tag-noticias-principais","21":"tag-noticiasprincipais","22":"tag-principais-noticias","23":"tag-principaisnoticias","24":"tag-top-stories","25":"tag-topstories","26":"tag-ultimas","27":"tag-ultimas-noticias","28":"tag-ultimasnoticias","29":"tag-world","30":"tag-world-news","31":"tag-worldnews"},"share_on_mastodon":{"url":"","error":""},"_links":{"self":[{"href":"https:\/\/www.europesays.com\/pt\/wp-json\/wp\/v2\/posts\/111560","targetHints":{"allow":["GET"]}}],"collection":[{"href":"https:\/\/www.europesays.com\/pt\/wp-json\/wp\/v2\/posts"}],"about":[{"href":"https:\/\/www.europesays.com\/pt\/wp-json\/wp\/v2\/types\/post"}],"author":[{"embeddable":true,"href":"https:\/\/www.europesays.com\/pt\/wp-json\/wp\/v2\/users\/2"}],"replies":[{"embeddable":true,"href":"https:\/\/www.europesays.com\/pt\/wp-json\/wp\/v2\/comments?post=111560"}],"version-history":[{"count":0,"href":"https:\/\/www.europesays.com\/pt\/wp-json\/wp\/v2\/posts\/111560\/revisions"}],"wp:featuredmedia":[{"embeddable":true,"href":"https:\/\/www.europesays.com\/pt\/wp-json\/wp\/v2\/media\/111561"}],"wp:attachment":[{"href":"https:\/\/www.europesays.com\/pt\/wp-json\/wp\/v2\/media?parent=111560"}],"wp:term":[{"taxonomy":"category","embeddable":true,"href":"https:\/\/www.europesays.com\/pt\/wp-json\/wp\/v2\/categories?post=111560"},{"taxonomy":"post_tag","embeddable":true,"href":"https:\/\/www.europesays.com\/pt\/wp-json\/wp\/v2\/tags?post=111560"}],"curies":[{"name":"wp","href":"https:\/\/api.w.org\/{rel}","templated":true}]}}