{"id":111562,"date":"2025-10-15T09:44:11","date_gmt":"2025-10-15T09:44:11","guid":{"rendered":"https:\/\/www.europesays.com\/pt\/111562\/"},"modified":"2025-10-15T09:44:11","modified_gmt":"2025-10-15T09:44:11","slug":"ps-e-psd-conquistaram-86-dos-concelhos-cinco-mapas-e-dois-graficos-com-os-resultados-dos-dois-partidos","status":"publish","type":"post","link":"https:\/\/www.europesays.com\/pt\/111562\/","title":{"rendered":"PS e PSD conquistaram 86% dos concelhos: cinco mapas e dois gr\u00e1ficos com os resultados dos dois partidos"},"content":{"rendered":"<p>Nestas elei\u00e7\u00f5es aut\u00e1rquicas, somadas as c\u00e2maras municipais ganhas pelo PS e pelo PSD, incluindo as coliga\u00e7\u00f5es, contam-se<strong> 264<\/strong>, o equivalente a <strong>86% dos concelhos do pa\u00eds<\/strong>. Ao contr\u00e1rio dos sociais-democratas, que conquistaram mais 24 autarquias do que nas elei\u00e7\u00f5es de 2021, os socialistas perderam 22.<\/p>\n<p><a href=\"https:\/\/expresso.pt\/subscrever?action=GEN&amp;channel=VID&amp;type=CAP&amp;source=WEB&amp;returnUrl=https:\/\/expresso.pt\/politica\/eleicoes\/autarquicas-2025\/2025-10-14-ps-e-psd-conquistaram-86-dos-concelhos-cinco-mapas-e-dois-graficos-com-os-resultados-dos-dois-partidos-0790ee29&amp;utm_source=expresso&amp;utm_medium=locked_article&amp;locked=true&amp;article_id=1f2a9b25-fc5a-4ac9-82bd-60f4c3473986&amp;author_id=Sofia+Miguel+Rosa,Raquel+Albuquerque,C\u00e1tia+Barros&amp;category=Aut\u00e1rquicas+2025\" target=\"_self\" class=\"\" rel=\"nofollow noopener\">Subscrever<\/a>J\u00e1 \u00e9 Subscritor?Fa\u00e7a login e continue a ler<a href=\"http:\/\/expresso.pt\/codigo?redirectUrl=https:\/\/expresso.pt\/politica\/eleicoes\/autarquicas-2025\/2025-10-14-ps-e-psd-conquistaram-86-dos-concelhos-cinco-mapas-e-dois-graficos-com-os-resultados-dos-dois-partidos-0790ee29\" target=\"_self\" class=\"\" rel=\"nofollow noopener\">Inserir C\u00f3digo<\/a>Comprou o Expresso?Insira o c\u00f3digo presente na Revista E para continuar a ler<\/p>\n","protected":false},"excerpt":{"rendered":"Nestas elei\u00e7\u00f5es aut\u00e1rquicas, somadas as c\u00e2maras municipais ganhas pelo PS e pelo PSD, incluindo as coliga\u00e7\u00f5es, contam-se 264,&hellip;\n","protected":false},"author":2,"featured_media":111563,"comment_status":"","ping_status":"","sticky":false,"template":"","format":"standard","meta":{"footnotes":""},"categories":[10],"tags":[27,28,15,16,14,25,26,21,22,12,13,19,20,32,23,24,33,17,18,29,30,31],"class_list":{"0":"post-111562","1":"post","2":"type-post","3":"status-publish","4":"format-standard","5":"has-post-thumbnail","7":"category-portugal","8":"tag-breaking-news","9":"tag-breakingnews","10":"tag-featured-news","11":"tag-featurednews","12":"tag-headlines","13":"tag-latest-news","14":"tag-latestnews","15":"tag-main-news","16":"tag-mainnews","17":"tag-news","18":"tag-noticias","19":"tag-noticias-principais","20":"tag-noticiasprincipais","21":"tag-portugal","22":"tag-principais-noticias","23":"tag-principaisnoticias","24":"tag-pt","25":"tag-top-stories","26":"tag-topstories","27":"tag-ultimas","28":"tag-ultimas-noticias","29":"tag-ultimasnoticias"},"share_on_mastodon":{"url":"","error":""},"_links":{"self":[{"href":"https:\/\/www.europesays.com\/pt\/wp-json\/wp\/v2\/posts\/111562","targetHints":{"allow":["GET"]}}],"collection":[{"href":"https:\/\/www.europesays.com\/pt\/wp-json\/wp\/v2\/posts"}],"about":[{"href":"https:\/\/www.europesays.com\/pt\/wp-json\/wp\/v2\/types\/post"}],"author":[{"embeddable":true,"href":"https:\/\/www.europesays.com\/pt\/wp-json\/wp\/v2\/users\/2"}],"replies":[{"embeddable":true,"href":"https:\/\/www.europesays.com\/pt\/wp-json\/wp\/v2\/comments?post=111562"}],"version-history":[{"count":0,"href":"https:\/\/www.europesays.com\/pt\/wp-json\/wp\/v2\/posts\/111562\/revisions"}],"wp:featuredmedia":[{"embeddable":true,"href":"https:\/\/www.europesays.com\/pt\/wp-json\/wp\/v2\/media\/111563"}],"wp:attachment":[{"href":"https:\/\/www.europesays.com\/pt\/wp-json\/wp\/v2\/media?parent=111562"}],"wp:term":[{"taxonomy":"category","embeddable":true,"href":"https:\/\/www.europesays.com\/pt\/wp-json\/wp\/v2\/categories?post=111562"},{"taxonomy":"post_tag","embeddable":true,"href":"https:\/\/www.europesays.com\/pt\/wp-json\/wp\/v2\/tags?post=111562"}],"curies":[{"name":"wp","href":"https:\/\/api.w.org\/{rel}","templated":true}]}}