{"id":111564,"date":"2025-10-15T09:45:30","date_gmt":"2025-10-15T09:45:30","guid":{"rendered":"https:\/\/www.europesays.com\/pt\/111564\/"},"modified":"2025-10-15T09:45:30","modified_gmt":"2025-10-15T09:45:30","slug":"apos-reconquistar-gaia-menezes-anuncia-auditoria-externa-a-gestao-socialista-de-eduardo-vitor-rodrigues","status":"publish","type":"post","link":"https:\/\/www.europesays.com\/pt\/111564\/","title":{"rendered":"Ap\u00f3s reconquistar Gaia, Menezes anuncia auditoria externa \u00e0 gest\u00e3o socialista de Eduardo V\u00edtor Rodrigues"},"content":{"rendered":"<p>A primeira medida anunciada pelo presidente rec\u00e9m-eleito da C\u00e2mara Municipal de Vila Nova de Gaia, Lu\u00eds Filipe Menezes, ap\u00f3s reconquistar o cargo que j\u00e1 tinha ocupado entre 1997 e 2013, ser\u00e1 a realiza\u00e7\u00e3o de uma <strong>auditoria externa \u00e0 gest\u00e3o de Eduardo V\u00edtor Rodrigues<\/strong>, socialista que governou o munic\u00edpio nos \u00faltimos 12 anos.<\/p>\n<p class=\"p1\">\u201cPor transpar\u00eancia c\u00edvica, e porque tal \u00e9 uma exig\u00eancia da esmagadora maioria dos cidad\u00e3os, vamos fazer um ponto da situa\u00e7\u00e3o global e completo da situa\u00e7\u00e3o do munic\u00edpio, avaliando com imparcialidade e rigor a gest\u00e3o dos \u00faltimos anos\u201d, afirma Menezes num comunicado dirigido aos gaienses.<\/p>\n<p>O autarca promete uma avalia\u00e7\u00e3o efetuada por entidades externas escolhidas mediante consulta livre ao mercado. <strong>\u201cAs conclus\u00f5es ser\u00e3o publicadas e assumidas\u201d<\/strong>, acrescenta o edil gaiense.<\/p>\n<p>\u201cTal como consideramos inaceit\u00e1vel a forma permanente e n\u00e3o documentada como foi julgada a nossa lideran\u00e7a anterior, tamb\u00e9m n\u00e3o consideramos que, sem argumentos s\u00f3lidos, possa ficar no ar qualquer tipo de d\u00favidas sobre a gest\u00e3o que agora termina\u201d, defende Menezes, sublinhando o compromisso com a transpar\u00eancia.<\/p>\n<p>O presidente eleito real\u00e7a ainda a necessidade de di\u00e1logo com todos os cidad\u00e3os e promete tratar todos os gaienses como \u201cvencedores e aliados\u201d, independentemente das op\u00e7\u00f5es pol\u00edticas expressas nas \u00faltimas elei\u00e7\u00f5es.<\/p>\n<p>Nas elei\u00e7\u00f5es aut\u00e1rquicas, Menezes, candidato pela coliga\u00e7\u00e3o PSD\/CDS\/IL, venceu com 40,74% dos votos, superando o socialista Jo\u00e3o Paulo Correia, que obteve 35,85%. O novo executivo municipal ser\u00e1 composto por cinco vereadores da coliga\u00e7\u00e3o liderada por Menezes, cinco do PS e um do Chega.<\/p>\n","protected":false},"excerpt":{"rendered":"A primeira medida anunciada pelo presidente rec\u00e9m-eleito da C\u00e2mara Municipal de Vila Nova de Gaia, Lu\u00eds Filipe Menezes,&hellip;\n","protected":false},"author":2,"featured_media":111565,"comment_status":"","ping_status":"","sticky":false,"template":"","format":"standard","meta":{"footnotes":""},"categories":[8],"tags":[27,28,15,16,14,25,26,21,22,12,13,19,20,32,23,24,33,17,18,29,30,31],"class_list":{"0":"post-111564","1":"post","2":"type-post","3":"status-publish","4":"format-standard","5":"has-post-thumbnail","7":"category-principais-noticias","8":"tag-breaking-news","9":"tag-breakingnews","10":"tag-featured-news","11":"tag-featurednews","12":"tag-headlines","13":"tag-latest-news","14":"tag-latestnews","15":"tag-main-news","16":"tag-mainnews","17":"tag-news","18":"tag-noticias","19":"tag-noticias-principais","20":"tag-noticiasprincipais","21":"tag-portugal","22":"tag-principais-noticias","23":"tag-principaisnoticias","24":"tag-pt","25":"tag-top-stories","26":"tag-topstories","27":"tag-ultimas","28":"tag-ultimas-noticias","29":"tag-ultimasnoticias"},"share_on_mastodon":{"url":"","error":""},"_links":{"self":[{"href":"https:\/\/www.europesays.com\/pt\/wp-json\/wp\/v2\/posts\/111564","targetHints":{"allow":["GET"]}}],"collection":[{"href":"https:\/\/www.europesays.com\/pt\/wp-json\/wp\/v2\/posts"}],"about":[{"href":"https:\/\/www.europesays.com\/pt\/wp-json\/wp\/v2\/types\/post"}],"author":[{"embeddable":true,"href":"https:\/\/www.europesays.com\/pt\/wp-json\/wp\/v2\/users\/2"}],"replies":[{"embeddable":true,"href":"https:\/\/www.europesays.com\/pt\/wp-json\/wp\/v2\/comments?post=111564"}],"version-history":[{"count":0,"href":"https:\/\/www.europesays.com\/pt\/wp-json\/wp\/v2\/posts\/111564\/revisions"}],"wp:featuredmedia":[{"embeddable":true,"href":"https:\/\/www.europesays.com\/pt\/wp-json\/wp\/v2\/media\/111565"}],"wp:attachment":[{"href":"https:\/\/www.europesays.com\/pt\/wp-json\/wp\/v2\/media?parent=111564"}],"wp:term":[{"taxonomy":"category","embeddable":true,"href":"https:\/\/www.europesays.com\/pt\/wp-json\/wp\/v2\/categories?post=111564"},{"taxonomy":"post_tag","embeddable":true,"href":"https:\/\/www.europesays.com\/pt\/wp-json\/wp\/v2\/tags?post=111564"}],"curies":[{"name":"wp","href":"https:\/\/api.w.org\/{rel}","templated":true}]}}