{"id":111568,"date":"2025-10-15T09:47:15","date_gmt":"2025-10-15T09:47:15","guid":{"rendered":"https:\/\/www.europesays.com\/pt\/111568\/"},"modified":"2025-10-15T09:47:15","modified_gmt":"2025-10-15T09:47:15","slug":"escultura-assinala-175-anos-da-banda-os-artistas-funchal-noticias-noticias-da-madeira-informacao-de-todos-para-todos","status":"publish","type":"post","link":"https:\/\/www.europesays.com\/pt\/111568\/","title":{"rendered":"Escultura assinala 175 anos da Banda \u201cOs Artistas\u201d | Funchal Not\u00edcias | Not\u00edcias da Madeira &#8211; Informa\u00e7\u00e3o de todos para todos!"},"content":{"rendered":"<p>\t\t<strong> <a href=\"https:\/\/i0.wp.com\/funchalnoticias.net\/wp-content\/uploads\/2025\/10\/Artistas9.jpg?ssl=1\" rel=\"nofollow noopener\" target=\"_blank\"><img loading=\"lazy\" data-recalc-dims=\"1\" decoding=\"async\" data-attachment-id=\"534533\" data-permalink=\"https:\/\/funchalnoticias.net\/2025\/10\/14\/escultura-assinala-175-anos-da-banda-os-artistas\/artistas9\/\" data-orig-file=\"https:\/\/i0.wp.com\/funchalnoticias.net\/wp-content\/uploads\/2025\/10\/Artistas9.jpg?fit=1075%2C1834&amp;ssl=1\" data-orig-size=\"1075,1834\" data-comments-opened=\"0\" data-image-meta=\"{&quot;aperture&quot;:&quot;0&quot;,&quot;credit&quot;:&quot;&quot;,&quot;camera&quot;:&quot;&quot;,&quot;caption&quot;:&quot;&quot;,&quot;created_timestamp&quot;:&quot;0&quot;,&quot;copyright&quot;:&quot;&quot;,&quot;focal_length&quot;:&quot;0&quot;,&quot;iso&quot;:&quot;0&quot;,&quot;shutter_speed&quot;:&quot;0&quot;,&quot;title&quot;:&quot;&quot;,&quot;orientation&quot;:&quot;0&quot;}\" data-image-title=\"Artistas9\" data-image-description=\"\" data-image-caption=\"\" data-medium-file=\"https:\/\/i0.wp.com\/funchalnoticias.net\/wp-content\/uploads\/2025\/10\/Artistas9.jpg?fit=440%2C750&amp;ssl=1\" data-large-file=\"https:\/\/i0.wp.com\/funchalnoticias.net\/wp-content\/uploads\/2025\/10\/Artistas9.jpg?fit=723%2C1233&amp;ssl=1\" class=\"aligncenter size-full wp-image-534533\" src=\"https:\/\/www.europesays.com\/pt\/wp-content\/uploads\/2025\/10\/Artistas9.jpg\" alt=\"\" width=\"723\" height=\"1233\"  \/><\/a> Rui Marote<\/strong><\/p>\n<p>A obra do escultor Martim Veloza foi colocada esta manh\u00e3\u00a0 no Jardim Municipal RAINHA D. AM\u00c9LIA\u00a0 para assinalar os 175 anos da Banda Municipal Funchalense Artistas.<\/p>\n<p><a href=\"https:\/\/i0.wp.com\/funchalnoticias.net\/wp-content\/uploads\/2025\/10\/Artistas08.jpg?ssl=1\" rel=\"nofollow noopener\" target=\"_blank\"><img loading=\"lazy\" data-recalc-dims=\"1\" decoding=\"async\" data-attachment-id=\"534532\" data-permalink=\"https:\/\/funchalnoticias.net\/2025\/10\/14\/escultura-assinala-175-anos-da-banda-os-artistas\/artistas08\/\" data-orig-file=\"https:\/\/i0.wp.com\/funchalnoticias.net\/wp-content\/uploads\/2025\/10\/Artistas08.jpg?fit=1126%2C2000&amp;ssl=1\" data-orig-size=\"1126,2000\" data-comments-opened=\"0\" data-image-meta=\"{&quot;aperture&quot;:&quot;0&quot;,&quot;credit&quot;:&quot;&quot;,&quot;camera&quot;:&quot;&quot;,&quot;caption&quot;:&quot;&quot;,&quot;created_timestamp&quot;:&quot;0&quot;,&quot;copyright&quot;:&quot;&quot;,&quot;focal_length&quot;:&quot;0&quot;,&quot;iso&quot;:&quot;0&quot;,&quot;shutter_speed&quot;:&quot;0&quot;,&quot;title&quot;:&quot;&quot;,&quot;orientation&quot;:&quot;0&quot;}\" data-image-title=\"Artistas08\" data-image-description=\"\" data-image-caption=\"\" data-medium-file=\"https:\/\/i0.wp.com\/funchalnoticias.net\/wp-content\/uploads\/2025\/10\/Artistas08.jpg?fit=422%2C750&amp;ssl=1\" data-large-file=\"https:\/\/i0.wp.com\/funchalnoticias.net\/wp-content\/uploads\/2025\/10\/Artistas08.jpg?fit=723%2C1284&amp;ssl=1\" class=\"aligncenter size-full wp-image-534532\" src=\"https:\/\/www.europesays.com\/pt\/wp-content\/uploads\/2025\/10\/Artistas08.jpg\" alt=\"\" width=\"723\" height=\"1284\"  \/><\/a>Iniciativa da Junta de Freguesia da S\u00e9 que terminou o seu mandato e que encomendou ao escultor madeirense Martim Veloza.<\/p>\n<p>De dimens\u00f5es consider\u00e1veis trata de uma pauta de m\u00fasica com a nota musical negra que \u00e9 uma figura de dura\u00e7\u00e3o que equivale a um pulso ou tempo musical.<\/p>\n<p><a href=\"https:\/\/i0.wp.com\/funchalnoticias.net\/wp-content\/uploads\/2025\/10\/Artistas6.jpg?ssl=1\" rel=\"nofollow noopener\" target=\"_blank\"><img loading=\"lazy\" data-recalc-dims=\"1\" decoding=\"async\" data-attachment-id=\"534531\" data-permalink=\"https:\/\/funchalnoticias.net\/2025\/10\/14\/escultura-assinala-175-anos-da-banda-os-artistas\/artistas6\/\" data-orig-file=\"https:\/\/i0.wp.com\/funchalnoticias.net\/wp-content\/uploads\/2025\/10\/Artistas6.jpg?fit=1126%2C1725&amp;ssl=1\" data-orig-size=\"1126,1725\" data-comments-opened=\"0\" data-image-meta=\"{&quot;aperture&quot;:&quot;0&quot;,&quot;credit&quot;:&quot;&quot;,&quot;camera&quot;:&quot;&quot;,&quot;caption&quot;:&quot;&quot;,&quot;created_timestamp&quot;:&quot;0&quot;,&quot;copyright&quot;:&quot;&quot;,&quot;focal_length&quot;:&quot;0&quot;,&quot;iso&quot;:&quot;0&quot;,&quot;shutter_speed&quot;:&quot;0&quot;,&quot;title&quot;:&quot;&quot;,&quot;orientation&quot;:&quot;0&quot;}\" data-image-title=\"Artistas6\" data-image-description=\"\" data-image-caption=\"\" data-medium-file=\"https:\/\/i0.wp.com\/funchalnoticias.net\/wp-content\/uploads\/2025\/10\/Artistas6.jpg?fit=490%2C750&amp;ssl=1\" data-large-file=\"https:\/\/i0.wp.com\/funchalnoticias.net\/wp-content\/uploads\/2025\/10\/Artistas6.jpg?fit=723%2C1108&amp;ssl=1\" class=\"aligncenter size-full wp-image-534531\" src=\"https:\/\/www.europesays.com\/pt\/wp-content\/uploads\/2025\/10\/Artistas6.jpg\" alt=\"\" width=\"723\" height=\"1108\"  \/><\/a>Esta pe\u00e7a de cor de ouro funcionar\u00e1 como p\u00eandulo no meio da pauta representa se com uma\u00a0 cabe\u00e7a de nota preenchida e um tra\u00e7o vertical (plica) que pode ir para cima ou para baixo para otimizar a visualiza\u00e7\u00e3o no pentagrama.<br \/>\n<a href=\"https:\/\/i0.wp.com\/funchalnoticias.net\/wp-content\/uploads\/2025\/10\/Artistas007.jpg?ssl=1\" rel=\"nofollow noopener\" target=\"_blank\"><img data-recalc-dims=\"1\" loading=\"lazy\" decoding=\"async\" data-attachment-id=\"534530\" data-permalink=\"https:\/\/funchalnoticias.net\/2025\/10\/14\/escultura-assinala-175-anos-da-banda-os-artistas\/artistas007\/\" data-orig-file=\"https:\/\/i0.wp.com\/funchalnoticias.net\/wp-content\/uploads\/2025\/10\/Artistas007.jpg?fit=1261%2C2048&amp;ssl=1\" data-orig-size=\"1261,2048\" data-comments-opened=\"0\" data-image-meta=\"{&quot;aperture&quot;:&quot;0&quot;,&quot;credit&quot;:&quot;&quot;,&quot;camera&quot;:&quot;&quot;,&quot;caption&quot;:&quot;&quot;,&quot;created_timestamp&quot;:&quot;0&quot;,&quot;copyright&quot;:&quot;&quot;,&quot;focal_length&quot;:&quot;0&quot;,&quot;iso&quot;:&quot;0&quot;,&quot;shutter_speed&quot;:&quot;0&quot;,&quot;title&quot;:&quot;&quot;,&quot;orientation&quot;:&quot;0&quot;}\" data-image-title=\"Artistas007\" data-image-description=\"\" data-image-caption=\"\" data-medium-file=\"https:\/\/i0.wp.com\/funchalnoticias.net\/wp-content\/uploads\/2025\/10\/Artistas007.jpg?fit=462%2C750&amp;ssl=1\" data-large-file=\"https:\/\/i0.wp.com\/funchalnoticias.net\/wp-content\/uploads\/2025\/10\/Artistas007.jpg?fit=723%2C1174&amp;ssl=1\" class=\"aligncenter size-large wp-image-534530\" src=\"https:\/\/www.europesays.com\/pt\/wp-content\/uploads\/2025\/10\/Artistas007.jpg\" alt=\"\" width=\"723\" height=\"1174\"  \/><\/a>Parab\u00e9ns\u00a0 ao escultor por ter criado uma pe\u00e7a\u00a0 de encher o olho e que significa a homenagem aos homens qie criarem\u00a0 esta filarm\u00f3nica.<\/p>\n<p>Os autarcas da Junta da S\u00e9\u00a0 que terminam com fecho de ouro o nosso aplauso.<\/p>\n<p><a href=\"https:\/\/i0.wp.com\/funchalnoticias.net\/wp-content\/uploads\/2025\/10\/Artistas05.jpg?ssl=1\" rel=\"nofollow noopener\" target=\"_blank\"><img data-recalc-dims=\"1\" loading=\"lazy\" decoding=\"async\" data-attachment-id=\"534529\" data-permalink=\"https:\/\/funchalnoticias.net\/2025\/10\/14\/escultura-assinala-175-anos-da-banda-os-artistas\/artistas05\/\" data-orig-file=\"https:\/\/i0.wp.com\/funchalnoticias.net\/wp-content\/uploads\/2025\/10\/Artistas05.jpg?fit=2048%2C1356&amp;ssl=1\" data-orig-size=\"2048,1356\" data-comments-opened=\"0\" data-image-meta=\"{&quot;aperture&quot;:&quot;0&quot;,&quot;credit&quot;:&quot;&quot;,&quot;camera&quot;:&quot;&quot;,&quot;caption&quot;:&quot;&quot;,&quot;created_timestamp&quot;:&quot;0&quot;,&quot;copyright&quot;:&quot;&quot;,&quot;focal_length&quot;:&quot;0&quot;,&quot;iso&quot;:&quot;0&quot;,&quot;shutter_speed&quot;:&quot;0&quot;,&quot;title&quot;:&quot;&quot;,&quot;orientation&quot;:&quot;0&quot;}\" data-image-title=\"Artistas05\" data-image-description=\"\" data-image-caption=\"\" data-medium-file=\"https:\/\/i0.wp.com\/funchalnoticias.net\/wp-content\/uploads\/2025\/10\/Artistas05.jpg?fit=750%2C497&amp;ssl=1\" data-large-file=\"https:\/\/i0.wp.com\/funchalnoticias.net\/wp-content\/uploads\/2025\/10\/Artistas05.jpg?fit=723%2C479&amp;ssl=1\" class=\"aligncenter size-large wp-image-534529\" src=\"https:\/\/www.europesays.com\/pt\/wp-content\/uploads\/2025\/10\/Artistas05.jpg\" alt=\"\" width=\"723\" height=\"479\"  \/><\/a>Funchal Not\u00edcias sabe que a data desta obra escult\u00f3rica ainda nao tem data a ser inaugurada.<br \/>\nCurtir isso:<\/p>\n<p>Curtir Carregando&#8230;<\/p>\n<p><a class=\"sd-link-color\"\/><\/p>\n<p>\n\tRelacionado\n<\/p>\n<p>\tDescubra mais sobre Funchal Not\u00edcias<\/p>\n<p class=\"has-text-align-center\" style=\"margin-top:10px;margin-bottom:10px;font-size:15px\">Assine para receber nossas not\u00edcias mais recentes por e-mail.<\/p>\n","protected":false},"excerpt":{"rendered":"Rui Marote A obra do escultor Martim Veloza foi colocada esta manh\u00e3\u00a0 no Jardim Municipal RAINHA D. AM\u00c9LIA\u00a0&hellip;\n","protected":false},"author":2,"featured_media":111569,"comment_status":"","ping_status":"","sticky":false,"template":"","format":"standard","meta":{"footnotes":""},"categories":[144],"tags":[207,205,206,203,201,202,204,114,115,32,33],"class_list":{"0":"post-111568","1":"post","2":"type-post","3":"status-publish","4":"format-standard","5":"has-post-thumbnail","7":"category-arte-e-design","8":"tag-arte","9":"tag-arte-e-design","10":"tag-artedesign","11":"tag-arts","12":"tag-arts-and-design","13":"tag-artsanddesign","14":"tag-design","15":"tag-entertainment","16":"tag-entretenimento","17":"tag-portugal","18":"tag-pt"},"share_on_mastodon":{"url":"","error":""},"_links":{"self":[{"href":"https:\/\/www.europesays.com\/pt\/wp-json\/wp\/v2\/posts\/111568","targetHints":{"allow":["GET"]}}],"collection":[{"href":"https:\/\/www.europesays.com\/pt\/wp-json\/wp\/v2\/posts"}],"about":[{"href":"https:\/\/www.europesays.com\/pt\/wp-json\/wp\/v2\/types\/post"}],"author":[{"embeddable":true,"href":"https:\/\/www.europesays.com\/pt\/wp-json\/wp\/v2\/users\/2"}],"replies":[{"embeddable":true,"href":"https:\/\/www.europesays.com\/pt\/wp-json\/wp\/v2\/comments?post=111568"}],"version-history":[{"count":0,"href":"https:\/\/www.europesays.com\/pt\/wp-json\/wp\/v2\/posts\/111568\/revisions"}],"wp:featuredmedia":[{"embeddable":true,"href":"https:\/\/www.europesays.com\/pt\/wp-json\/wp\/v2\/media\/111569"}],"wp:attachment":[{"href":"https:\/\/www.europesays.com\/pt\/wp-json\/wp\/v2\/media?parent=111568"}],"wp:term":[{"taxonomy":"category","embeddable":true,"href":"https:\/\/www.europesays.com\/pt\/wp-json\/wp\/v2\/categories?post=111568"},{"taxonomy":"post_tag","embeddable":true,"href":"https:\/\/www.europesays.com\/pt\/wp-json\/wp\/v2\/tags?post=111568"}],"curies":[{"name":"wp","href":"https:\/\/api.w.org\/{rel}","templated":true}]}}