{"id":111570,"date":"2025-10-15T09:49:13","date_gmt":"2025-10-15T09:49:13","guid":{"rendered":"https:\/\/www.europesays.com\/pt\/111570\/"},"modified":"2025-10-15T09:49:13","modified_gmt":"2025-10-15T09:49:13","slug":"ultimos-episodio-a-fazenda-zuri-chora-nos-bracos-de-laura-ao-descobrir-que-e-a-sua-mae-novelas","status":"publish","type":"post","link":"https:\/\/www.europesays.com\/pt\/111570\/","title":{"rendered":"\u00daltimos epis\u00f3dio \u00abA Fazenda\u00bb: Zuri chora nos bra\u00e7os de Laura ao descobrir que \u00e9 a sua m\u00e3e &#8211; Novelas"},"content":{"rendered":"<p>Em \u00abA Fazenda\u00bb, <a href=\"https:\/\/tvi.iol.pt\/novelas\/videos\/a-fazenda-laura-sofre-um-incidente\/68e7d7470cf29d28d828cecf\" rel=\"nofollow noopener\" target=\"_blank\">Laura (Leonor Seixas)<\/a> admite a <a href=\"https:\/\/tvi.iol.pt\/novelas\/videos\/a-fazenda-a-dificil-historia-de-vida-de-zuri\/6824bb120cf28cf88767feb9\" wbo-id=\"51\" rel=\"nofollow noopener\" target=\"_blank\">Zuri (Madalena Arag\u00e3o<\/a>) que estava metida no plano para apanhar <a href=\"https:\/\/tvi.iol.pt\/novelas\/videos\/foi-assim-que-lukenia-soube-que-samuel-e-filho-de-gaspar\/6772bbdc0cf28c51602e4db1\" rel=\"nofollow noopener\" target=\"_blank\">Lukenia (Rita Cruz)<\/a>\u00a0por ela tamb\u00e9m a ter prejudicado muito, narrando que por causa dela, ela e Albano tiveram de fugir deixando a filha para tr\u00e1s, revelando-lhe agora ser m\u00e3e dela.<\/p>\n<p>Laura diz a Zuri que ela e Albano nunca a puderam contactar para que Lukenia n\u00e3o descobrisse que eram pais dela e a usasse para os fazer voltar. Laura diz a Zuri que infelizmente Albano morreu, mas promete nunca mais a abandonar. Zuri chora nos bra\u00e7os de Laura.<\/p>\n<p>\u00a0Zuri confessa a Laura nunca ter estado gr\u00e1vida de <a href=\"https:\/\/tvi.iol.pt\/novelas\/ator\/eva-borges-lacerda\/67348807d34e94b829075ef1\" target=\"_blank\" rel=\"nofollow noopener\"><strong data-end=\"548\" data-start=\"540\">Talu (Evandro Gomes)<\/strong><\/a>, tendo sido tudo uma artimanha de Lukenia para o afastar de Eva, de quem ele continua a gostar. Laura diz a Zuri que tem de contar a verdade a Talu, dizendo que s\u00f3 assim conseguir\u00e1 ficar em paz.<\/p>\n<p>De recordar que, magoada, Zuri tinha dito anteriormente odiar os pais:<\/p>\n","protected":false},"excerpt":{"rendered":"Em \u00abA Fazenda\u00bb, Laura (Leonor Seixas) admite a Zuri (Madalena Arag\u00e3o) que estava metida no plano para apanhar&hellip;\n","protected":false},"author":2,"featured_media":111571,"comment_status":"","ping_status":"","sticky":false,"template":"","format":"standard","meta":{"footnotes":""},"categories":[142],"tags":[657,160,166,114,115,157,167,164,3972,23486,680,161,158,165,159,32,33,156,163,151,162,682],"class_list":{"0":"post-111570","1":"post","2":"type-post","3":"status-publish","4":"format-standard","5":"has-post-thumbnail","7":"category-tv","8":"tag-a-fazenda","9":"tag-ana-guiomar","10":"tag-cristina-ferreira","11":"tag-entertainment","12":"tag-entretenimento","13":"tag-festa-e-festa","14":"tag-ficcao","15":"tag-jose-fidalgo","16":"tag-leonor","17":"tag-leonor-seixas","18":"tag-madalena-aragao","19":"tag-novelas","20":"tag-para-sempre","21":"tag-pedro-sousa","22":"tag-pedro-teixeira","23":"tag-portugal","24":"tag-pt","25":"tag-queridos-papas","26":"tag-tiago-teotonio-pereira","27":"tag-tv","28":"tag-tvi","29":"tag-zuri"},"share_on_mastodon":{"url":"","error":""},"_links":{"self":[{"href":"https:\/\/www.europesays.com\/pt\/wp-json\/wp\/v2\/posts\/111570","targetHints":{"allow":["GET"]}}],"collection":[{"href":"https:\/\/www.europesays.com\/pt\/wp-json\/wp\/v2\/posts"}],"about":[{"href":"https:\/\/www.europesays.com\/pt\/wp-json\/wp\/v2\/types\/post"}],"author":[{"embeddable":true,"href":"https:\/\/www.europesays.com\/pt\/wp-json\/wp\/v2\/users\/2"}],"replies":[{"embeddable":true,"href":"https:\/\/www.europesays.com\/pt\/wp-json\/wp\/v2\/comments?post=111570"}],"version-history":[{"count":0,"href":"https:\/\/www.europesays.com\/pt\/wp-json\/wp\/v2\/posts\/111570\/revisions"}],"wp:featuredmedia":[{"embeddable":true,"href":"https:\/\/www.europesays.com\/pt\/wp-json\/wp\/v2\/media\/111571"}],"wp:attachment":[{"href":"https:\/\/www.europesays.com\/pt\/wp-json\/wp\/v2\/media?parent=111570"}],"wp:term":[{"taxonomy":"category","embeddable":true,"href":"https:\/\/www.europesays.com\/pt\/wp-json\/wp\/v2\/categories?post=111570"},{"taxonomy":"post_tag","embeddable":true,"href":"https:\/\/www.europesays.com\/pt\/wp-json\/wp\/v2\/tags?post=111570"}],"curies":[{"name":"wp","href":"https:\/\/api.w.org\/{rel}","templated":true}]}}