{"id":111582,"date":"2025-10-15T09:58:08","date_gmt":"2025-10-15T09:58:08","guid":{"rendered":"https:\/\/www.europesays.com\/pt\/111582\/"},"modified":"2025-10-15T09:58:08","modified_gmt":"2025-10-15T09:58:08","slug":"desde-o-bom-resultado-de-moedas-ao-erro-estrategico-do-ps-que-dizem-os-especialistas","status":"publish","type":"post","link":"https:\/\/www.europesays.com\/pt\/111582\/","title":{"rendered":"Desde o \u201cbom resultado de Moedas\u201d ao \u201cerro estrat\u00e9gico do PS\u201d. Que dizem os especialistas?"},"content":{"rendered":"<p>        Os especialistas contactados pelo Jornal Econ\u00f3mico (JE) consideram que o resultado de Carlos Moedas foi \u201cbom\u201d e que o PS padeceu de um grande \u201cerro estrat\u00e9gico\u201d.    <\/p>\n<p>epa12350299 Lisbon mayor Carlos Moedas speaks to the press after the Gloria funicular cable railway derailed in Lisbon, Portugal, 03 September 2025. At least three people died in the derailment, with emergency services reporting that several were injured and others are still trapped at the scene.  EPA\/MIGUEL A. LOPES<\/p>\n<p>Apesar do que indicavam as sondagens Carlos Moedas venceu novamente na C\u00e2mara de Lisboa, mas sem maioria absoluta. Os especialistas contactados pelo Jornal Econ\u00f3mico (JE) consideram que o resultado foi \u201cbom\u201d e que o PS padeceu de um grande \u201cerro estrat\u00e9gico\u201d.<\/p>\n<p>No domingo, Carlos Moedas foi reeleito Presidente da C\u00e2mara Municipal, mas n\u00e3o conseguiu a maioria absoluta. A sua coliga\u00e7\u00e3o obteve oito mandatos, mais dois do que a coliga\u00e7\u00e3o liderada por Alexandra Leit\u00e3o (PS\/L\/BE\/PAN), que ficou em segundo lugar.<\/p>\n<p>O polit\u00f3logo Jos\u00e9 Palmeira recordou que \u201co cen\u00e1rio que t\u00ednhamos antes das elei\u00e7\u00f5es era de empate t\u00e9cnico. Fartamo-nos de ouvir falar em empates t\u00e9cnicos\u201d.<\/p>\n<p>\u201cAli\u00e1s at\u00e9 ontem \u00e0 noite na proje\u00e7\u00e3o dos resultados \u00e0 boca das urnas tamb\u00e9m apontava para um empate t\u00e9cnico. Dado que Lisboa \u00e9 um concelho com muitos habitantes, admitia-se at\u00e9 muito tarde que Moedas n\u00e3o ganhasse\u201d, destacou<\/p>\n<p>Apesar de n\u00e3o ter alcan\u00e7ado maioria absoluta, Jos\u00e9 Palmeira afirmou que \u201cn\u00e3o deixa de ser um bom resultado ainda por cima se considerarmos que o acidente no elevador da gl\u00f3ria se criou a expectativa de que podia afet\u00e1-lo em termos eleitorais\u201d.<\/p>\n<p>Por sua vez, Jo\u00e3o Ferreira Dias, especialista em Estudos Pol\u00edtico-Jur\u00eddicos, apontou que \u201cseria muito dif\u00edcil de Carlos Moedas atingir a maioria absoluta\u201d. \u201cEm todo o caso ele cresce, isso \u00e9 um dado significativo\u201d, frisou.<\/p>\n<p>Para Jo\u00e3o Ferreira Dias \u201co crescimento de Jo\u00e3o Ferreira, da candidatura da CDU, foi determinante n\u00e3o s\u00f3 para os resultados da coliga\u00e7\u00e3o encabe\u00e7ada por Alexandra Leit\u00e3o, como pelo facto de expressar algum voto\u201d.<\/p>\n<p>\u201cIsso fez com que Moedas pudesse renovar o mandato como presidente da C\u00e2mara Municipal de Lisboa e tamb\u00e9m acabou por impedir que a candidatura de Alexandra Leit\u00e3o pudesse sair vencedora\u201d, afirmou.<\/p>\n<p>Recorde-se que a CDU teve 26.769 votos em Lisboa, menos 11 votos que o Chega, uma diferen\u00e7a que d\u00e1 a Bruno Mascarenhas a possibilidade de ter dois vereadores na autarquia e a Jo\u00e3o Ferreira apenas um.<\/p>\n<p>Jo\u00e3o Ferreira Dias disse ainda que \u201ctamb\u00e9m que Alexandra Leit\u00e3o foi prejudicada pela coliga\u00e7\u00e3o incluindo o BE, numa altura em que tivemos o caso da Flotilha\u201d. \u201cTodo o mediatismo em volta da Flotilha foi determinante para fazer cair a imagem do BE\u201d.<\/p>\n<p>Por sua vez, o especialista Gon\u00e7alo Ribeiro Telles, em linha com os restantes analistas, destacou que Moedas \u201cn\u00e3o alcan\u00e7ou a maioria absoluta, mas teve perto dela\u201d. \u201cAo contr\u00e1rio do que se esperava porque \u00e0 partida a corrida ia ser mais apertada\u201d, sublinhou.<\/p>\n<p>Segundo o especialista \u201cem Lisboa houve claramente um erro estrat\u00e9gico do Partido Socialista, de realmente juntar-se a uma esquerda que n\u00e3o fazia sentido\u201d.<\/p>\n<p>\u201cTeria sido mais inteligente da parte do Partido Socialista ter apresentado um candidato ou uma candidata da ala moderada que fosse buscar votos a Carlos Moedas\u201d, referiu Gon\u00e7alo Ribeiro Telles.<\/p>\n<p>Carlos Moedas ganhou, mas Ribeiro Telle \u00e9 da opini\u00e3o que o reeleito presidente da C\u00e2mara de Lisboa teve um primeiro mandato \u201cdesastroso em todos os n\u00edveis\u201d. \u201cEle consegue alcan\u00e7ar uma vit\u00f3ria porque o PS n\u00e3o apresenta uma candidatura mais ponderada\u201d, considerou.<\/p>\n","protected":false},"excerpt":{"rendered":"Os especialistas contactados pelo Jornal Econ\u00f3mico (JE) consideram que o resultado de Carlos Moedas foi \u201cbom\u201d e que&hellip;\n","protected":false},"author":2,"featured_media":111583,"comment_status":"","ping_status":"","sticky":false,"template":"","format":"standard","meta":{"footnotes":""},"categories":[10],"tags":[15187,27,28,3766,15,16,14,25,26,21,22,12,13,19,20,32,23,24,455,33,17,18,29,30,31],"class_list":{"0":"post-111582","1":"post","2":"type-post","3":"status-publish","4":"format-standard","5":"has-post-thumbnail","7":"category-portugal","8":"tag-autarquicas","9":"tag-breaking-news","10":"tag-breakingnews","11":"tag-carlos-moedas","12":"tag-featured-news","13":"tag-featurednews","14":"tag-headlines","15":"tag-latest-news","16":"tag-latestnews","17":"tag-main-news","18":"tag-mainnews","19":"tag-news","20":"tag-noticias","21":"tag-noticias-principais","22":"tag-noticiasprincipais","23":"tag-portugal","24":"tag-principais-noticias","25":"tag-principaisnoticias","26":"tag-ps","27":"tag-pt","28":"tag-top-stories","29":"tag-topstories","30":"tag-ultimas","31":"tag-ultimas-noticias","32":"tag-ultimasnoticias"},"share_on_mastodon":{"url":"","error":""},"_links":{"self":[{"href":"https:\/\/www.europesays.com\/pt\/wp-json\/wp\/v2\/posts\/111582","targetHints":{"allow":["GET"]}}],"collection":[{"href":"https:\/\/www.europesays.com\/pt\/wp-json\/wp\/v2\/posts"}],"about":[{"href":"https:\/\/www.europesays.com\/pt\/wp-json\/wp\/v2\/types\/post"}],"author":[{"embeddable":true,"href":"https:\/\/www.europesays.com\/pt\/wp-json\/wp\/v2\/users\/2"}],"replies":[{"embeddable":true,"href":"https:\/\/www.europesays.com\/pt\/wp-json\/wp\/v2\/comments?post=111582"}],"version-history":[{"count":0,"href":"https:\/\/www.europesays.com\/pt\/wp-json\/wp\/v2\/posts\/111582\/revisions"}],"wp:featuredmedia":[{"embeddable":true,"href":"https:\/\/www.europesays.com\/pt\/wp-json\/wp\/v2\/media\/111583"}],"wp:attachment":[{"href":"https:\/\/www.europesays.com\/pt\/wp-json\/wp\/v2\/media?parent=111582"}],"wp:term":[{"taxonomy":"category","embeddable":true,"href":"https:\/\/www.europesays.com\/pt\/wp-json\/wp\/v2\/categories?post=111582"},{"taxonomy":"post_tag","embeddable":true,"href":"https:\/\/www.europesays.com\/pt\/wp-json\/wp\/v2\/tags?post=111582"}],"curies":[{"name":"wp","href":"https:\/\/api.w.org\/{rel}","templated":true}]}}