{"id":111584,"date":"2025-10-15T10:01:51","date_gmt":"2025-10-15T10:01:51","guid":{"rendered":"https:\/\/www.europesays.com\/pt\/111584\/"},"modified":"2025-10-15T10:01:51","modified_gmt":"2025-10-15T10:01:51","slug":"um-pedacinho-de-ceu-tudo-mudou-na-vida-deste-cantor-famoso-novelas","status":"publish","type":"post","link":"https:\/\/www.europesays.com\/pt\/111584\/","title":{"rendered":"\u00abUm pedacinho de c\u00e9u\u00bb: Tudo mudou na vida deste cantor famoso &#8211; Novelas"},"content":{"rendered":"<p data-end=\"364\" data-start=\"93\"><a href=\"https:\/\/tvi.iol.pt\/novelas\/edmundo-vieira\/pai\/em-breve-seremos-1-cantor-e-ator-famoso-vai-ser-pai\" rel=\"nofollow noopener\" target=\"_blank\"><strong data-end=\"111\" data-start=\"93\">Edmundo Vieira<\/strong>,<\/a> de 39 anos, membro dos <strong data-end=\"145\" data-start=\"136\">D\u2019ZRT<\/strong>, partilhou uma das not\u00edcias mais felizes da sua vida: vai ser novamente pai. O cantor e ator anunciou a novidade atrav\u00e9s das redes sociais, emocionando os f\u00e3s e recebendo in\u00fameras mensagens de carinho e felicita\u00e7\u00f5es.<\/p>\n<p data-end=\"634\" data-start=\"366\">A confirma\u00e7\u00e3o foi feita pela namorada do artista, <strong data-end=\"435\" data-start=\"416\">Beatriz Pereira<\/strong>, que revelou publicamente a gravidez ao mostrar as primeiras imagens da sua barriga. Pouco tempo depois, o casal decidiu partilhar um momento ainda mais especial \u2014 a <strong data-end=\"631\" data-start=\"602\">revela\u00e7\u00e3o do sexo do beb\u00e9<\/strong>.<\/p>\n<p data-end=\"959\" data-start=\"636\">Com palavras cheias de ternura e significado, Beatriz revelou que est\u00e1 \u00e0 espera de um <strong data-end=\"732\" data-start=\"722\">menino<\/strong>, descrevendo o momento como uma b\u00ean\u00e7\u00e3o inesperada e perfeita. Segundo a jovem, acreditava que seria uma menina, mas o destino quis de outra forma, provando, uma vez mais, que a vida escreve as suas hist\u00f3rias \u201c\u00e0 sua maneira\u201d.<\/p>\n<p data-end=\"1142\" data-start=\"961\"><strong data-end=\"1005\" data-start=\"961\">\u201cVem a\u00ed um pedacinho de c\u00e9u. Um menino.\u201d<\/strong> \u2014 escreveu Beatriz na legenda da publica\u00e7\u00e3o, acompanhando as palavras de uma fotografia intimista que captou a aten\u00e7\u00e3o dos seguidores.<\/p>\n<p data-end=\"1408\" data-start=\"1144\">Recorde-se que <strong data-end=\"1208\" data-start=\"1159\">Edmundo Vieira j\u00e1 \u00e9 pai de Miguel, de 17 anos<\/strong>, fruto da anterior rela\u00e7\u00e3o com <strong data-end=\"1259\" data-start=\"1240\">Andreia Azevedo<\/strong>. Este novo cap\u00edtulo marca, assim, <strong data-end=\"1334\" data-start=\"1294\">a segunda experi\u00eancia de paternidade<\/strong> do artista, que se mostra entusiasmado e plenamente dedicado \u00e0 fam\u00edlia.<\/p>\n<p data-end=\"1608\" data-start=\"1410\">Nas redes sociais, a not\u00edcia foi recebida com enorme entusiasmo. F\u00e3s e amigos deixaram mensagens de felicita\u00e7\u00e3o e votos de felicidade ao casal, destacando o momento como \u201clindo\u201d e \u201ccheio de amor\u201d.<\/p>\n<p data-end=\"1884\" data-start=\"1610\">O post foi rapidamente inundado de coment\u00e1rios carinhosos, onde se podia ler:<br data-end=\"1690\" data-start=\"1687\"\/> <strong data-end=\"1707\" data-start=\"1690\">\u00ab\ud83d\udc99 Nosso \ud83d\udc99\u00bb<\/strong>, <strong data-end=\"1764\" data-start=\"1709\">\u00abEu achar que era menina \ud83d\ude05 sejam muito felizes \ud83e\ude75\u00bb<\/strong>, <strong data-end=\"1831\" data-start=\"1766\">\u00abParab\u00e9ns, que o vosso filhote venha com sa\u00fade, beijinhos \ud83d\ude18\u00bb<\/strong> e <strong data-end=\"1881\" data-start=\"1834\">\u00abParab\u00e9ns, e muitas felicidades a ambos \ud83c\udf89\u00bb<\/strong>.<\/p>\n<p data-end=\"1382\" data-is-last-node=\"\" data-is-only-node=\"\" data-start=\"1057\"><strong>Veja tamb\u00e9m:\u00a0<\/strong><\/p>\n<p data-end=\"1382\" data-is-last-node=\"\" data-is-only-node=\"\" data-start=\"1057\"><a href=\"https:\/\/tvi.iol.pt\/novelas\/fotos\/estas-sao-as-imagens-da-casa-nova-de-lourenco-ortigao-e-kelly-bailey-e-ha-um-detalhe-unico\/68ee124dd34e58bc6796dc3c\" wbo-id=\"51\" rel=\"nofollow noopener\" target=\"_blank\">Estas s\u00e3o as imagens da casa nova de Louren\u00e7o Ortig\u00e3o e Kelly Bailey \u2014 e h\u00e1 um detalhe \u00fanico &#8211; Novelas &#8211; TVI<\/a><\/p>\n<p data-end=\"1382\" data-is-last-node=\"\" data-is-only-node=\"\" data-start=\"1057\"><a href=\"https:\/\/tvi.iol.pt\/novelas\/fotos\/rita-pereira-celebra-11-meses-da-filha-lowe-mas-ha-um-detalhe-que-todos-repararam\/68ed098cd34ee0c2fed13357\" wbo-id=\"52\" rel=\"nofollow noopener\" target=\"_blank\">Rita Pereira celebra 11 meses da filha Low\u00ea\u2026 mas h\u00e1 um detalhe que todos repararam &#8211; Novelas &#8211; TVI<\/a><\/p>\n<p>\u00a0<\/p>\n","protected":false},"excerpt":{"rendered":"Edmundo Vieira, de 39 anos, membro dos D\u2019ZRT, partilhou uma das not\u00edcias mais felizes da sua vida: vai&hellip;\n","protected":false},"author":2,"featured_media":111585,"comment_status":"","ping_status":"","sticky":false,"template":"","format":"standard","meta":{"footnotes":""},"categories":[145],"tags":[160,26153,2557,211,210,166,26151,114,115,157,167,164,161,158,165,159,32,33,156,13583,216,163,162],"class_list":{"0":"post-111584","1":"post","2":"type-post","3":"status-publish","4":"format-standard","5":"has-post-thumbnail","7":"category-celebridades","8":"tag-ana-guiomar","9":"tag-beatriz-pereira","10":"tag-bebe","11":"tag-celebridades","12":"tag-celebrities","13":"tag-cristina-ferreira","14":"tag-edmundo-vieira","15":"tag-entertainment","16":"tag-entretenimento","17":"tag-festa-e-festa","18":"tag-ficcao","19":"tag-jose-fidalgo","20":"tag-novelas","21":"tag-para-sempre","22":"tag-pedro-sousa","23":"tag-pedro-teixeira","24":"tag-portugal","25":"tag-pt","26":"tag-queridos-papas","27":"tag-revelacao","28":"tag-sexo","29":"tag-tiago-teotonio-pereira","30":"tag-tvi"},"share_on_mastodon":{"url":"","error":""},"_links":{"self":[{"href":"https:\/\/www.europesays.com\/pt\/wp-json\/wp\/v2\/posts\/111584","targetHints":{"allow":["GET"]}}],"collection":[{"href":"https:\/\/www.europesays.com\/pt\/wp-json\/wp\/v2\/posts"}],"about":[{"href":"https:\/\/www.europesays.com\/pt\/wp-json\/wp\/v2\/types\/post"}],"author":[{"embeddable":true,"href":"https:\/\/www.europesays.com\/pt\/wp-json\/wp\/v2\/users\/2"}],"replies":[{"embeddable":true,"href":"https:\/\/www.europesays.com\/pt\/wp-json\/wp\/v2\/comments?post=111584"}],"version-history":[{"count":0,"href":"https:\/\/www.europesays.com\/pt\/wp-json\/wp\/v2\/posts\/111584\/revisions"}],"wp:featuredmedia":[{"embeddable":true,"href":"https:\/\/www.europesays.com\/pt\/wp-json\/wp\/v2\/media\/111585"}],"wp:attachment":[{"href":"https:\/\/www.europesays.com\/pt\/wp-json\/wp\/v2\/media?parent=111584"}],"wp:term":[{"taxonomy":"category","embeddable":true,"href":"https:\/\/www.europesays.com\/pt\/wp-json\/wp\/v2\/categories?post=111584"},{"taxonomy":"post_tag","embeddable":true,"href":"https:\/\/www.europesays.com\/pt\/wp-json\/wp\/v2\/tags?post=111584"}],"curies":[{"name":"wp","href":"https:\/\/api.w.org\/{rel}","templated":true}]}}