{"id":111586,"date":"2025-10-15T10:02:25","date_gmt":"2025-10-15T10:02:25","guid":{"rendered":"https:\/\/www.europesays.com\/pt\/111586\/"},"modified":"2025-10-15T10:02:25","modified_gmt":"2025-10-15T10:02:25","slug":"pintor-edouard-manet-foi-a-julgamento-por-pintar-uma-cena-escandalosa-morreu-ha-mais-de-um-seculo","status":"publish","type":"post","link":"https:\/\/www.europesays.com\/pt\/111586\/","title":{"rendered":"Pintor \u00c9douard Manet foi a julgamento por pintar uma cena escandalosa. Morreu h\u00e1 mais de um s\u00e9culo"},"content":{"rendered":"<p class=\"wp-caption-text top\">\u00c9douard Manet \/Wikimedia Commons<\/p>\n<p><img decoding=\"async\" loading=\"lazy\" class=\"size-full wp-image-705214\" src=\"https:\/\/www.europesays.com\/pt\/wp-content\/uploads\/2025\/10\/050b26261f3566f7fcc571937a3f4468-1500x1000.jpg\" alt=\"\" width=\"1500\" height=\"1000\"  \/><\/p>\n<p class=\"wp-caption-text bot\">\u201cAlmo\u00e7o Sobre a Relva\u201d, o pol\u00e9mico quadro de Manet<\/p>\n<p><strong>Pol\u00e9mica pintura com uma mulher nua escandalizou nos anos 60 do s\u00e9culo XIX. Agora, um juiz real decide que n\u00e3o foi assim t\u00e3o grave.<\/strong><\/p>\n<p>A pintura \u201cO Almo\u00e7o na Relva\u201d causou alvoro\u00e7o quando foi apresentada por \u00c9douard Manet em 1863. Chegou mesmo a ser rejeitada pela Academia de Belas-Artes por mostrar a imagem escandalosa para a \u00e9poca de uma mulher nua.<\/p>\n<p>A obra acabou por ser exibida no Salon des Refus\u00e9s, um evento rival criado por Napole\u00e3o III que apresentava muitas das obras rejeitadas pelo sal\u00e3o oficial, recorda a <a href=\"https:\/\/www.smithsonianmag.com\/smart-news\/paris-museum-puts-edouard-manet-on-mock-trial-for-painting-scandalous-scene-nude-woman-180987478\/\" data-wpel-link=\"external\" target=\"_blank\" rel=\"nofollow external noopener noreferrer\" class=\"ext-link\">Smithsonian Magazine<\/a>.<\/p>\n<p>Mas a sua irrever\u00eancia foi o que fez desta obra uma das mais ic\u00f3nicas de Manet: Com o passar dos anos, os defensores da pintura suplantaram os seus detratores.<\/p>\n<p>S\u00f3 que, no in\u00edcio deste m\u00eas, o debate em torno desta obra assumiu mesmo a<strong> forma de um julgamento teatral simulado<\/strong> no audit\u00f3rio do Museu d\u2019Orsay.<\/p>\n<p>Manet, que morreu em 1883, acabou por ser levado a tribunal (um fict\u00edcio, claro), para a discuss\u00e3o da validade da sua obra. O julgamento foi uma ideia de Sylvain Amic, antigo presidente do Museu d\u2019Orsay e do Museu de l\u2019Orangerie.<\/p>\n<p>Mas foi mais real do que parece: Estudantes de um clube de debate apresentaram os seus argumentos, em personagem, perante um<strong> juiz real, com o apoio de tr\u00eas advogados<\/strong>, um deles a atuar como procurador.<\/p>\n<p>\u201cA ideia de um julgamento simulado \u00e9 ao mesmo tempo interessante e enriquecedora, pois permite que a arte e o direito \u2014 dois mundos que \u00e0 primeira vista parecem opostos \u2014 entrem em di\u00e1logo\u201d, declarou \u00e0 <a href=\"https:\/\/www.artnews.com\/art-news\/news\/musee-dorsay-manet-mock-trial-dejeuner-sur-lherbe-1234755595\/\" data-wpel-link=\"external\" target=\"_blank\" rel=\"nofollow external noopener noreferrer\" class=\"ext-link\">ARTNews<\/a> Julie de Lassus Saint G\u00e9nies, advogada especializada em propriedade intelectual e participante no evento.<\/p>\n<p>\u201c<strong>Cabe-nos a n\u00f3s dar-lhe sentido segundo as nossas pr\u00f3prias prioridades e interpreta\u00e7\u00f5es\u201d<\/strong>, afirmou o historiador de arte Steven Z. Levine, que garante que a pintura \u201cpermanece preciosa porque nos d\u00e1 a oportunidade de refletir sobre n\u00f3s pr\u00f3prios. Aprendemos sobre n\u00f3s mesmos ao escrever sobre a obra de arte\u201d.<\/p>\n<p>    <a href=\"https:\/\/zap.aeiou.pt\/subscrever-newsletter\" data-wpel-link=\"internal\" rel=\"nofollow noopener\" target=\"_blank\">&#13;<br \/>\n        <img loading=\"lazy\" decoding=\"async\" class=\"aligncenter size-full wp-image-575475\" src=\"https:\/\/www.europesays.com\/pt\/wp-content\/uploads\/2025\/10\/1759862234_971_2d51fe4a0ba54894421ead1809309ed9-1-450x140.jpg\" alt=\"Subscreva a Newsletter ZAP\" width=\"450\" height=\"140\"\/>&#13;<br \/>\n    <\/a><\/p>\n<p>                <a href=\"https:\/\/whatsapp.com\/channel\/0029VaIC4EE2f3EJZPPSbR34\" data-wpel-link=\"external\" target=\"_blank\" rel=\"nofollow external noopener noreferrer\" class=\"ext-link\">&#13;<br \/>\n                    <img loading=\"lazy\" decoding=\"async\" class=\"aligncenter size-full wp-image-575475\" src=\"https:\/\/www.europesays.com\/pt\/wp-content\/uploads\/2025\/10\/1759862234_512_c68c559d956d4ca20f435ed74a6e71e6.png\" alt=\"Siga-nos no WhatsApp\" width=\"175\" height=\"64\"\/>&#13;<br \/>\n                <\/a><\/p>\n<p>                <a href=\"https:\/\/news.google.com\/publications\/CAAiEHRwZondIV71PDjWNoqMduEqFAgKIhB0cGaJ3SFe9Tw41jaKjHbh?hl=en-US&amp;gl=US&amp;ceid=US%3Aen\" data-wpel-link=\"external\" target=\"_blank\" rel=\"nofollow external noopener noreferrer\" class=\"ext-link\">&#13;<br \/>\n                    <img loading=\"lazy\" decoding=\"async\" class=\"aligncenter size-full wp-image-575475\" src=\"https:\/\/www.europesays.com\/pt\/wp-content\/uploads\/2025\/10\/1759862235_242_5123dd8b087b644fdb8f8603acd1bad4.png\" alt=\"Siga-nos no Google News\" width=\"176\" height=\"64\"\/>&#13;<br \/>\n                <\/a><\/p>\n","protected":false},"excerpt":{"rendered":"\u00c9douard Manet \/Wikimedia Commons \u201cAlmo\u00e7o Sobre a Relva\u201d, o pol\u00e9mico quadro de Manet Pol\u00e9mica pintura com uma mulher&hellip;\n","protected":false},"author":2,"featured_media":111587,"comment_status":"","ping_status":"","sticky":false,"template":"","format":"standard","meta":{"footnotes":""},"categories":[144],"tags":[207,205,206,203,201,202,315,204,114,115,736,603,6899,2771,32,33],"class_list":{"0":"post-111586","1":"post","2":"type-post","3":"status-publish","4":"format-standard","5":"has-post-thumbnail","7":"category-arte-e-design","8":"tag-arte","9":"tag-arte-e-design","10":"tag-artedesign","11":"tag-arts","12":"tag-arts-and-design","13":"tag-artsanddesign","14":"tag-cultura","15":"tag-design","16":"tag-entertainment","17":"tag-entretenimento","18":"tag-historia","19":"tag-justica","20":"tag-pintura","21":"tag-polemica","22":"tag-portugal","23":"tag-pt"},"share_on_mastodon":{"url":"","error":""},"_links":{"self":[{"href":"https:\/\/www.europesays.com\/pt\/wp-json\/wp\/v2\/posts\/111586","targetHints":{"allow":["GET"]}}],"collection":[{"href":"https:\/\/www.europesays.com\/pt\/wp-json\/wp\/v2\/posts"}],"about":[{"href":"https:\/\/www.europesays.com\/pt\/wp-json\/wp\/v2\/types\/post"}],"author":[{"embeddable":true,"href":"https:\/\/www.europesays.com\/pt\/wp-json\/wp\/v2\/users\/2"}],"replies":[{"embeddable":true,"href":"https:\/\/www.europesays.com\/pt\/wp-json\/wp\/v2\/comments?post=111586"}],"version-history":[{"count":0,"href":"https:\/\/www.europesays.com\/pt\/wp-json\/wp\/v2\/posts\/111586\/revisions"}],"wp:featuredmedia":[{"embeddable":true,"href":"https:\/\/www.europesays.com\/pt\/wp-json\/wp\/v2\/media\/111587"}],"wp:attachment":[{"href":"https:\/\/www.europesays.com\/pt\/wp-json\/wp\/v2\/media?parent=111586"}],"wp:term":[{"taxonomy":"category","embeddable":true,"href":"https:\/\/www.europesays.com\/pt\/wp-json\/wp\/v2\/categories?post=111586"},{"taxonomy":"post_tag","embeddable":true,"href":"https:\/\/www.europesays.com\/pt\/wp-json\/wp\/v2\/tags?post=111586"}],"curies":[{"name":"wp","href":"https:\/\/api.w.org\/{rel}","templated":true}]}}