{"id":111592,"date":"2025-10-15T10:06:17","date_gmt":"2025-10-15T10:06:17","guid":{"rendered":"https:\/\/www.europesays.com\/pt\/111592\/"},"modified":"2025-10-15T10:06:17","modified_gmt":"2025-10-15T10:06:17","slug":"alicia-silverstone-lida-com-o-ex-marido-no-trailer-da-comedia-romantica-natalina-a-merry-little-ex-mas","status":"publish","type":"post","link":"https:\/\/www.europesays.com\/pt\/111592\/","title":{"rendered":"Alicia Silverstone lida com o ex-marido no trailer da com\u00e9dia rom\u00e2ntica natalina &#8216;A Merry Little Ex-Mas&#8217;"},"content":{"rendered":"<p>A\u00a0<strong><a href=\"https:\/\/cinepop.com.br\/tag\/netflix\/\" title=\"Netflix\" rel=\"nofollow noopener\" target=\"_blank\">Netflix<\/a>\u00a0<\/strong>est\u00e1 pronta para abrir sua temporada natalina de 2025 e acaba de divulgar o trailer oficial da com\u00e9dia rom\u00e2ntica\u00a0<strong>\u2018<a href=\"https:\/\/cinepop.com.br\/tag\/a-merry-little-ex-mas\/\" title=\"A Merry Little Ex-Mas\" rel=\"nofollow noopener\" target=\"_blank\">A Merry Little Ex-Mas<\/a>\u2019<\/strong>.<\/p>\n<p>Estrelado por\u00a0<strong><a href=\"https:\/\/cinepop.com.br\/tag\/alicia-silverstone\/\" title=\"Alicia Silverstone\" rel=\"nofollow noopener\" target=\"_blank\">Alicia Silverstone<\/a><\/strong>, o longa chega \u00e0 plataforma de\u00a0streaming no dia\u00a0<strong>12 de novembro<\/strong>.<\/p>\n<p>Confira:<\/p>\n<p><strong><a href=\"https:\/\/cinepop.com.br\/tag\/steve-carr\/\" title=\"Steve Carr\" rel=\"nofollow noopener\" target=\"_blank\">Steve Carr<\/a>\u00a0<\/strong>assume a cadeira de dire\u00e7\u00e3o, enquanto\u00a0<strong><a href=\"https:\/\/cinepop.com.br\/tag\/holly-hester\/\" title=\"Holly Hester\" rel=\"nofollow noopener\" target=\"_blank\">Holly Hester<\/a><\/strong> assina o roteiro.<\/p>\n<p>Kate (<strong>Silverstone<\/strong>), rec\u00e9m-divorciada, est\u00e1 determinada a realizar umas \u00faltimas f\u00e9rias perfeitas em fam\u00edlia antes de vender sua amada casa. Mas quando seu ex-marido Everett (<strong><a href=\"https:\/\/cinepop.com.br\/tag\/oliver-hudson\/\" title=\"Oliver Hudson\" rel=\"nofollow noopener\" target=\"_blank\">Oliver Hudson<\/a><\/strong>) aparece com sua nova namorada, mais jovem e perfeita, o sonho de f\u00e9rias de Kate se transforma em caos.<\/p>\n<p><strong><a href=\"https:\/\/cinepop.com.br\/tag\/jameela-jamil\/\" title=\"Jameela Jamil\" rel=\"nofollow noopener\" target=\"_blank\">Jameela Jamil<\/a><\/strong>,\u00a0<strong>Pierson Fod\u00e9<\/strong>,\u00a0<strong><a href=\"https:\/\/cinepop.com.br\/tag\/melissa-joan-hart\/\" title=\"Melissa Joan Hart\" rel=\"nofollow noopener\" target=\"_blank\">Melissa Joan Hart<\/a><\/strong> e outros completam o elenco.<\/p>\n","protected":false},"excerpt":{"rendered":"A\u00a0Netflix\u00a0est\u00e1 pronta para abrir sua temporada natalina de 2025 e acaba de divulgar o trailer oficial da com\u00e9dia&hellip;\n","protected":false},"author":2,"featured_media":111593,"comment_status":"","ping_status":"","sticky":false,"template":"","format":"standard","meta":{"footnotes":""},"categories":[140],"tags":[26387,26388,114,115,147,148,26389,26390,26391,146,716,26392,26393,32,33,26394],"class_list":{"0":"post-111592","1":"post","2":"type-post","3":"status-publish","4":"format-standard","5":"has-post-thumbnail","7":"category-filmes","8":"tag-a-merry-little-ex-mas","9":"tag-alicia-silverstone","10":"tag-entertainment","11":"tag-entretenimento","12":"tag-film","13":"tag-filmes","14":"tag-holly-hester","15":"tag-jameela-jamil","16":"tag-melissa-joan-hart","17":"tag-movies","18":"tag-netflix","19":"tag-oliver-hudson","20":"tag-pierson-fode","21":"tag-portugal","22":"tag-pt","23":"tag-steve-carr"},"share_on_mastodon":{"url":"","error":""},"_links":{"self":[{"href":"https:\/\/www.europesays.com\/pt\/wp-json\/wp\/v2\/posts\/111592","targetHints":{"allow":["GET"]}}],"collection":[{"href":"https:\/\/www.europesays.com\/pt\/wp-json\/wp\/v2\/posts"}],"about":[{"href":"https:\/\/www.europesays.com\/pt\/wp-json\/wp\/v2\/types\/post"}],"author":[{"embeddable":true,"href":"https:\/\/www.europesays.com\/pt\/wp-json\/wp\/v2\/users\/2"}],"replies":[{"embeddable":true,"href":"https:\/\/www.europesays.com\/pt\/wp-json\/wp\/v2\/comments?post=111592"}],"version-history":[{"count":0,"href":"https:\/\/www.europesays.com\/pt\/wp-json\/wp\/v2\/posts\/111592\/revisions"}],"wp:featuredmedia":[{"embeddable":true,"href":"https:\/\/www.europesays.com\/pt\/wp-json\/wp\/v2\/media\/111593"}],"wp:attachment":[{"href":"https:\/\/www.europesays.com\/pt\/wp-json\/wp\/v2\/media?parent=111592"}],"wp:term":[{"taxonomy":"category","embeddable":true,"href":"https:\/\/www.europesays.com\/pt\/wp-json\/wp\/v2\/categories?post=111592"},{"taxonomy":"post_tag","embeddable":true,"href":"https:\/\/www.europesays.com\/pt\/wp-json\/wp\/v2\/tags?post=111592"}],"curies":[{"name":"wp","href":"https:\/\/api.w.org\/{rel}","templated":true}]}}