{"id":111598,"date":"2025-10-15T10:12:19","date_gmt":"2025-10-15T10:12:19","guid":{"rendered":"https:\/\/www.europesays.com\/pt\/111598\/"},"modified":"2025-10-15T10:12:19","modified_gmt":"2025-10-15T10:12:19","slug":"israel-reabre-passagem-de-rafah-mas-volta-a-atacar-gaza-apesar-de-cessar-fogo-medio-oriente","status":"publish","type":"post","link":"https:\/\/www.europesays.com\/pt\/111598\/","title":{"rendered":"Israel reabre passagem de Rafah, mas volta a atacar Gaza apesar de cessar-fogo | M\u00e9dio Oriente"},"content":{"rendered":"<p>Israel, que voltou a atacar a Faixa de Gaza com tanques e drones, apesar do acordo de cessar-fogo, vai reabrir a passagem de Rafah. A abertura permitir\u00e1 a entrada e sa\u00edda de pessoas do enclave palestiniano, anunciou a emissora p\u00fablica israelita.<\/p>\n<p>J\u00e1 foi quebrado o cessar-fogo, em vigor desde sexta-feira, entre Israel e o <a href=\"https:\/\/www.publico.pt\/2025\/10\/13\/mundo\/noticia\/hamas-leva-cabo-onda-execucoes-gaza-alegando-motivos-crime-seguranca-2150695\" target=\"_blank\" rel=\"nofollow noopener\">Hamas<\/a>. Segundo testemunhou a ag\u00eancia noticiosa espanhola EFE, v\u00e1rios tanques e drones israelitas atacaram, nesta quarta-feira, v\u00e1rios locais a norte da Faixa de Gaza e na cidade de Rafah, onde se encontra a passagem para o enclave que ser\u00e1 reaberta.<\/p>\n<p>N\u00e3o h\u00e1, de momento, registo de feridos ou v\u00edtimas mortais na sequ\u00eancia dos ataques. A mesma ag\u00eancia avan\u00e7a, contudo, que foram atingidas tendas de refugiados em Mawasi.<\/p>\n<p>No mesmo dia, foi anunciada a reabertura da passagem de Rafah, entre o Egipto e a Faixa de Gaza, informou a emissora p\u00fablica israelita KAN, sem citar fontes.<\/p>\n<p>A emissora especifica que a reabertura de Rafah ocorre ap\u00f3s a entrega pelo Hamas de mais <a href=\"https:\/\/www.publico.pt\/2025\/10\/14\/mundo\/noticia\/hamas-entrega-quatro-corpos-refens-mortos-gaza-2150864\" target=\"_blank\" rel=\"nofollow noopener\">quatro corpos de ref\u00e9ns<\/a> na noite de ter\u00e7a-feira, no \u00e2mbito do acordo de cessar-fogo com Israel, patrocinado pelo Presidente dos Estados Unidos, Donald Trump. As autoridades israelitas adiantaram, contudo, que a abertura n\u00e3o acontecer\u00e1 j\u00e1 esta quarta-feira, mas que, de facto, decorrerem prepara\u00e7\u00f5es para abrir a passagem para entrada e sa\u00edda de pessoas do enclave, acrescenta a Sky News.<\/p>\n<p>A emissora israelita tinha avan\u00e7ado que a abertura da passagem iria incluir a permiss\u00e3o de entrada de ajuda humanit\u00e1ria, nomeadamente &#8220;os 600 cami\u00f5es encaminhados pela ONU, organiza\u00e7\u00f5es internacionais autorizadas, sector privado e pa\u00edses doadores&#8221;. De momento, n\u00e3o foi clarificado se a abertura incluir\u00e1 a ajuda humanit\u00e1ria, mas os cami\u00f5es j\u00e1 se re\u00fanem junto da passagem.<\/p>\n<p>Na ter\u00e7a-feira \u00e0 noite, as autoridades de Israel adiantaram que a Cruz Vermelha j\u00e1 tinha na sua posse quatro caix\u00f5es de ref\u00e9ns israelitas mortos em Gaza, ap\u00f3s o Hamas ter indicado que iria entregar entre quatro e seis corpos.<\/p>\n<p>As fam\u00edlias dos ref\u00e9ns Uriel Baruch e Tamir Nimrodi anunciaram o regresso a Israel dos restos mortais destes dois ref\u00e9ns, raptados pelo movimento islamita palestiniano Hamas a 7 de Outubro de 2023.<\/p>\n<p>Na ter\u00e7a-feira, uma fonte das for\u00e7as de seguran\u00e7a do Egipto disse esperar a reabertura da passagem de Rafah, no Sul da <a href=\"https:\/\/www.publico.pt\/2025\/10\/06\/infografia\/dois-anos-guerra-destruicao-faixa-gaza-simbolo-873\" target=\"_blank\" rel=\"nofollow noopener\">Faixa de Gaza<\/a>, \u201cnas pr\u00f3ximas horas\u201d, ap\u00f3s ter acordado com a Autoridade Nacional Palestiniana o envio de uma centena soldados, adiantou a ag\u00eancia de not\u00edcias Efe.<\/p>\n<p>Ao abrigo do mesmo acordo, na segunda-feira, foram entregues pelo Hamas a Israel 20 ref\u00e9ns vivos. Em troca, Israel libertou 1968 prisioneiros palestinianos.<\/p>\n<p>Depois dos ataques do Hamas, a <a href=\"https:\/\/www.publico.pt\/7-outubro\" target=\"_blank\" rel=\"nofollow noopener\">7 de Outubro de 2023<\/a>, no quais morreram cerca de 1200 pessoas e 251 foram feitas ref\u00e9ns, Israel lan\u00e7ou uma opera\u00e7\u00e3o militar em grande escala na Faixa de Gaza que provocou mais de 67 mil mortos e for\u00e7ou a desloca\u00e7\u00e3o de centenas de milhares de pessoas.<\/p>\n","protected":false},"excerpt":{"rendered":"Israel, que voltou a atacar a Faixa de Gaza com tanques e drones, apesar do acordo de cessar-fogo,&hellip;\n","protected":false},"author":2,"featured_media":111599,"comment_status":"","ping_status":"","sticky":false,"template":"","format":"standard","meta":{"footnotes":""},"categories":[50],"tags":[946,27,28,7090,92,20895,257,15,16,255,14,259,25,26,21,22,432,62,12,13,19,20,910,23,24,26395,17,18,29,30,31,63,64,65],"class_list":{"0":"post-111598","1":"post","2":"type-post","3":"status-publish","4":"format-standard","5":"has-post-thumbnail","7":"category-mundo","8":"tag-ajuda-humanitaria","9":"tag-breaking-news","10":"tag-breakingnews","11":"tag-cruz-vermelha","12":"tag-donald-trump","13":"tag-egipto","14":"tag-faixa-de-gaza","15":"tag-featured-news","16":"tag-featurednews","17":"tag-hamas","18":"tag-headlines","19":"tag-israel","20":"tag-latest-news","21":"tag-latestnews","22":"tag-main-news","23":"tag-mainnews","24":"tag-medio-oriente","25":"tag-mundo","26":"tag-news","27":"tag-noticias","28":"tag-noticias-principais","29":"tag-noticiasprincipais","30":"tag-onu","31":"tag-principais-noticias","32":"tag-principaisnoticias","33":"tag-rafah","34":"tag-top-stories","35":"tag-topstories","36":"tag-ultimas","37":"tag-ultimas-noticias","38":"tag-ultimasnoticias","39":"tag-world","40":"tag-world-news","41":"tag-worldnews"},"share_on_mastodon":{"url":"","error":""},"_links":{"self":[{"href":"https:\/\/www.europesays.com\/pt\/wp-json\/wp\/v2\/posts\/111598","targetHints":{"allow":["GET"]}}],"collection":[{"href":"https:\/\/www.europesays.com\/pt\/wp-json\/wp\/v2\/posts"}],"about":[{"href":"https:\/\/www.europesays.com\/pt\/wp-json\/wp\/v2\/types\/post"}],"author":[{"embeddable":true,"href":"https:\/\/www.europesays.com\/pt\/wp-json\/wp\/v2\/users\/2"}],"replies":[{"embeddable":true,"href":"https:\/\/www.europesays.com\/pt\/wp-json\/wp\/v2\/comments?post=111598"}],"version-history":[{"count":0,"href":"https:\/\/www.europesays.com\/pt\/wp-json\/wp\/v2\/posts\/111598\/revisions"}],"wp:featuredmedia":[{"embeddable":true,"href":"https:\/\/www.europesays.com\/pt\/wp-json\/wp\/v2\/media\/111599"}],"wp:attachment":[{"href":"https:\/\/www.europesays.com\/pt\/wp-json\/wp\/v2\/media?parent=111598"}],"wp:term":[{"taxonomy":"category","embeddable":true,"href":"https:\/\/www.europesays.com\/pt\/wp-json\/wp\/v2\/categories?post=111598"},{"taxonomy":"post_tag","embeddable":true,"href":"https:\/\/www.europesays.com\/pt\/wp-json\/wp\/v2\/tags?post=111598"}],"curies":[{"name":"wp","href":"https:\/\/api.w.org\/{rel}","templated":true}]}}