{"id":111608,"date":"2025-10-15T10:23:08","date_gmt":"2025-10-15T10:23:08","guid":{"rendered":"https:\/\/www.europesays.com\/pt\/111608\/"},"modified":"2025-10-15T10:23:08","modified_gmt":"2025-10-15T10:23:08","slug":"oms-alerta-para-aumento-alarmante-da-resistencia-aos-antibioticos-uma-em-cada-seis-infecoes-ja-nao-responde-ao-tratamento","status":"publish","type":"post","link":"https:\/\/www.europesays.com\/pt\/111608\/","title":{"rendered":"OMS alerta para aumento alarmante da resist\u00eancia aos antibi\u00f3ticos: uma em cada seis infe\u00e7\u00f5es j\u00e1 n\u00e3o responde ao tratamento"},"content":{"rendered":"<p>A Organiza\u00e7\u00e3o Mundial da Sa\u00fade (OMS) alertou que uma em cada seis infe\u00e7\u00f5es bacterianas no mundo \u00e9 agora resistente aos antibi\u00f3ticos tradicionais, revelando um agravamento preocupante do fen\u00f3meno da resist\u00eancia antimicrobiana. O relat\u00f3rio, baseado em mais de 23 milh\u00f5es de casos em 104 pa\u00edses, indica que a resist\u00eancia aumentou em cerca de 40% das combina\u00e7\u00f5es entre bact\u00e9rias e medicamentos desde 2018.<\/p>\n<p>Segundo a OMS, o problema \u00e9 mais grave em pa\u00edses de baixo e m\u00e9dio rendimento, onde os sistemas de vigil\u00e2ncia e diagn\u00f3stico s\u00e3o limitados e o acesso a tratamentos alternativos \u00e9 reduzido. Em algumas regi\u00f5es do Sudeste Asi\u00e1tico e do Mediterr\u00e2neo Oriental, at\u00e9 um ter\u00e7o das infe\u00e7\u00f5es j\u00e1 n\u00e3o responde aos antibi\u00f3ticos convencionais.<\/p>\n<p>Entre os casos mais preocupantes est\u00e3o as infe\u00e7\u00f5es hospitalares provocadas por bact\u00e9rias como Klebsiella pneumoniae e E. coli, que em partes de \u00c1frica apresentam resist\u00eancia superior a 70%, limitando as op\u00e7\u00f5es de tratamento. <br \/>Por outro lado, foram ainda registados sinais de resist\u00eancia ao \u00faltimo antibi\u00f3tico eficaz contra a gonorreia, a ceftriaxona, em algumas zonas do Mediterr\u00e2neo Oriental.<\/p>\n<p>A OMS apela aos pa\u00edses para que reduzam o uso excessivo de antibi\u00f3ticos potentes e garantam que, at\u00e9 2030, 70% da sua utiliza\u00e7\u00e3o global provenha de medicamentos de primeira linha. <br \/>A organiza\u00e7\u00e3o defende ainda o refor\u00e7o dos sistemas de preven\u00e7\u00e3o, diagn\u00f3stico e inova\u00e7\u00e3o no desenvolvimento de novos antibi\u00f3ticos.<\/p>\n","protected":false},"excerpt":{"rendered":"A Organiza\u00e7\u00e3o Mundial da Sa\u00fade (OMS) alertou que uma em cada seis infe\u00e7\u00f5es bacterianas no mundo \u00e9 agora&hellip;\n","protected":false},"author":2,"featured_media":111609,"comment_status":"","ping_status":"","sticky":false,"template":"","format":"standard","meta":{"footnotes":""},"categories":[86],"tags":[489,116,32,33,117],"class_list":{"0":"post-111608","1":"post","2":"type-post","3":"status-publish","4":"format-standard","5":"has-post-thumbnail","7":"category-saude","8":"tag-destaque-principal","9":"tag-health","10":"tag-portugal","11":"tag-pt","12":"tag-saude"},"share_on_mastodon":{"url":"","error":""},"_links":{"self":[{"href":"https:\/\/www.europesays.com\/pt\/wp-json\/wp\/v2\/posts\/111608","targetHints":{"allow":["GET"]}}],"collection":[{"href":"https:\/\/www.europesays.com\/pt\/wp-json\/wp\/v2\/posts"}],"about":[{"href":"https:\/\/www.europesays.com\/pt\/wp-json\/wp\/v2\/types\/post"}],"author":[{"embeddable":true,"href":"https:\/\/www.europesays.com\/pt\/wp-json\/wp\/v2\/users\/2"}],"replies":[{"embeddable":true,"href":"https:\/\/www.europesays.com\/pt\/wp-json\/wp\/v2\/comments?post=111608"}],"version-history":[{"count":0,"href":"https:\/\/www.europesays.com\/pt\/wp-json\/wp\/v2\/posts\/111608\/revisions"}],"wp:featuredmedia":[{"embeddable":true,"href":"https:\/\/www.europesays.com\/pt\/wp-json\/wp\/v2\/media\/111609"}],"wp:attachment":[{"href":"https:\/\/www.europesays.com\/pt\/wp-json\/wp\/v2\/media?parent=111608"}],"wp:term":[{"taxonomy":"category","embeddable":true,"href":"https:\/\/www.europesays.com\/pt\/wp-json\/wp\/v2\/categories?post=111608"},{"taxonomy":"post_tag","embeddable":true,"href":"https:\/\/www.europesays.com\/pt\/wp-json\/wp\/v2\/tags?post=111608"}],"curies":[{"name":"wp","href":"https:\/\/api.w.org\/{rel}","templated":true}]}}