{"id":111614,"date":"2025-10-15T10:26:13","date_gmt":"2025-10-15T10:26:13","guid":{"rendered":"https:\/\/www.europesays.com\/pt\/111614\/"},"modified":"2025-10-15T10:26:13","modified_gmt":"2025-10-15T10:26:13","slug":"ps-nao-tem-bom-resultado-observador","status":"publish","type":"post","link":"https:\/\/www.europesays.com\/pt\/111614\/","title":{"rendered":"&#8220;PS n\u00e3o tem bom resultado&#8221; \u2013 Observador"},"content":{"rendered":"<p>Enquanto decorria a reuni\u00e3o da Comiss\u00e3o Pol\u00edtica do PS que analisou os resultados das aut\u00e1rquicas, o socialista Duarte Cordeiro fazia a sua pr\u00f3pria an\u00e1lise num canal televisivo. O ex-dirigente do partido (saiu da dire\u00e7\u00e3o do partido em junho) desalinhou, de forma clara, da leitura dos resultados feita pelo l\u00edder socialista na noite de domingo: \u201cO PS <strong>n\u00e3o teve um bom resultado<\/strong>.\u201d<\/p>\n<p>Duarte Cordeiro v\u00ea sobretudo nos resultados das aut\u00e1rquicas a express\u00e3o do \u201cpoder absoluto\u201d do PSD ap\u00f3s aut\u00e1rquicas e n\u00e3o v\u00ea \u201cnenhum \u00e2ngulo\u201d para o PS reclamar um bom resultado. \u201cO PS n\u00e3o teve um bom resultado. O resultado final \u00e9 um poder muito significativo do PSD e isso n\u00e3o pode significar <strong>em circunst\u00e2ncia alguma<\/strong> um cen\u00e1rio em que o PS diga que tem um bom resultado porque n\u00e3o tem\u201d, afirmou no seu espa\u00e7o de coment\u00e1rio no  canal televisivo Now.<\/p>\n<p>O socialista disse mesmo que n\u00e3o v\u00ea \u201cem que medida se possa considerar que o resultado foi bom\u201d, contrariando a leitura que foi feita na noite eleitoral pela pr\u00f3pria dire\u00e7\u00e3o do partido. Cordeiro diz que Jos\u00e9 Lu\u00eds Carneiro o fez por ter feito a \u201cdeclara\u00e7\u00e3o antes do fim da noite eleitoral\u201d. Certo \u00e9 que, j\u00e1 nesta ter\u00e7a-feira a noite, o l\u00edder socialista voltou a reafirmar a sua leitura dos resultados, mantendo que o PS teve um resultado positivo, face ao que acontecera nas \u00faltimas legislativas em que acabou ultrapassado pelo Chega em n\u00famero de deputados na Assembleia da Rep\u00fablica.<\/p>\n<p>O PS tem estabelecido um comparativo da vota\u00e7\u00e3o nestas aut\u00e1rquicas com o resultado nessas legislativas para chegar \u00e0 conclus\u00e3o de um resultado favor\u00e1vel para o PS, mas Duarte Cordeiro tamb\u00e9m <strong>critica esse paralelismo<\/strong>. \u201cO PS pode ter recuperado em percentagem de votos face \u00e0s legislativas, porque houve mais votos do que nas legislativas\u201d, disse destacando que h\u00e1 uma diferen\u00e7a de relevo nas aut\u00e1rquicas onde o partido concorreu, em v\u00e1rias localidades, em coliga\u00e7\u00e3o com outras for\u00e7as pol\u00edticas.<\/p>\n<p>Em contraponto com o PS, Cordeiro diz que o PSD sai das aut\u00e1rquicas com <strong>\u201cpoder absoluto\u201d<\/strong>: \u201cN\u00e3o me recordo de um partido com tanto poder como o PSD agora tem. Tem um dom\u00ednio absoluto dos governos do pa\u00eds\u201d, disse enumerando os v\u00e1rios n\u00edveis: governo central, regi\u00f5es aut\u00f3nomas, maioria das c\u00e2maras, a maioria das \u00e1reas metropolitanas e a maioria das capitais de distrito \u2014 onde Carneiro tentou apoiar a sua leitura de um bom resultado, j\u00e1 que o PS recuperou mais capitais de distrito face a 2021.<\/p>\n<p>J\u00e1 quanto a C\u00e2mara de Lisboa, o socialista que j\u00e1 liderou a federa\u00e7\u00e3o do PS desta \u00e1rea, diz que \u201co PS n\u00e3o teve a capacidade de concentra\u00e7\u00e3o de votos \u00e0 esquerda para ganhar a Carlos Moedas\u201d. Uma avalia\u00e7\u00e3o negativa que, neste caso, acerta em <strong>Alexandra Leit\u00e3o<\/strong>, j\u00e1 que liderou uma coliga\u00e7\u00e3o de esquerda (tinha BE e Livre associados ao PS e PAN) e n\u00e3o teve sucesso precisamente \u00e0 esquerda.<\/p>\n<p>O socialista que no partido \u00e9 apontado como um nome para o futuro em Lisboa e no partido criticou uma campanha \u201cpela negativa\u201d que produziu \u201cpouca mobiliza\u00e7\u00e3o\u201d e viu como \u201c\u00fanica not\u00edcia positiva que o PS teve mais juntas que a coliga\u00e7\u00e3o de Moedas\u201d. Mas conclui que \u201cn\u00e3o houve um resultado que se possa dizer que correspondeu \u00e0s expectativas estabelecidas e isso <strong>merece reflex\u00e3o<\/strong>\u201d.<\/p>\n<p>Durante esta semana, outro socialista relevante, veio contrariar a interpreta\u00e7\u00e3o dos resultados feita por Carneiro na noite de domingo, mas noutra mat\u00e9ria. Nas redes sociais, o ex-l\u00edder Pedro Nuno Santos <a href=\"https:\/\/observador.pt\/2025\/10\/13\/pedro-nuno-santos-avisa-que-nao-houve-nenhuma-retracao-do-chega-nestas-autarquicas-e-aponta-erro-de-ventura\/\" rel=\"nofollow noopener\" target=\"_blank\">avisou que n\u00e3o existiu \u201cnenhuma retra\u00e7\u00e3o do Chega\u201d.<\/a> \u201cPode acalmar-nos o esp\u00edrito acreditarmos que o Chega teve um rev\u00e9s eleitoral e que foi o grande derrotado da noite, mas n\u00e3o \u00e9 verdade\u201d, afirmou Pedro Nuno Santos que tamb\u00e9m criticou que se fa\u00e7a um comparativo entre os resultados aut\u00e1rquicos e os das legislativas: \u201c\u00c9 comparar alhos com bugalhos.\u201d<\/p>\n<p>Recorde-se que o processo aut\u00e1rquico no PS foi ainda preparado por Pedro Nuno Santos que s\u00f3 deixou a lideran\u00e7a do partido em maio, depois de uma derrota significativa do PS nas elei\u00e7\u00f5es legislativas antecipadas.<\/p>\n","protected":false},"excerpt":{"rendered":"Enquanto decorria a reuni\u00e3o da Comiss\u00e3o Pol\u00edtica do PS que analisou os resultados das aut\u00e1rquicas, o socialista Duarte&hellip;\n","protected":false},"author":2,"featured_media":111615,"comment_status":"","ping_status":"","sticky":false,"template":"","format":"standard","meta":{"footnotes":""},"categories":[83],"tags":[2163,88,89,1077,90,302,32,455,33],"class_list":{"0":"post-111614","1":"post","2":"type-post","3":"status-publish","4":"format-standard","5":"has-post-thumbnail","7":"category-empresas","8":"tag-autu00e1rquicas-2025","9":"tag-business","10":"tag-economy","11":"tag-eleiu00e7u00f5es","12":"tag-empresas","13":"tag-polu00edtica","14":"tag-portugal","15":"tag-ps","16":"tag-pt"},"share_on_mastodon":{"url":"","error":""},"_links":{"self":[{"href":"https:\/\/www.europesays.com\/pt\/wp-json\/wp\/v2\/posts\/111614","targetHints":{"allow":["GET"]}}],"collection":[{"href":"https:\/\/www.europesays.com\/pt\/wp-json\/wp\/v2\/posts"}],"about":[{"href":"https:\/\/www.europesays.com\/pt\/wp-json\/wp\/v2\/types\/post"}],"author":[{"embeddable":true,"href":"https:\/\/www.europesays.com\/pt\/wp-json\/wp\/v2\/users\/2"}],"replies":[{"embeddable":true,"href":"https:\/\/www.europesays.com\/pt\/wp-json\/wp\/v2\/comments?post=111614"}],"version-history":[{"count":0,"href":"https:\/\/www.europesays.com\/pt\/wp-json\/wp\/v2\/posts\/111614\/revisions"}],"wp:featuredmedia":[{"embeddable":true,"href":"https:\/\/www.europesays.com\/pt\/wp-json\/wp\/v2\/media\/111615"}],"wp:attachment":[{"href":"https:\/\/www.europesays.com\/pt\/wp-json\/wp\/v2\/media?parent=111614"}],"wp:term":[{"taxonomy":"category","embeddable":true,"href":"https:\/\/www.europesays.com\/pt\/wp-json\/wp\/v2\/categories?post=111614"},{"taxonomy":"post_tag","embeddable":true,"href":"https:\/\/www.europesays.com\/pt\/wp-json\/wp\/v2\/tags?post=111614"}],"curies":[{"name":"wp","href":"https:\/\/api.w.org\/{rel}","templated":true}]}}