{"id":111616,"date":"2025-10-15T10:27:13","date_gmt":"2025-10-15T10:27:13","guid":{"rendered":"https:\/\/www.europesays.com\/pt\/111616\/"},"modified":"2025-10-15T10:27:13","modified_gmt":"2025-10-15T10:27:13","slug":"manifestacao-sindical-na-belgica-transforma-se-em-motim-e-termina-antecipadamente-greve","status":"publish","type":"post","link":"https:\/\/www.europesays.com\/pt\/111616\/","title":{"rendered":"Manifesta\u00e7\u00e3o sindical na B\u00e9lgica transforma-se em motim e termina antecipadamente | Greve"},"content":{"rendered":"<p>Foram detidas cerca de 20 pessoas esta ter\u00e7a-feira, 14 de Outubro, na B\u00e9lgica durante uma das maiores manifesta\u00e7\u00f5es da hist\u00f3ria recente do pa\u00eds. Na sequ\u00eancia de confrontos com os manifestantes, a pol\u00edcia utilizou g\u00e1s lacrimog\u00e9neo e canh\u00f5es de \u00e1gua para fazer dispersar a multid\u00e3o no centro de Bruxelas, onde muitas infra-estruturas foram vandalizadas por grupos de jovens que, de cara tapada, se ter\u00e3o aproveitado da ocasi\u00e3o. A manifesta\u00e7\u00e3o foi interrompida antecipadamente, por volta das 16h locais (15h em Lisboa), devido aos incidentes que se multiplicaram ao longo da tarde.<\/p>\n<p>Os n\u00fameros oficiais, divulgados pela pol\u00edcia de Bruxelas, apontam para os 80 mil participantes. J\u00e1 os sindicatos envolvidos falam em mais de cem mil pessoas mobilizadas nas ruas da capital.<\/p>\n<p>Na origem do descontentamento est\u00e3o as reformas econ\u00f3micas e sociais do Governo de coliga\u00e7\u00e3o federal da B\u00e9lgica, liderado pelo conservador <a href=\"https:\/\/www.publico.pt\/2025\/02\/01\/mundo\/noticia\/fim-sete-meses-negociacoes-ha-acordo-formar-governo-belgica-2121011\" rel=\"nofollow noopener\" target=\"_blank\">Bart De Wever<\/a>. O primeiro-ministro, que tomou posse no in\u00edcio de Fevereiro, quer limitar o subs\u00eddio de desemprego a dois anos e aplicar uma ampla reforma da seguran\u00e7a social, incluindo a elimina\u00e7\u00e3o dos regimes especiais e o alinhamento da situa\u00e7\u00e3o dos funcion\u00e1rios p\u00fablicos com a do sector privado.<\/p>\n<p>O <a href=\"https:\/\/www.publico.pt\/2014\/05\/25\/mundo\/noticia\/nacionalistas-flamengos-vencem-legislativas-na-belgica-1637438\" rel=\"nofollow noopener\" target=\"_blank\">Governo belga<\/a> est\u00e1 tamb\u00e9m a preparar cortes or\u00e7amentais significativos no or\u00e7amento para 2026, que deveria ser apresentado esta ter\u00e7a-feira. A apresenta\u00e7\u00e3o do documento foi adiada para a pr\u00f3xima semana.<\/p>\n<p>O Governo est\u00e1 a \u201cimplementar um plano brutal: um ataque em grande escala \u00e0 protec\u00e7\u00e3o social, aos servi\u00e7os p\u00fablicos, \u00e0 seguran\u00e7a social e \u00e0 solidariedade\u201d, criticou esta ter\u00e7a-feira o movimento intersindical belga.<\/p>\n<p>Vandalismo e confrontos com a pol\u00edcia<\/p>\n<p>Pouco passava das 12h locais, hora prevista para o in\u00edcio da marcha, e j\u00e1 eram noticiados os primeiros confrontos entre manifestantes e pol\u00edcia na Boulevard Pach\u00e9co, no centro de Bruxelas. De um lado, dezenas de protestantes com o rosto tapado por m\u00e1scaras lan\u00e7avam petardos e bombas de tinta e fumo. Do outro, a pol\u00edcia respondia com g\u00e1s lacrimog\u00e9neo.<\/p>\n<p>\u201cEst\u00e1vamos apenas a marchar pacificamente e, de repente, apareceram bombas de fumo e a pol\u00edcia. N\u00e3o percebo. Por causa de talvez dez arruaceiros\u2026 Lan\u00e7aram g\u00e1s lacrimog\u00e9neo sobre toda a multid\u00e3o \u2014 idosos, crian\u00e7as\u2026 Foi vergonhoso, uma aut\u00eantica desgra\u00e7a\u201d, disse Rafael, carteiro, com os olhos ainda vermelhos devido ao g\u00e1s, citado pelo Politico.<\/p>\n<p>Os l\u00edderes do AVBB, sindicato respons\u00e1vel pela organiza\u00e7\u00e3o da manifesta\u00e7\u00e3o, dizem ter perdido o controlo da situa\u00e7\u00e3o. Apesar de terem planeado ser a frente oficial do protesto, Thierry Bodson e Bert Engelaar afirmam nem sequer ter conseguido iniciar a manifesta\u00e7\u00e3o e rapidamente se viram engolidos pela multid\u00e3o, infort\u00fanio que atribu\u00edram a uma minoria violenta que se aproveitou da situa\u00e7\u00e3o, avan\u00e7ou o di\u00e1rio belga De Morgen.<\/p>\n<p data-end=\"119\" data-start=\"0\">Mais tarde, activistas vandalizaram a sede do partido Vooruit, um dos membros da coliga\u00e7\u00e3o em fun\u00e7\u00f5es governativas. Em frente ao edif\u00edcio, os manifestantes colocaram flores comemorativas, acompanhadas de um cartaz que faz refer\u00eancia aos planos de pens\u00f5es de De Wever e Rousseau (l\u00edder do Vooruit), deixando tamb\u00e9m um cartaz alusivo ao contestado aumento da idade da reforma dos 65 para os 67 anos.<\/p>\n<p data-end=\"119\" data-start=\"0\">V\u00e1rias fachadas de edif\u00edcios situados nas ruas por onde passou a manifesta\u00e7\u00e3o foram vandalizadas. Uma delas pertence aos Servi\u00e7os de Imigra\u00e7\u00e3o (DVZ, na sigla original). A\u00ed, manifestantes mascarados partiram 44 janelas e lan\u00e7aram bombas de fumo e petardos. A pol\u00edcia ter\u00e1 respondido com g\u00e1s lacrimog\u00e9neo e canh\u00f5es de \u00e1gua.<\/p>\n<p>A ministra do Asilo e Migra\u00e7\u00e3o, Anneleen Van Bossuyt, publicou na rede social X uma mensagem em que sublinha que a destrui\u00e7\u00e3o causada pelos manifestantes violentos nos edif\u00edcios do DVZ \u201cn\u00e3o tem nada a ver com o direito \u00e0 greve\u201d, acrescentando que &#8220;quem ataca os nossos funcion\u00e1rios ou edif\u00edcios est\u00e1 a atacar a nossa sociedade&#8221;. Nos v\u00eddeos que acompanham a publica\u00e7\u00e3o \u00e9 poss\u00edvel observar os manifestantes mascarados a destruir violentamente a porta do edif\u00edcio, momentos antes de se iniciar um pequeno inc\u00eandio na entrada do pr\u00e9dio.<\/p>\n<p>Cancelado, cancelado, cancelado&#8230;<\/p>\n<p>Cancelado, cancelado, cancelado, cancelado. A palavra repetia-se vezes sem conta nos pain\u00e9is electr\u00f3nicos do Aeroporto de Charleroi\u200b. Aterragens e descolagens temporariamente suspensas na manh\u00e3 desta ter\u00e7a-feira, 14 de Outubro, dia em que se realiza a greve geral em todo o pa\u00eds. Tamb\u00e9m no aeroporto principal de Bruxelas, em Zaventem, h\u00e1 registo de voos afectados pela paralisa\u00e7\u00e3o, uma \u201cdor de cabe\u00e7a\u201d para milhares de passageiros.<\/p>\n<p>Devido \u00e0 falta de pessoal aeroportu\u00e1rio, as companhias a\u00e9reas foram obrigadas a cancelar ou divergir os voos que passariam por Charleroi, sendo expect\u00e1vel que a paralisa\u00e7\u00e3o se prolongue at\u00e9 \u00e0 meia-noite. Tamb\u00e9m voos provenientes e com destino a Portugal est\u00e3o na lista dos afectados. Os passageiros devem contactar as respectivas companhias a\u00e9reas para tratar de reembolsos ou marcar outra viagem.<\/p>\n<p>Da parte da tarde, esperavam-se j\u00e1 dezenas de milhares de pessoas nas ruas da capital, Bruxelas, para a marcha convocada pelos principais sindicatos, mas logo pela manh\u00e3 os efeitos dos protestos j\u00e1 se faziam sentir. De acordo com o di\u00e1rio belga <a href=\"https:\/\/www.lalibre.be\/regions\/bruxelles\/2025\/10\/14\/chaos-dans-le-centre-de-bruxelles-les-tunnels-annie-cordy-botanique-et-rogier-fermes-a-cause-dun-incendie-VUVAOEV6DVEU5IRDIDAEORX3NI\/\" target=\"_blank\" rel=\"nofollow noopener\">La Libre<\/a>, os t\u00faneis Annie Cordy, Botanique e Rogier estiveram encerrados durante a hora de ponta por causa de um inc\u00eandio perto da esta\u00e7\u00e3o de metro de Yser, depois de manifestantes terem ocupado a faixa de rodagem com sinais e ramos a arder. O inc\u00eandio foi apagado pouco tempo depois e os t\u00faneis reabertos.<\/p>\n<p>Al\u00e9m do tr\u00e1fego a\u00e9reo, a paralisa\u00e7\u00e3o afecta tamb\u00e9m a circula\u00e7\u00e3o de autocarros, metro e outros transportes p\u00fablicos. A funcionar de acordo com o planeado dever\u00e1 estar s\u00f3 o servi\u00e7o da SNCB, a rede nacional belga da ferrovia, de acordo com informa\u00e7\u00e3o veiculada pela empresa e citada pelo <a href=\"https:\/\/www.brusselstimes.com\/1780086\/belgiums-national-strike-disruptions-expected-across-multiple-sectors\" target=\"_blank\" rel=\"nofollow noopener\">The Brussel Times<\/a>. Tamb\u00e9m a Eurostar, empresa que faz o servi\u00e7o do TGV, espera que n\u00e3o existam atrasos nos hor\u00e1rios de circula\u00e7\u00e3o.<\/p>\n","protected":false},"excerpt":{"rendered":"Foram detidas cerca de 20 pessoas esta ter\u00e7a-feira, 14 de Outubro, na B\u00e9lgica durante uma das maiores manifesta\u00e7\u00f5es&hellip;\n","protected":false},"author":2,"featured_media":111617,"comment_status":"","ping_status":"","sticky":false,"template":"","format":"standard","meta":{"footnotes":""},"categories":[50],"tags":[1310,27,28,90,15,16,1322,14,25,26,21,22,62,12,13,19,20,23,24,2393,17,18,2588,29,30,31,63,64,65],"class_list":{"0":"post-111616","1":"post","2":"type-post","3":"status-publish","4":"format-standard","5":"has-post-thumbnail","7":"category-mundo","8":"tag-aviacao","9":"tag-breaking-news","10":"tag-breakingnews","11":"tag-empresas","12":"tag-featured-news","13":"tag-featurednews","14":"tag-greve","15":"tag-headlines","16":"tag-latest-news","17":"tag-latestnews","18":"tag-main-news","19":"tag-mainnews","20":"tag-mundo","21":"tag-news","22":"tag-noticias","23":"tag-noticias-principais","24":"tag-noticiasprincipais","25":"tag-principais-noticias","26":"tag-principaisnoticias","27":"tag-sindicatos","28":"tag-top-stories","29":"tag-topstories","30":"tag-transportes","31":"tag-ultimas","32":"tag-ultimas-noticias","33":"tag-ultimasnoticias","34":"tag-world","35":"tag-world-news","36":"tag-worldnews"},"share_on_mastodon":{"url":"","error":""},"_links":{"self":[{"href":"https:\/\/www.europesays.com\/pt\/wp-json\/wp\/v2\/posts\/111616","targetHints":{"allow":["GET"]}}],"collection":[{"href":"https:\/\/www.europesays.com\/pt\/wp-json\/wp\/v2\/posts"}],"about":[{"href":"https:\/\/www.europesays.com\/pt\/wp-json\/wp\/v2\/types\/post"}],"author":[{"embeddable":true,"href":"https:\/\/www.europesays.com\/pt\/wp-json\/wp\/v2\/users\/2"}],"replies":[{"embeddable":true,"href":"https:\/\/www.europesays.com\/pt\/wp-json\/wp\/v2\/comments?post=111616"}],"version-history":[{"count":0,"href":"https:\/\/www.europesays.com\/pt\/wp-json\/wp\/v2\/posts\/111616\/revisions"}],"wp:featuredmedia":[{"embeddable":true,"href":"https:\/\/www.europesays.com\/pt\/wp-json\/wp\/v2\/media\/111617"}],"wp:attachment":[{"href":"https:\/\/www.europesays.com\/pt\/wp-json\/wp\/v2\/media?parent=111616"}],"wp:term":[{"taxonomy":"category","embeddable":true,"href":"https:\/\/www.europesays.com\/pt\/wp-json\/wp\/v2\/categories?post=111616"},{"taxonomy":"post_tag","embeddable":true,"href":"https:\/\/www.europesays.com\/pt\/wp-json\/wp\/v2\/tags?post=111616"}],"curies":[{"name":"wp","href":"https:\/\/api.w.org\/{rel}","templated":true}]}}