{"id":111623,"date":"2025-10-15T10:35:08","date_gmt":"2025-10-15T10:35:08","guid":{"rendered":"https:\/\/www.europesays.com\/pt\/111623\/"},"modified":"2025-10-15T10:35:08","modified_gmt":"2025-10-15T10:35:08","slug":"49a-mostra-veja-programacao-de-filmes-restaurados-14-10-2025-cinema","status":"publish","type":"post","link":"https:\/\/www.europesays.com\/pt\/111623\/","title":{"rendered":"49\u00aa Mostra: veja programa\u00e7\u00e3o de filmes restaurados &#8211; 14\/10\/2025 &#8211; Cinema"},"content":{"rendered":"<p>A estreia na dire\u00e7\u00e3o do portugu\u00eas Manoel de Oliveira ou da brasileira Tata Amaral; uma homenagem aos 80 anos do fim da Segunda Guerra Mundial; um cl\u00e1ssico conturbado com Gloria Swanson.<\/p>\n<p>Em comum, todos chegam \u00e0 49\u00aa Mostra novinhos, em c\u00f3pias que valorizam o subestimado trabalho de restaura\u00e7\u00e3o. Confira alguns exemplares.<\/p>\n<p><strong>Aniki-B\u00f3b\u00f3<\/strong><br \/>&#13;<br \/>\nIdem. Portugal, 1942. Dir.: Manoel de Oliveira. Com: Nascimento Fernandes, Fernanda Matos e Hor\u00e1cio Silva. 72 min. 12 anos.<br \/>&#13;<br \/>\nara chamar a aten\u00e7\u00e3o de Teresinha, Carlito rouba uma boneca para presente\u00e1-la. No entanto, durante a brincadeira, Eduardinho sofre um acidente, criando tens\u00e3o no grupo. O filme estrelado por crian\u00e7as marca a estreia de Manoel de Oliveira na dire\u00e7\u00e3o.<br \/>&#13;<br \/>\nDias 17, \u00e0s 17h20 (Espa\u00e7o Petrobras de Cinema 2); 21, \u00e0s 16h (Cinemateca &#8211; Sala Petrobras); 26, \u00e0s 21h (Cinesala); e 29, \u00e0s 15h (Cinesesc)<\/p>\n<p><strong>Um C\u00e9u de Estrelas<\/strong><br \/>&#13;<br \/>\nIdem. Brasil, 1996. Dir.: Tata Amaral. Com: Leona Cavalli, Paulo Vesp\u00facio Garcia e Ligia Cortez. 80 min. 16 anos.<br \/>&#13;<br \/>\nDalva trabalha como cabeleireira na Mooca e vence um concurso de cabelo. Como pr\u00eamio, ganha uma passagem para os EUA e v\u00ea a chance de come\u00e7ar uma nova vida. Estreia de Tata Amaral na dire\u00e7\u00e3o.<br \/>&#13;<br \/>\nDia 17, \u00e0s 21h (Cinemateca \u2013 Sala Grande Otelo)<\/p>\n<p><strong>Chuva Negra<\/strong><br \/>&#13;<br \/>\nKuroi Ame. Jap\u00e3o, 1989. Dir.: Shohei Imamura. Com: Yoshiko Tanaka e Kazuo Kitamura, Etsuko Ichihara. 123 min. 14 anos.<br \/>&#13;<br \/>\nEm Hiroshima, cinco anos ap\u00f3s a bomba at\u00f4mica, sobreviventes ainda lidam com consequ\u00eancias, como a chuva negra devido a radia\u00e7\u00e3o. Tamb\u00e9m ser\u00e1 exibido o curta &#8220;Alma Errante &#8211; Hibakusha&#8221;, de Joel Yamaji (19 min).<br \/>&#13;<br \/>\nDias 19, \u00e0s 19h (Sato Cinema); e 27, \u00e0s 15h35 (Cinemateca \u2013 Sala Petrobras)<\/p>\n<p><strong>Cinema, Aspirinas e Urubus<\/strong><br \/>&#13;<br \/>\nIdem. Brasil, 2005. Dir.: Marcelo Gomes. Com: Peter Ketnath, Jo\u00e3o Miguel e Hermila Guedes. 99 min. 14 anos.<br \/>&#13;<br \/>\nEm 1942, dois homens se encontram no sert\u00e3o. Johann \u00e9 um alem\u00e3o que fugiu da guerra e Ranulpho um brasileiro que quer escapar da seca. Juntos, viajam para exibir filmes e vender rem\u00e9dios.<br \/>&#13;<br \/>\nDia 21, \u00e0s 13h (Reserva Cultural)<\/p>\n<p><strong>Cr\u00f4nica dos Anos de Fogo<\/strong><br \/>&#13;<br \/>\nChronique des Annees de Braise. Arg\u00e9lia, 1975. Dir.: Mohammed Lakhdar-Hamina. Com: Yorgo Voyagis, Larbi Zekkal, Cheikh Nourredine. 177 min. 14 anos.<br \/>&#13;<br \/>\nA trama narra momentos decisivos na hist\u00f3ria da Arg\u00e9lia entre 1939 e 1954. Restaurado pela<br \/>&#13;<br \/>\nCinemateca de Bolonha, foi o primeiro longa de um \u00e1rabe-africano a receber a Palma de Ouro no Festival de Cannes.<br \/>&#13;<br \/>\nDias 16, \u00e0s 13h30 (Espa\u00e7o Petrobras de Cinema 1); 27, \u00e0s 16h15 (Reserva Cultural 2); e 28, \u00e0s 20h (Cinemateca \u2013 Sala Grande Otelo)<\/p>\n<p><strong>Garota de Ipanema<\/strong><br \/>&#13;<br \/>\nIdem. Brasil, 1967. Dir.: Leon Hirszman. Com: M\u00e1rcia Rodrigues, Adriano Reis e Arduino Colassanti. 90 min. 16 anos.<br \/>&#13;<br \/>\nA jovem M\u00e1rcia frequenta praia, festas e rodas de intelectuais ao som de bossa nova. Incerta<br \/>&#13;<br \/>\nsobre o futuro, ela representa parte da classe m\u00e9dia da \u00e9poca. Inspirado na m\u00fasica hom\u00f4nima de de Tom e Vinicius.<br \/>&#13;<br \/>\nDia 28, \u00e0s 20h25 (IMS Paulista)<\/p>\n<p><strong>Lua Cambar\u00e1 \u2013 Nas Escadarias do Pal\u00e1cio<\/strong><br \/>&#13;<br \/>\nIdem. Brasil, 2002. Dir.: Rosemberg Cariry. Com: Dira Paes, Chico Diaz e Tony Silva. 94 min. 16 anos.<br \/>&#13;<br \/>\nUm poderoso coronel violenta uma escrava, que mais tarde tem uma menina. A partir da morte do pai, ela passa a se comportar como ele: tortura, mata e derruba tudo o que cruza seu caminho.<br \/>&#13;<br \/>\nDia 28, \u00e0s 18h30 (Cinemateca \u2013 Sala Grande Otelo)<\/p>\n<p><strong>Queen Kelly<\/strong><br \/>&#13;<br \/>\nIdem. EUA, 1929. Dir.: Erich von Stroheim. Com: Gloria Swanson, Seena Owen e Walter Byron. 105 min. 14 anos.<br \/>&#13;<br \/>\nA cruel rainha Regina 5\u00aa \u00e9 obcecada pelo noivo. Mas ele se apaixona pela jovem Patricia Kelly e a leva ao pal\u00e1cio. O filme sofreu cortes, gerando diferentes vers\u00f5es. Dennis Doros, respons\u00e1vel pela reconstitui\u00e7\u00e3o, participar\u00e1 de uma mesa sobre o restauro.<br \/>&#13;<br \/>\nDias 18, \u00e0s 17h25 (Espa\u00e7o Petrobras de Cinema 1); 19, \u00e0s 20h25 (Cinemateca \u2013 Sala Grande Otelo); e 30, \u00e0s 18h30 (Cine Segall)<\/p>\n<p><strong>Sholay<\/strong><br \/>&#13;<br \/>\nIdem. \u00cdndia, 1975. Dir.: Ramesh Sippy. Com: Sanjeev Kumar, Dharmendra e Hema Malini. 204 min. xx anos.<br \/>&#13;<br \/>\nUma vila \u00e9 amea\u00e7ada pelo bandido Gabbar Singh. Um ex-policial aposentado e sem os bra\u00e7os, Thakur Baldev Singh, contrata dois outros criminosos para capturar Gabbar e sua gangue. Com o tempo, eles se envolvem com as pessoas da vila.<br \/>&#13;<br \/>\nDias 18, \u00e0s 19h25 (Playarte Marab\u00e1); 22, \u00e0s 14h (Cinesala); 24, \u00e0s 13h (Reserva Cultural 2); e 29, \u00e0s 19h50 (Espa\u00e7o Petrobras de Cinema 3)<\/p>\n<p><strong>T\u00f4nica Dominante<\/strong><br \/>&#13;<br \/>\nIdem. Brasil, 2001. Dir.: Lina Chamie. Com: Fernando Alves Pinto, Vera Zimmermann e Carlos Greg\u00f3rio. 80 min. 10 anos.<br \/>&#13;<br \/>\nO longa acompanha tr\u00eas dias na vida de uma jovem clarinetista, que vive entre a solid\u00e3o e a dedica\u00e7\u00e3o \u00e0 m\u00fasica.<br \/>&#13;<br \/>\nDia 26, \u00e0s 22h (Cinemateca \u2013 Sala Grande Otelo)<\/p>\n","protected":false},"excerpt":{"rendered":"A estreia na dire\u00e7\u00e3o do portugu\u00eas Manoel de Oliveira ou da brasileira Tata Amaral; uma homenagem aos 80&hellip;\n","protected":false},"author":2,"featured_media":111624,"comment_status":"","ping_status":"","sticky":false,"template":"","format":"standard","meta":{"footnotes":""},"categories":[140],"tags":[207,470,114,115,147,148,26329,761,26330,146,32,33],"class_list":{"0":"post-111623","1":"post","2":"type-post","3":"status-publish","4":"format-standard","5":"has-post-thumbnail","7":"category-filmes","8":"tag-arte","9":"tag-cinema","10":"tag-entertainment","11":"tag-entretenimento","12":"tag-film","13":"tag-filmes","14":"tag-guia-da-mostra","15":"tag-guia-folha","16":"tag-mostra-internacional-de-cinema-de-so-paulo","17":"tag-movies","18":"tag-portugal","19":"tag-pt"},"share_on_mastodon":{"url":"","error":""},"_links":{"self":[{"href":"https:\/\/www.europesays.com\/pt\/wp-json\/wp\/v2\/posts\/111623","targetHints":{"allow":["GET"]}}],"collection":[{"href":"https:\/\/www.europesays.com\/pt\/wp-json\/wp\/v2\/posts"}],"about":[{"href":"https:\/\/www.europesays.com\/pt\/wp-json\/wp\/v2\/types\/post"}],"author":[{"embeddable":true,"href":"https:\/\/www.europesays.com\/pt\/wp-json\/wp\/v2\/users\/2"}],"replies":[{"embeddable":true,"href":"https:\/\/www.europesays.com\/pt\/wp-json\/wp\/v2\/comments?post=111623"}],"version-history":[{"count":0,"href":"https:\/\/www.europesays.com\/pt\/wp-json\/wp\/v2\/posts\/111623\/revisions"}],"wp:featuredmedia":[{"embeddable":true,"href":"https:\/\/www.europesays.com\/pt\/wp-json\/wp\/v2\/media\/111624"}],"wp:attachment":[{"href":"https:\/\/www.europesays.com\/pt\/wp-json\/wp\/v2\/media?parent=111623"}],"wp:term":[{"taxonomy":"category","embeddable":true,"href":"https:\/\/www.europesays.com\/pt\/wp-json\/wp\/v2\/categories?post=111623"},{"taxonomy":"post_tag","embeddable":true,"href":"https:\/\/www.europesays.com\/pt\/wp-json\/wp\/v2\/tags?post=111623"}],"curies":[{"name":"wp","href":"https:\/\/api.w.org\/{rel}","templated":true}]}}