{"id":111629,"date":"2025-10-15T10:40:12","date_gmt":"2025-10-15T10:40:12","guid":{"rendered":"https:\/\/www.europesays.com\/pt\/111629\/"},"modified":"2025-10-15T10:40:12","modified_gmt":"2025-10-15T10:40:12","slug":"adultos-vao-conseguir-ter-conversas-eroticas-com-o-chatgpt","status":"publish","type":"post","link":"https:\/\/www.europesays.com\/pt\/111629\/","title":{"rendered":"Adultos v\u00e3o conseguir ter conversas er\u00f3ticas com o ChatGPT"},"content":{"rendered":"<p>&#8220;Em dezembro, \u00e0 medida que implementamos a restri\u00e7\u00e3o de idade de forma mais completa e como parte do nosso princ\u00edpio de tratar os utilizadores adultos como adultos, permitiremos ainda mais, como conte\u00fado er\u00f3tico para adultos verificados&#8221;, disse Altman na rede social X.<\/p>\n<p data-remotead-prev-elm=\"true\" data-remotead-elm-id=\"inread\">Na publica\u00e7\u00e3o, Altman referiu tamb\u00e9m as restri\u00e7\u00f5es implementadas no programa de IA para lidar com problemas de sa\u00fade mental das pessoas, reconhecendo que as salvaguardas n\u00e3o agradaram os utilizadores sem problemas de sa\u00fade mental.<\/p>\n<p>&#8220;Sabemos que isto (restri\u00e7\u00f5es) o tornou menos \u00fatil\/agrad\u00e1vel para muitos utilizadores que n\u00e3o tinham problemas de sa\u00fade mental, mas dada a gravidade do problema, quer\u00edamos fazer o que estava certo&#8221;, disse o executivo referindo-se ao ChatGPT, sendo que os utilizadores acusaram a empresa de censura por colocar restri\u00e7\u00f5es.<\/p>\n<p data-remotead-prev-elm=\"true\" data-remotead-elm-id=\"centro1\">Altman anunciou ainda que, como os problemas de sa\u00fade mental est\u00e3o mais controlados e com novas ferramentas dispon\u00edveis, \u00e9 poss\u00edvel reduzir as restri\u00e7\u00f5es de forma segura na maioria das situa\u00e7\u00f5es, inclusive permitir que o ChatGPT tenha conversas er\u00f3ticas.<\/p>\n<p>As precau\u00e7\u00f5es refor\u00e7adas foram introduzidas ap\u00f3s a OpenAI ser processada no final de agosto pelos pais de Adam Raine, um adolescente da Calif\u00f3rnia, nos Estados Unidos (EUA) que se suicidou ap\u00f3s receber aconselhamento espec\u00edfico do ChatGPT, de acordo com a queixa.<\/p>\n<p data-remotead-prev-elm=\"true\" data-remotead-elm-id=\"centro2\">Outros casos e den\u00fancias nos EUA desencadearam um debate aceso sobre os riscos dos efeitos nocivos dos acompanhantes de IA nos jovens.<\/p>\n<p>A Comiss\u00e3o de Prote\u00e7\u00e3o do Consumidor dos EUA (sigla em ingl\u00eas, FTC) abriu uma investiga\u00e7\u00e3o que visa v\u00e1rias empresas de IA, incluindo a OpenAI.<\/p>\n<p data-remotead-prev-elm=\"true\" data-remotead-elm-id=\"centro3\">Em setembro, a empresa lan\u00e7ou uma vers\u00e3o do ChatGPT para utilizadores menores de 18 anos, bloqueando conte\u00fados gr\u00e1ficos ou sexuais.<\/p>\n<p>Altman anunciou tamb\u00e9m na rede social uma atualiza\u00e7\u00e3o, que vai estar pronta &#8220;dentro de algumas semanas&#8221;, que permite que o assistente de IA seja personalizado.<\/p>\n<p data-remotead-prev-elm=\"true\" data-remotead-elm-id=\"centro4\">&#8220;Se quiser que o seu ChatGPT responda de forma muito humana, use muitos emojis ou aja como um amigo, o ChatGPT deve faz\u00ea-lo (mas apenas se quiser, n\u00e3o porque estamos a maximizar a utiliza\u00e7\u00e3o), indicou o presidente da OpenAI.<\/p>\n","protected":false},"excerpt":{"rendered":"&#8220;Em dezembro, \u00e0 medida que implementamos a restri\u00e7\u00e3o de idade de forma mais completa e como parte do&hellip;\n","protected":false},"author":2,"featured_media":111630,"comment_status":"","ping_status":"","sticky":false,"template":"","format":"standard","meta":{"footnotes":""},"categories":[83],"tags":[88,642,89,90,933,32,33],"class_list":{"0":"post-111629","1":"post","2":"type-post","3":"status-publish","4":"format-standard","5":"has-post-thumbnail","7":"category-empresas","8":"tag-business","9":"tag-chatgpt","10":"tag-economy","11":"tag-empresas","12":"tag-inteligencia-artificial","13":"tag-portugal","14":"tag-pt"},"share_on_mastodon":{"url":"","error":""},"_links":{"self":[{"href":"https:\/\/www.europesays.com\/pt\/wp-json\/wp\/v2\/posts\/111629","targetHints":{"allow":["GET"]}}],"collection":[{"href":"https:\/\/www.europesays.com\/pt\/wp-json\/wp\/v2\/posts"}],"about":[{"href":"https:\/\/www.europesays.com\/pt\/wp-json\/wp\/v2\/types\/post"}],"author":[{"embeddable":true,"href":"https:\/\/www.europesays.com\/pt\/wp-json\/wp\/v2\/users\/2"}],"replies":[{"embeddable":true,"href":"https:\/\/www.europesays.com\/pt\/wp-json\/wp\/v2\/comments?post=111629"}],"version-history":[{"count":0,"href":"https:\/\/www.europesays.com\/pt\/wp-json\/wp\/v2\/posts\/111629\/revisions"}],"wp:featuredmedia":[{"embeddable":true,"href":"https:\/\/www.europesays.com\/pt\/wp-json\/wp\/v2\/media\/111630"}],"wp:attachment":[{"href":"https:\/\/www.europesays.com\/pt\/wp-json\/wp\/v2\/media?parent=111629"}],"wp:term":[{"taxonomy":"category","embeddable":true,"href":"https:\/\/www.europesays.com\/pt\/wp-json\/wp\/v2\/categories?post=111629"},{"taxonomy":"post_tag","embeddable":true,"href":"https:\/\/www.europesays.com\/pt\/wp-json\/wp\/v2\/tags?post=111629"}],"curies":[{"name":"wp","href":"https:\/\/api.w.org\/{rel}","templated":true}]}}