{"id":11163,"date":"2025-08-01T05:25:11","date_gmt":"2025-08-01T05:25:11","guid":{"rendered":"https:\/\/www.europesays.com\/pt\/11163\/"},"modified":"2025-08-01T05:25:11","modified_gmt":"2025-08-01T05:25:11","slug":"os-rivais-e-a-homenagem-a-diogo-e-andre-as-fotos-do-derbi-observador","status":"publish","type":"post","link":"https:\/\/www.europesays.com\/pt\/11163\/","title":{"rendered":"Os rivais e a homenagem a Diogo e Andr\u00e9: as fotos do d\u00e9rbi &#8211; Observador"},"content":{"rendered":"<ol>\n<li><a href=\"https:\/\/news.google.com\/rss\/articles\/CBMi5gFBVV95cUxQdDhoUHcxZmhFWTZBamt5SHVkbFJWaU0tYmNIZERxRElSeFREbzhXTml2VjVzMmR6M3l0QmJnX0Z3bHJ5S0swWHFTeXV0TFN4eFRWY0E0N3kxWE1LZHV4bGFVdlQySkotdG9PekNiTVVRcGdCZFVrWUxJZDVXYkkwQ3VmU3Y1bFlTX1ZYVDhYYUdvY0oxcGRZRE9jX3hxMlEzazJQZEZDME5EZF9BczZaanFjS2gzbG11bzNiZzNlQkh4NWR4ZXFISGFoY181QTRCaEJwTl94WEJEM1p4ajJ0UU52T2FfZw?oc=5\" target=\"_blank\" rel=\"nofollow noopener\">Os rivais e a homenagem a Diogo e Andr\u00e9: as fotos do d\u00e9rbi<\/a>&nbsp;&nbsp;Observador<\/li>\n<li><a href=\"https:\/\/news.google.com\/rss\/articles\/CBMifkFVX3lxTFBBVGRqYzZ2bFdJaGNtQkZmUTZEcFl5eWZDX1o3dl8xMktxTUpnMEQ2aGFfaXotcWtBZjVhLVR6SWpBX3h3TmdxQjhPbnNxVlRHWERZSEExenBfdDZ3dzJ5dERwbzJmT2VvdTFtMEtmM2h1X0FhTFYzeGpSQUotdw?oc=5\" target=\"_blank\" rel=\"nofollow noopener\">Homenagem a Diogo Jota e Andr\u00e9 Silva a abrir 2025\/26<\/a>&nbsp;&nbsp;FPF<\/li>\n<li><a href=\"https:\/\/news.google.com\/rss\/articles\/CBMi2wFBVV95cUxNVVN5SG5SZHJYNkRWQVlmWGZmY1pFdkdMU3p5Wk5rQ20xeERETlluTmZ2OTEtbDlYb3NhNmNZNkRqdGMyNHdXZXFqSmM4U2VWNjNoWm9xbkZNeHFTaFpudHhpWS0yQW1teW9IamwwNGRHRld1TXJvY2RkVENSeGV2aEFuZjEtbjVHc1FUSGp0ZlFzNDQtUC12RGczbENUeDU1WlQ0VFdDLUFxMEcyaEVfZzFFUGpiOEdva3JSUnRsSzBDQV9UQTgyRUQtUHNOUHlhcGxHSXhLaFBzX3M?oc=5\" target=\"_blank\" rel=\"nofollow noopener\">Fam\u00edlia de Diogo Jota e Andr\u00e9 Silva convidada para a Superta\u00e7a por Pedro Proen\u00e7a<\/a>&nbsp;&nbsp;Flashscore.pt<\/li>\n<li><a href=\"https:\/\/news.google.com\/rss\/articles\/CBMi5wFBVV95cUxPci1GSTYxR2VqandLWTlnSUI2YVpXWmotTVlQYVBTS1d5NW96bjd6SUY4cUNjX2FGSFRxVXRMQUh6c3h4Ul85anJXX0hiYjRwMDliNlg3WEhxUGNEcUlkZkZucEtPS0x3NTY1dFRRLTlPTmpCcmRjZkIxSk4xQ2Q2djhrYnhINUdURkJ3ZkxEWkljX0ZfZUdQTFhCM0dmTWFsLVdnaEdpWUpyYjlEM2dVMVQ4Z2luNUtyWnF5LURGTTZsTXlUdkc4SlNBMjl5VTJ3SDVSdWxPTGVhWkpkWXRUS3VIM2R1T2s?oc=5\" target=\"_blank\" rel=\"nofollow noopener\">Uma dor que n\u00e3o passa: Vi\u00fava Rute Cardoso emociona-se na homenagem a Diogo Jota na Superta\u00e7a de Futebol: as imagens<\/a>&nbsp;&nbsp;TV Guia.pt<\/li>\n<li><a href=\"https:\/\/news.google.com\/rss\/articles\/CBMitwFBVV95cUxNRzNPUjNaTVJqUVUzMmtUdzZ1VU9LelhvUEJpc2VMaUx5eGI5TmthejNDcGIwT0dsbnBNWFVHcldOOEhVdVF3ZkpGQXY1Z25OLUltQkhPUkltczNtX2FLOXAzaFJrS1ZPTFdaaHJTOGp2X2hCZkRRWm1VOC1BWnRYckRoOFBubVJfOGU4V0VFdkRpM2ZBQW83MWRIcmFyTnVXNjZEVTE1U3diczB6VWF0dElVaTRMVkE?oc=5\" target=\"_blank\" rel=\"nofollow noopener\">Sporting-Benfica: minuto de sil\u00eancio por Jota e Andr\u00e9 Silva, com a fam\u00edlia na tribuna<\/a>&nbsp;&nbsp;O Jogo<\/li>\n<\/ol>\n","protected":false},"excerpt":{"rendered":"Os rivais e a homenagem a Diogo e Andr\u00e9: as fotos do d\u00e9rbi&nbsp;&nbsp;Observador Homenagem a Diogo Jota e&hellip;\n","protected":false},"author":2,"featured_media":11164,"comment_status":"","ping_status":"","sticky":false,"template":"","format":"standard","meta":{"footnotes":""},"categories":[145],"tags":[51,211,210,135,114,115,524,32,33,34,4394],"class_list":{"0":"post-11163","1":"post","2":"type-post","3":"status-publish","4":"format-standard","5":"has-post-thumbnail","7":"category-celebridades","8":"tag-benfica","9":"tag-celebridades","10":"tag-celebrities","11":"tag-desporto","12":"tag-entertainment","13":"tag-entretenimento","14":"tag-futebol","15":"tag-portugal","16":"tag-pt","17":"tag-sporting","18":"tag-supertau00e7a"},"share_on_mastodon":{"url":"","error":""},"_links":{"self":[{"href":"https:\/\/www.europesays.com\/pt\/wp-json\/wp\/v2\/posts\/11163","targetHints":{"allow":["GET"]}}],"collection":[{"href":"https:\/\/www.europesays.com\/pt\/wp-json\/wp\/v2\/posts"}],"about":[{"href":"https:\/\/www.europesays.com\/pt\/wp-json\/wp\/v2\/types\/post"}],"author":[{"embeddable":true,"href":"https:\/\/www.europesays.com\/pt\/wp-json\/wp\/v2\/users\/2"}],"replies":[{"embeddable":true,"href":"https:\/\/www.europesays.com\/pt\/wp-json\/wp\/v2\/comments?post=11163"}],"version-history":[{"count":0,"href":"https:\/\/www.europesays.com\/pt\/wp-json\/wp\/v2\/posts\/11163\/revisions"}],"wp:featuredmedia":[{"embeddable":true,"href":"https:\/\/www.europesays.com\/pt\/wp-json\/wp\/v2\/media\/11164"}],"wp:attachment":[{"href":"https:\/\/www.europesays.com\/pt\/wp-json\/wp\/v2\/media?parent=11163"}],"wp:term":[{"taxonomy":"category","embeddable":true,"href":"https:\/\/www.europesays.com\/pt\/wp-json\/wp\/v2\/categories?post=11163"},{"taxonomy":"post_tag","embeddable":true,"href":"https:\/\/www.europesays.com\/pt\/wp-json\/wp\/v2\/tags?post=11163"}],"curies":[{"name":"wp","href":"https:\/\/api.w.org\/{rel}","templated":true}]}}