{"id":111635,"date":"2025-10-15T10:47:07","date_gmt":"2025-10-15T10:47:07","guid":{"rendered":"https:\/\/www.europesays.com\/pt\/111635\/"},"modified":"2025-10-15T10:47:07","modified_gmt":"2025-10-15T10:47:07","slug":"boots-tera-2a-temporada-miles-heizer-aborda-futuro-da-serie-da-netflix","status":"publish","type":"post","link":"https:\/\/www.europesays.com\/pt\/111635\/","title":{"rendered":"&#8216;Boots&#8217; ter\u00e1 2\u00aa temporada? Miles Heizer aborda futuro da s\u00e9rie da Netflix!"},"content":{"rendered":"<p>O jovem ator <strong><a href=\"https:\/\/cinepop.com.br\/tag\/miles-heizer\/\" title=\"Miles Heizer\" rel=\"nofollow noopener\" target=\"_blank\">Miles Heizer<\/a><\/strong>, que interpretou Cameron Cope na com\u00e9dia dram\u00e1tica de oito epis\u00f3dios da Netflix, <strong>\u2018<a href=\"https:\/\/cinepop.com.br\/tag\/boots\/\" title=\"Boots\" rel=\"nofollow noopener\" target=\"_blank\">Boots<\/a>\u2019<\/strong>, falou recentemente sobre a produ\u00e7\u00e3o, o desejo por uma sequ\u00eancia e a inesperada relev\u00e2ncia do tema.<\/p>\n<p>Em entrevista \u00e0 <a href=\"https:\/\/variety.com\/2025\/tv\/columns\/boots-miles-heizer-netflix-gay-military-season-2-1236547408\/\" rel=\"nofollow noopener\" target=\"_blank\">Variety<\/a>, <strong>Heizer<\/strong> revelou seu grande entusiasmo por uma segunda temporada, citando o vasto material que a hist\u00f3ria tem a oferecer:<\/p>\n<p>\u201cH\u00e1 muitas hist\u00f3rias para contar, desde as diferentes experi\u00eancias de Greg na Marinha at\u00e9 a s\u00e9rie Don\u2019t Ask, Don\u2019t Tell [N\u00e3o Pergunte, N\u00e3o Conte] e a \u00e9poca em que foi revogada\u201d, disse ele. \u201cEu faria isso por 10 temporadas se nos deixassem\u201d;<\/p>\n<p><a href=\"https:\/\/cinepop.com.br\/astro-de-13-reasons-why-vive-recruta-no-armario-no-teaser-de-boots-nova-serie-lgbtq-da-netflix-690824\/\" rel=\"nofollow noopener\" target=\"_blank\">Astro de \u201913 Reasons Why\u2019 vive recruta no arm\u00e1rio no teaser de \u2018BOOTS\u2019, nova s\u00e9rie LGBTQ+ da Netflix<\/a><\/p>\n<p>O ator tamb\u00e9m admitiu que o ato de raspar a cabe\u00e7a para as grava\u00e7\u00f5es, um rito de passagem para o campo de treinamento militar, foi libertador:<\/p>\n<p>\u201cEst\u00e1vamos todos ansiosos por isso h\u00e1 tanto tempo porque filmamos todas as coisas pr\u00e9-campo de treinamento antes, quando ainda t\u00ednhamos cabelo\u201d, diz <strong>Heizer<\/strong>. \u201cEu tinha medo porque n\u00e3o sabia o que tinha por baixo. Eu s\u00f3 conseguia imaginar que ficaria mal\u201d.<\/p>\n<p>Ele continuou: \u201cMas depois que fizeram isso, houve uma sensa\u00e7\u00e3o de seguran\u00e7a porque, quando voc\u00ea come\u00e7a um programa de TV, acho que todos n\u00f3s temos aquela preocupa\u00e7\u00e3o de que eles v\u00e3o me escalar novamente. Ent\u00e3o, depois que eles rasparam nossas cabe\u00e7as, todos n\u00f3s pensamos: \u2018Tudo bem, acho que n\u00e3o vamos ser demitidos.\u2019 Ent\u00e3o foi a sensa\u00e7\u00e3o mais libertadora porque eu n\u00e3o tive que me preocupar com a apar\u00eancia do meu cabelo\u201d.<\/p>\n<p><a href=\"https:\/\/cinepop.com.br\/13-reasons-why-elenco-revela-do-que-mais-sentira-falta-em-novo-video-confira-253769\/\" rel=\"nofollow noopener\" target=\"_blank\">\u201913 Reasons Why\u2019: Elenco revela do que mais sentir\u00e1 falta em novo v\u00eddeo; Confira!<\/a><\/p>\n<p><strong>Heizer<\/strong> abordou ainda o fato de a produ\u00e7\u00e3o ter sido lan\u00e7ada em um momento de conflito renovado em torno do servi\u00e7o militar dos EUA e a comunidade LGBTQIA+, abordando o decreto do Presidente<strong> Donald Trump<\/strong>\u00a0proibindo pessoas trans de servir.<\/p>\n<p>\u201cQuando a s\u00e9rie come\u00e7ou a ser filmada [em 2023], acho que n\u00e3o pretend\u00edamos transmitir essa mensagem t\u00e3o relevante para o servi\u00e7o militar hoje\u201d, diz <strong>Heizer<\/strong>. \u201cMas ent\u00e3o, \u00e9 claro, enquanto a film\u00e1vamos, todas essas coisas come\u00e7aram a acontecer. \u00c9 muito interessante que \u2018<a href=\"https:\/\/cinepop.com.br\/tag\/boots\/\" title=\"Boots\" rel=\"nofollow noopener\" target=\"_blank\">Boots<\/a>\u2019 ilumine o que realmente est\u00e1 acontecendo agora, mesmo que a s\u00e9rie se passe em 1990. \u00c9 perturbador\u201d.<\/p>\n<p><strong> \u2018<a href=\"https:\/\/cinepop.com.br\/tag\/boots\/\" title=\"BOOTS\" rel=\"nofollow noopener\" target=\"_blank\">BOOTS<\/a>\u2019 est\u00e1 dispon\u00edvel na Netflix.<\/strong><\/p>\n<p>Confira e siga o <a href=\"https:\/\/www.youtube.com\/cinepop?sub_confirmation=1\" target=\"_blank\" rel=\"noopener nofollow\"><strong>CinePOP no Youtube<\/strong><\/a>:<\/p>\n<p>A s\u00e9rie foi criada por\u00a0<strong><a href=\"https:\/\/cinepop.com.br\/tag\/andy-parker\/\" title=\"Andy Parker\" rel=\"nofollow noopener\" target=\"_blank\">Andy Parker<\/a><\/strong>, que tamb\u00e9m assume a cadeira de\u00a0showrunner ao lado de\u00a0<strong><a href=\"https:\/\/cinepop.com.br\/tag\/jennifer-cecil\/\" title=\"Jennifer Cecil\" rel=\"nofollow noopener\" target=\"_blank\">Jennifer Cecil<\/a><\/strong>.<\/p>\n<p><strong>\u2018<a href=\"https:\/\/cinepop.com.br\/tag\/boots\/\" title=\"BOOTS\" rel=\"nofollow noopener\" target=\"_blank\">BOOTS<\/a>\u2019<\/strong> \u00e9 uma dram\u00e9dia que oferece uma abordagem irreverente e exc\u00eantrica das hist\u00f3rias coming-of-age. Ambientada no mundo dif\u00edcil e imprevis\u00edvel do Corpo de Fuzileiros Navais dos EUA na d\u00e9cada de 1990 \u2014 quando ser gay nas for\u00e7as armadas ainda era ilegal \u2014, a s\u00e9rie acompanha Cameron Cope (<strong>Heizer<\/strong>), um homem sem rumo e enrustido, e seu melhor amigo Ray McAffey (<strong><a href=\"https:\/\/cinepop.com.br\/tag\/liam-oh\/\" title=\"Liam Oh\" rel=\"nofollow noopener\" target=\"_blank\">Liam Oh<\/a><\/strong>), filho de um fuzileiro naval condecorado, enquanto se juntam a um grupo diversificado de recrutas.<\/p>\n<p> Juntos, esse time navega pelas minas terrestres literais e metaf\u00f3ricas do campo de treinamento, forjando la\u00e7os improv\u00e1veis \u200b\u200be descobrindo seu verdadeiro eu em um ambiente projetado para lev\u00e1-los ao limite. Com humor afiado e muita emo\u00e7\u00e3o, <strong>\u2018<\/strong><strong><a href=\"https:\/\/cinepop.com.br\/tag\/boots\/\" title=\"BOOTS\" rel=\"nofollow noopener\" target=\"_blank\">BOOTS<\/a>\u2019<\/strong> \u00e9 uma s\u00e9rie sobre amizade, resili\u00eancia e encontrar seu lugar no mundo \u2014 mesmo quando esse mundo parece determinado a mant\u00ea-lo na linha ou deix\u00e1-lo para tr\u00e1s.<\/p>\n<p>O elenco ainda conta com\u00a0<strong><a href=\"https:\/\/cinepop.com.br\/tag\/cedrick-cooper\/\" title=\"Cedrick Cooper\" rel=\"nofollow noopener\" target=\"_blank\">Cedrick Cooper<\/a><\/strong>,\u00a0<strong><a href=\"https:\/\/cinepop.com.br\/tag\/ana-ayora\/\" title=\"Ana Ayora\" rel=\"nofollow noopener\" target=\"_blank\">Ana Ayora<\/a><\/strong>,\u00a0<strong>Angus O\u2019Brien<\/strong>,\u00a0<strong><a href=\"https:\/\/cinepop.com.br\/tag\/dominic-goodman\/\" title=\"Dominic Goodman\" rel=\"nofollow noopener\" target=\"_blank\">Dominic Goodman<\/a><\/strong>,\u00a0<strong><a href=\"https:\/\/cinepop.com.br\/tag\/kieron-moore\/\" title=\"Kieron Moore\" rel=\"nofollow noopener\" target=\"_blank\">Kieron Moore<\/a><\/strong>,\u00a0<strong><a href=\"https:\/\/cinepop.com.br\/tag\/nicholas-logan\/\" title=\"Nicholas Logan\" rel=\"nofollow noopener\" target=\"_blank\">Nicholas Logan<\/a><\/strong>,\u00a0<strong><a href=\"https:\/\/cinepop.com.br\/tag\/rico-paris\/\" title=\"Rico Paris\" rel=\"nofollow noopener\" target=\"_blank\">Rico Paris<\/a><\/strong>,\u00a0<strong><a href=\"https:\/\/cinepop.com.br\/tag\/blake-burt\/\" title=\"Blake Burt\" rel=\"nofollow noopener\" target=\"_blank\">Blake Burt<\/a><\/strong>,\u00a0<strong><a href=\"https:\/\/cinepop.com.br\/tag\/logan-gould\/\" title=\"Logan Gould\" rel=\"nofollow noopener\" target=\"_blank\">Logan Gould<\/a><\/strong>,\u00a0<strong><a href=\"https:\/\/cinepop.com.br\/tag\/zach-roerig\/\" title=\"Zach Roerig\" rel=\"nofollow noopener\" target=\"_blank\">Zach Roerig<\/a><\/strong> e outros.<\/p>\n<p><strong>\u2018<a href=\"https:\/\/cinepop.com.br\/tag\/boots\/\" title=\"BOOTS\" rel=\"nofollow noopener\" target=\"_blank\">BOOTS<\/a>\u2019<\/strong> conta com oito epis\u00f3dios e \u00e9 baseada no livro de mem\u00f3rias\u00a0<strong>\u2018<a href=\"https:\/\/cinepop.com.br\/tag\/the-pink-marine\/\" title=\"The Pink Marine\" rel=\"nofollow noopener\" target=\"_blank\">The Pink Marine<\/a>\u2019<\/strong>, assinado por\u00a0<strong><a href=\"https:\/\/cinepop.com.br\/tag\/greg-cope-white\/\" title=\"Greg Cope White\" rel=\"nofollow noopener\" target=\"_blank\">Greg Cope White<\/a><\/strong>.<\/p>\n","protected":false},"excerpt":{"rendered":"O jovem ator Miles Heizer, que interpretou Cameron Cope na com\u00e9dia dram\u00e1tica de oito epis\u00f3dios da Netflix, \u2018Boots\u2019,&hellip;\n","protected":false},"author":2,"featured_media":111636,"comment_status":"","ping_status":"","sticky":false,"template":"","format":"standard","meta":{"footnotes":""},"categories":[142],"tags":[26396,26397,26398,26399,26400,26401,26402,114,115,26403,26404,26405,26406,26407,26408,26409,32,33,26410,26411,151,26412,26413],"class_list":{"0":"post-111635","1":"post","2":"type-post","3":"status-publish","4":"format-standard","5":"has-post-thumbnail","7":"category-tv","8":"tag-ana-ayora","9":"tag-andy-parker","10":"tag-angus-obrien","11":"tag-blake-burt","12":"tag-boots","13":"tag-cedrick-cooper","14":"tag-dominic-goodman","15":"tag-entertainment","16":"tag-entretenimento","17":"tag-greg-cope-white","18":"tag-jennifer-cecil","19":"tag-kieron-moore","20":"tag-liam-oh","21":"tag-logan-gould","22":"tag-miles-heizer","23":"tag-nicholas-logan","24":"tag-portugal","25":"tag-pt","26":"tag-rico-paris","27":"tag-the-pink-marine","28":"tag-tv","29":"tag-vera-farmiga","30":"tag-zach-roerig"},"share_on_mastodon":{"url":"","error":""},"_links":{"self":[{"href":"https:\/\/www.europesays.com\/pt\/wp-json\/wp\/v2\/posts\/111635","targetHints":{"allow":["GET"]}}],"collection":[{"href":"https:\/\/www.europesays.com\/pt\/wp-json\/wp\/v2\/posts"}],"about":[{"href":"https:\/\/www.europesays.com\/pt\/wp-json\/wp\/v2\/types\/post"}],"author":[{"embeddable":true,"href":"https:\/\/www.europesays.com\/pt\/wp-json\/wp\/v2\/users\/2"}],"replies":[{"embeddable":true,"href":"https:\/\/www.europesays.com\/pt\/wp-json\/wp\/v2\/comments?post=111635"}],"version-history":[{"count":0,"href":"https:\/\/www.europesays.com\/pt\/wp-json\/wp\/v2\/posts\/111635\/revisions"}],"wp:featuredmedia":[{"embeddable":true,"href":"https:\/\/www.europesays.com\/pt\/wp-json\/wp\/v2\/media\/111636"}],"wp:attachment":[{"href":"https:\/\/www.europesays.com\/pt\/wp-json\/wp\/v2\/media?parent=111635"}],"wp:term":[{"taxonomy":"category","embeddable":true,"href":"https:\/\/www.europesays.com\/pt\/wp-json\/wp\/v2\/categories?post=111635"},{"taxonomy":"post_tag","embeddable":true,"href":"https:\/\/www.europesays.com\/pt\/wp-json\/wp\/v2\/tags?post=111635"}],"curies":[{"name":"wp","href":"https:\/\/api.w.org\/{rel}","templated":true}]}}