{"id":111646,"date":"2025-10-15T11:01:08","date_gmt":"2025-10-15T11:01:08","guid":{"rendered":"https:\/\/www.europesays.com\/pt\/111646\/"},"modified":"2025-10-15T11:01:08","modified_gmt":"2025-10-15T11:01:08","slug":"tudo-o-que-sabemos-sobre-a-4a-temporada-na-netflix","status":"publish","type":"post","link":"https:\/\/www.europesays.com\/pt\/111646\/","title":{"rendered":"Tudo o que sabemos sobre a 4\u00aa temporada na Netflix"},"content":{"rendered":"<p>A <a href=\"https:\/\/tangerina.uol.com.br\/tag\/netflix\/\" target=\"_blank\" rel=\"noreferrer noopener nofollow\">Netflix <\/a>finalmente anunciou a data de estreia da quarta temporada de <a href=\"https:\/\/tangerina.uol.com.br\/tag\/bridgerton\/\" target=\"_blank\" rel=\"noreferrer noopener nofollow\">Bridgerton<\/a>, que assim como a terceira, ser\u00e1 dividida em duas partes. Os primeiros quatro epis\u00f3dios chegam no dia 29 de janeiro de 2026, enquanto os quatro finais, em 26 de fevereiro.<\/p>\n<p>A \u00faltima temporada da s\u00e9rie estreou em maio de 2024, o que significa uma espera de quase dois anos para a continua\u00e7\u00e3o da hist\u00f3ria, adaptada da s\u00e9rie de oito romances sobre a fam\u00edlia Bridgerton, escrita por Julia Quinn.<\/p>\n<p>Tudo o que sabemos sobre a 4\u00aa temporada de Bridgerton<\/p>\n<p>A quarta temporada de Bridgerton ser\u00e1 uma adapta\u00e7\u00e3o do terceiro romance da s\u00e9rie escrito por Julia Quinn, com foco no romance entre Benedict (Luke Thompson) e Sophie, nova personagem interpretada por Yerin Ha. Os dois se conhecer\u00e3o em um baile de m\u00e1scaras, e mesmo sem ver ao certo o rosto um do outro, a qu\u00edmica j\u00e1 come\u00e7ar\u00e1 a surgir.<\/p>\n<p><strong>[Aten\u00e7\u00e3o: Cont\u00e9m spoilers de Bridgerton abaixo]<\/strong><\/p>\n<p>A Netflix inverteu a ordem dos livros por causa da popularidade de Colin (Luke Newton) e Pen\u00e9lope (Nicola Coughlan), cujo romance \u00e9 retratado no quarto livro. A terceira temporada tamb\u00e9m revelou que a pr\u00f3pria Pen\u00e9lope \u00e9 a Lady Whistledown, respons\u00e1vel por soltar todas as fofocas que correm entre a alta sociedade de Mayfair.<\/p>\n<p>A quarta temporada, ent\u00e3o, ter\u00e1 que contornar o fato de que a identidade da escritora n\u00e3o \u00e9 mais secreta; ou seja, isso deixou de ser um entretenimento para a Rainha Charlotte (Golda Rosheuvel). A ca\u00e7ada da monarca era o que trazia tens\u00e3o \u00e0 hist\u00f3ria. Agora, a Shondaland ter\u00e1 que encontrar outra forma de criar essa tens\u00e3o. <\/p>\n<p>Os novos epis\u00f3dios tamb\u00e9m dever\u00e3o dar espa\u00e7o para a vida amorosa de Francesca (Hannah Dodd), que se casou com o Lorde John Stirling (Victor Alli). A irm\u00e3 mais nova de Daphne (Phoebe Dynevor) e Eloise (Claudia Jessie) ficar\u00e1 vi\u00fava, dando espa\u00e7o para o romance LGBTQIAP+ prometido pela plataforma. Francesca ir\u00e1 se apaixonar pela prima de seu marido falecido.<\/p>\n","protected":false},"excerpt":{"rendered":"A Netflix finalmente anunciou a data de estreia da quarta temporada de Bridgerton, que assim como a terceira,&hellip;\n","protected":false},"author":2,"featured_media":111647,"comment_status":"","ping_status":"","sticky":false,"template":"","format":"standard","meta":{"footnotes":""},"categories":[142],"tags":[26415,114,115,716,32,33,151],"class_list":{"0":"post-111646","1":"post","2":"type-post","3":"status-publish","4":"format-standard","5":"has-post-thumbnail","7":"category-tv","8":"tag-bridgerton","9":"tag-entertainment","10":"tag-entretenimento","11":"tag-netflix","12":"tag-portugal","13":"tag-pt","14":"tag-tv"},"share_on_mastodon":{"url":"","error":""},"_links":{"self":[{"href":"https:\/\/www.europesays.com\/pt\/wp-json\/wp\/v2\/posts\/111646","targetHints":{"allow":["GET"]}}],"collection":[{"href":"https:\/\/www.europesays.com\/pt\/wp-json\/wp\/v2\/posts"}],"about":[{"href":"https:\/\/www.europesays.com\/pt\/wp-json\/wp\/v2\/types\/post"}],"author":[{"embeddable":true,"href":"https:\/\/www.europesays.com\/pt\/wp-json\/wp\/v2\/users\/2"}],"replies":[{"embeddable":true,"href":"https:\/\/www.europesays.com\/pt\/wp-json\/wp\/v2\/comments?post=111646"}],"version-history":[{"count":0,"href":"https:\/\/www.europesays.com\/pt\/wp-json\/wp\/v2\/posts\/111646\/revisions"}],"wp:featuredmedia":[{"embeddable":true,"href":"https:\/\/www.europesays.com\/pt\/wp-json\/wp\/v2\/media\/111647"}],"wp:attachment":[{"href":"https:\/\/www.europesays.com\/pt\/wp-json\/wp\/v2\/media?parent=111646"}],"wp:term":[{"taxonomy":"category","embeddable":true,"href":"https:\/\/www.europesays.com\/pt\/wp-json\/wp\/v2\/categories?post=111646"},{"taxonomy":"post_tag","embeddable":true,"href":"https:\/\/www.europesays.com\/pt\/wp-json\/wp\/v2\/tags?post=111646"}],"curies":[{"name":"wp","href":"https:\/\/api.w.org\/{rel}","templated":true}]}}