{"id":11165,"date":"2025-08-01T05:28:10","date_gmt":"2025-08-01T05:28:10","guid":{"rendered":"https:\/\/www.europesays.com\/pt\/11165\/"},"modified":"2025-08-01T05:28:10","modified_gmt":"2025-08-01T05:28:10","slug":"dblack-aproveita-gravacao-do-acerte-ou-caia-para-tietar-tom-cavalcante-icone-record","status":"publish","type":"post","link":"https:\/\/www.europesays.com\/pt\/11165\/","title":{"rendered":"D\u2019Black aproveita grava\u00e7\u00e3o do Acerte ou Caia! para tietar Tom Cavalcante: \u2018\u00cdcone\u2019 \u2013 Record"},"content":{"rendered":"<p>No elenco do epis\u00f3dio deste domingo (3), o artista tamb\u00e9m compartilhou com o site oficial seu novo projeto musical; saiba mais!<\/p>\n<p class=\"article-text-xxxs dark:article-text-neutral-high-400\"><a href=\"https:\/\/record.r7.com\/acerte-ou-caia\/entrevistas\" title=\"Entrevistas\" class=\"article-text-editorial-color article-font-semibold article-uppercase dark:!article-text-neutral-high-400\" rel=\"nofollow noopener\" target=\"_blank\">Entrevistas<\/a>|Allef Fonseca*, do site oficial<\/p>\n<p class=\"article-uppercase article-text-little article-text-agerating-18anos-500 dark:article-text-neutral-high-400\">01\/08\/2025 &#8211; 02h00 (Atualizado em 01\/08\/2025 &#8211; 02h00)<\/p>\n<p><img decoding=\"async\" data-chromatic=\"ignore\" alt=\"\" class=\"c-image\" loading=\"lazy\" src=\"https:\/\/www.europesays.com\/pt\/wp-content\/uploads\/2025\/08\/R26XDJKSYZH7XE2ND74KBRUM5Y.png\"  width=\"677\" height=\"369\"\/>D&#8217;Black participa do Acerte ou Caia! deste domingo (3) Edu Moraes\/RECORD <\/p>\n<p class=\"dark:base-text-neutral-high-400 base-text-[calc(theme(fontSize.xs)_*_var(--font-size,_1))] base-font-normal base-font-primary base-text-neutral-low-500 base-text-left\">Com duas d\u00e9cadas de carreira e uma trajet\u00f3ria marcada por sucessos, Vin\u00edcius de Abreu, o D\u2019Black, est\u00e1 sempre em busca de novas experi\u00eancias, e neste domingo (3), ele encara mais uma: participar do <a href=\"https:\/\/record.r7.com\/acerte-ou-caia\/\" rel=\"nofollow noopener\" target=\"_blank\"><b>Acerte ou Caia!<\/b><\/a>. Em entrevista ao <b>site oficial<\/b>, o cantor compartilhou os detalhes dos bastidores.<\/p>\n<p class=\"dark:base-text-neutral-high-400 base-text-[calc(theme(fontSize.xs)_*_var(--font-size,_1))] base-font-normal base-font-primary base-text-neutral-low-500 base-text-left\">\u201cFoi muito legal porque d\u00e1 continuidade nessas experi\u00eancias que eu tive em realities, que foram sempre coisas novas. \u00c9 uma oportunidade de voltar a me desafiar e vivenciar algo fora do comum, e eu amo isso. Claro que tamb\u00e9m tem o medo de cair e a gente fica pensando \u2018quantos metros tem o buraco?\u2019, e fica pensando em como responder certo, porque tudo parece f\u00e1cil, mas quando chega na hora a coisa \u00e9 diferente\u201d.<\/p>\n<p class=\"dark:base-text-neutral-high-400 base-text-[calc(theme(fontSize.xs)_*_var(--font-size,_1))] base-font-normal base-font-primary base-text-neutral-low-500 base-text-left\">Entre os momentos marcantes da grava\u00e7\u00e3o, um em especial mexeu com D\u2019Black: conhecer Tom Cavalcante. Ele relembra a emo\u00e7\u00e3o de estar ao lado de um artista que sempre admirou e fez quest\u00e3o de expressar isso pessoalmente.<\/p>\n<p class=\"dark:base-text-neutral-high-400 base-text-[calc(theme(fontSize.xs)_*_var(--font-size,_1))] base-font-normal base-font-primary base-text-neutral-low-500 base-text-left\">\u201cN\u00e3o conhecia o Tom Cavalcante. O Tom \u00e9 um \u00edcone, n\u00e9? Eu tive essa oportunidade e fiquei esperando por ele nos bastidores para tirar uma foto. Eu fiz quest\u00e3o de dizer para ele o quanto eu admiro a trajet\u00f3ria dele e o quanto ele fez diferen\u00e7a na minha vida, e quantos momentos felizes que ele p\u00f4de proporcionar sendo o artista que ele \u00e9\u201d.<\/p>\n<p class=\"dark:base-text-neutral-high-400 base-text-[calc(theme(fontSize.xs)_*_var(--font-size,_1))] base-font-normal base-font-primary base-text-neutral-low-500 base-text-left\">Mesmo sabendo que o desafio exigiria aten\u00e7\u00e3o e conhecimento, D\u2019Black admite que a rotina intensa de grava\u00e7\u00f5es acabou interferindo na prepara\u00e7\u00e3o para o programa, apesar de j\u00e1 ter assistido ao game show.<\/p>\n<p class=\"dark:base-text-neutral-high-400 base-text-[calc(theme(fontSize.xs)_*_var(--font-size,_1))] base-font-normal base-font-primary base-text-neutral-low-500 base-text-left\">\u201cEu assisti alguma coisa, sim, mas vou te confessar que com a correria da produ\u00e7\u00e3o e lan\u00e7amento de trabalhos eu n\u00e3o tive tempo de estudar para participar\u201d.<\/p>\n<p>Oponente ideal<\/p>\n<p class=\"dark:base-text-neutral-high-400 base-text-[calc(theme(fontSize.xs)_*_var(--font-size,_1))] base-font-normal base-font-primary base-text-neutral-low-500 base-text-left\">Se pudesse escolher algu\u00e9m para enfrentar no Acerte ou Caia!, o m\u00fasico n\u00e3o pensaria duas vezes. Para ele, a presen\u00e7a de um artista que inspira calma e sabedoria seria um confronto dos sonhos, mesmo que dif\u00edcil de vencer.<\/p>\n<p class=\"dark:base-text-neutral-high-400 base-text-[calc(theme(fontSize.xs)_*_var(--font-size,_1))] base-font-normal base-font-primary base-text-neutral-low-500 base-text-left\">\u201cUm cara que acho que seria sensacional de enfrentar no programa seria o Jorge Vercillo. Ele tem muita sabedoria nas palavras e tem uma vibe muito zen e tal. N\u00e3o acho que eu venceria, mas gostaria de enfrentar ele\u201d.<\/p>\n<p>Dancing Brasil<\/p>\n<p class=\"dark:base-text-neutral-high-400 base-text-[calc(theme(fontSize.xs)_*_var(--font-size,_1))] base-font-normal base-font-primary base-text-neutral-low-500 base-text-left\">Ao longo da carreira, D\u2019Black participou de outros realities e guarda com carinho as lembran\u00e7as dessas experi\u00eancias. Mas uma, em especial, tem um lugar privilegiado na mem\u00f3ria e no cora\u00e7\u00e3o.<\/p>\n<p class=\"dark:base-text-neutral-high-400 base-text-[calc(theme(fontSize.xs)_*_var(--font-size,_1))] base-font-normal base-font-primary base-text-neutral-low-500 base-text-left\">\u201cEu acho que em participa\u00e7\u00f5es de reality, o que mais me marcou foi o Dancing Brasil, que foi o \u00fanico que eu sa\u00ed campe\u00e3o. Tamb\u00e9m porque o pr\u00eamio me ajudou bastante, porque logo depois foi a pandemia e eu fiquei quase dois anos sem cantar e tocar\u201d.<\/p>\n<p>Pioneirismo na internet<\/p>\n<p class=\"dark:base-text-neutral-high-400 base-text-[calc(theme(fontSize.xs)_*_var(--font-size,_1))] base-font-normal base-font-primary base-text-neutral-low-500 base-text-left\">Muito antes da explos\u00e3o das redes sociais, D\u2019Black j\u00e1 marcava presen\u00e7a no ambiente digital. Ele relembra com orgulho como foi um dos primeiros artistas a aproveitar o poder da internet no Brasil para alcan\u00e7ar o sucesso.<\/p>\n<p class=\"dark:base-text-neutral-high-400 base-text-[calc(theme(fontSize.xs)_*_var(--font-size,_1))] base-font-normal base-font-primary base-text-neutral-low-500 base-text-left\">\u201cNa m\u00fasica, algo que me marca muito \u00e9 o pioneirismo em fazer sucesso na internet no Brasil. Eu fui o primeiro no YouTube, Orkut, antes mesmo at\u00e9 do Instagram\u201d.<\/p>\n<p class=\"dark:base-text-neutral-high-400 base-text-[calc(theme(fontSize.xs)_*_var(--font-size,_1))] base-font-normal base-font-primary base-text-neutral-low-500 base-text-left\">O cantor destaca como sua trajet\u00f3ria foi s\u00edmbolo de uma transforma\u00e7\u00e3o profunda no mercado musical, ainda dominado pelas gravadoras e modelos tradicionais.<\/p>\n<p class=\"dark:base-text-neutral-high-400 base-text-[calc(theme(fontSize.xs)_*_var(--font-size,_1))] base-font-normal base-font-primary base-text-neutral-low-500 base-text-left\">\u201cEnt\u00e3o foi uma mudan\u00e7a muito grande, porque antes era s\u00f3 disco, CD, e nessa era come\u00e7ou a ter MP3 e m\u00fasicas digitais. Ent\u00e3o eu sou daquele momento de ruptura em que tudo estava mudando e eu acabei mostrando para as grandes empresas que mandavam no mercado que elas tinham que mudar a forma de trabalhar, porque eu era um desconhecido come\u00e7ando a fazer sucesso\u201d.<\/p>\n<p>O caminho do sucesso<\/p>\n<p class=\"dark:base-text-neutral-high-400 base-text-[calc(theme(fontSize.xs)_*_var(--font-size,_1))] base-font-normal base-font-primary base-text-neutral-low-500 base-text-left\">A origem humilde e a for\u00e7a da internet moldaram a trajet\u00f3ria de D\u2019Black. Para ele, a grande conquista da carreira \u00e9 ter resistido ao tempo, \u00e0s mudan\u00e7as e continuado relevante na m\u00fasica brasileira.<\/p>\n<p class=\"dark:base-text-neutral-high-400 base-text-[calc(theme(fontSize.xs)_*_var(--font-size,_1))] base-font-normal base-font-primary base-text-neutral-low-500 base-text-left\">\u201cEu vim de favela, um lugar de muita escassez, e me tornei o artista mais tocado do Brasil por meses, sem pagar um real, s\u00f3 com a for\u00e7a que a internet tinha no momento. Eu fico feliz de estar completando 20 anos de carreira. Para mim, o maior marco da minha trajet\u00f3ria \u00e9 ter sobrevivido a essas mudan\u00e7as e hoje ter a minha m\u00fasica gravada por Gusttavo Lima, Belo, Ludmilla e tantos outros artistas importantes. Isso para mim \u00e9 o mais importante dentro da minha carreira, poder ter dado essa contribui\u00e7\u00e3o.\u201d<\/p>\n<p>Influ\u00eancias e inspira\u00e7\u00f5es<\/p>\n<p class=\"dark:base-text-neutral-high-400 base-text-[calc(theme(fontSize.xs)_*_var(--font-size,_1))] base-font-normal base-font-primary base-text-neutral-low-500 base-text-left\">O nome art\u00edstico revela o desejo inicial de se projetar internacionalmente. Mas com o tempo, D\u2019Black descobriu a riqueza da m\u00fasica brasileira e se reconectou com suas ra\u00edzes.<\/p>\n<p class=\"dark:base-text-neutral-high-400 base-text-[calc(theme(fontSize.xs)_*_var(--font-size,_1))] base-font-normal base-font-primary base-text-neutral-low-500 base-text-left\">\u201cMinhas motiva\u00e7\u00f5es a princ\u00edpio foram internacionais, e com o tempo e com maturidade eu fui me ligando mais \u00e0 m\u00fasica nacional. Tanto que meu nome art\u00edstico \u00e9 \u2018D\u2019Black\u2019, porque eu queria ser o internacional. Eu n\u00e3o tinha ainda a consci\u00eancia da pluralidade da m\u00fasica brasileira. Foi s\u00f3 quando diversos estilos como ax\u00e9, forr\u00f3, pagode, entre outros come\u00e7aram a tocar a minha m\u00fasica\u201d. <\/p>\n<p class=\"dark:base-text-neutral-high-400 base-text-[calc(theme(fontSize.xs)_*_var(--font-size,_1))] base-font-normal base-font-primary base-text-neutral-low-500 base-text-left\">Apesar de se inspirar em astros internacionais, D\u2019Black n\u00e3o escondeu a sua admira\u00e7\u00e3o pelo astro Djavan.<\/p>\n<p class=\"dark:base-text-neutral-high-400 base-text-[calc(theme(fontSize.xs)_*_var(--font-size,_1))] base-font-normal base-font-primary base-text-neutral-low-500 base-text-left\">\u201cUm dos artistas que mais me serviu como refer\u00eancia foi o Djavan. Tanto que j\u00e1 fiz diversas homenagens a ele. Ele \u00e9 um cara muito sofisticado. Eu me sinto um Djavan popular, assim\u201d.<\/p>\n<p>Celebrando o Brasil<img decoding=\"async\" data-chromatic=\"ignore\" alt=\"\" class=\"c-image\" loading=\"lazy\" src=\"https:\/\/www.europesays.com\/pt\/wp-content\/uploads\/2025\/08\/INWLDCCW6JEKLEWKRB4QEXB4Q4.png\"  width=\"677\" height=\"369\"\/>D&#8217;Black e capa de seu primeiro lan\u00e7amento do projeto &#8220;Cora\u00e7\u00e3o Brasileiro&#8221; Reprodu\u00e7\u00e3o\/Instagram <\/p>\n<p class=\"dark:base-text-neutral-high-400 base-text-[calc(theme(fontSize.xs)_*_var(--font-size,_1))] base-font-normal base-font-primary base-text-neutral-low-500 base-text-left\">Al\u00e9m dos palcos e dos realities, ele est\u00e1 mergulhado em novos projetos. Um deles \u00e9 o Cora\u00e7\u00e3o Brasileiro, que busca homenagear a diversidade cultural do pa\u00eds com m\u00fasicas que representam suas regi\u00f5es.<\/p>\n<p class=\"dark:base-text-neutral-high-400 base-text-[calc(theme(fontSize.xs)_*_var(--font-size,_1))] base-font-normal base-font-primary base-text-neutral-low-500 base-text-left\">\u201cEu tenho trabalhado v\u00e1rios projetos, alguns deles eu n\u00e3o posso revelar ainda. Tem o Cora\u00e7\u00e3o Brasileiro. Eu vim para Goi\u00e2nia para conhecer compositores e compor tamb\u00e9m, e com o Everton Mattos que me mostrou e fez perceber que eu posso cantar diversos outros estilos que n\u00e3o s\u00f3 a m\u00fasica pop que eu fazia. A\u00ed n\u00f3s gravamos 40 m\u00fasicas e dessas eu tirei 20 e a\u00ed lan\u00e7amos esse projeto onde eu fa\u00e7o homenagem \u00e0s regi\u00f5es do Brasil\u201d.<\/p>\n<p class=\"dark:base-text-neutral-high-400 base-text-[calc(theme(fontSize.xs)_*_var(--font-size,_1))] base-font-normal base-font-primary base-text-neutral-low-500 base-text-left\">E j\u00e1 tem lan\u00e7amento desse projeto! D\u2019Black fez quest\u00e3o de dar uma palhinha do que v\u00eam por a\u00ed:<\/p>\n<p class=\"dark:base-text-neutral-high-400 base-text-[calc(theme(fontSize.xs)_*_var(--font-size,_1))] base-font-normal base-font-primary base-text-neutral-low-500 base-text-left\">\u201cJ\u00e1 temos tr\u00eas lan\u00e7amentos em homenagem ao nordeste, com tr\u00eas forr\u00f3s: Vamo, Cansei e Florescer. Para o sudeste vai ter tr\u00eas pagodes. Ent\u00e3o a minha inten\u00e7\u00e3o \u00e9 homenagear e colocar a diversidade que eu carrego em mim na m\u00fasica, at\u00e9 porque somos o pa\u00eds mais multicultural do mundo.\u201d<\/p>\n<p>Grande pr\u00eamio e viagem<\/p>\n<p class=\"dark:base-text-neutral-high-400 base-text-[calc(theme(fontSize.xs)_*_var(--font-size,_1))] base-font-normal base-font-primary base-text-neutral-low-500 base-text-left\">Quando perguntado sobre os planos para o pr\u00eamio caso seja o vencedor, o cantor foi direto, revelando que, felizmente, n\u00e3o est\u00e1 mais na fase de se preocupar com d\u00edvidas, mas tem algo que ainda o motiva muito.<\/p>\n<p class=\"dark:base-text-neutral-high-400 base-text-[calc(theme(fontSize.xs)_*_var(--font-size,_1))] base-font-normal base-font-primary base-text-neutral-low-500 base-text-left\">\u201cTe confesso que n\u00e3o sei, cara. Gra\u00e7as a Deus eu cheguei em um ponto que n\u00e3o preciso mais me preocupar com as d\u00edvidas. Mas eu gosto muito de viajar, ent\u00e3o eu provavelmente faria uma viagem internacional\u201d.<\/p>\n<p class=\"dark:base-text-neutral-high-400 base-text-[calc(theme(fontSize.xs)_*_var(--font-size,_1))] base-font-normal base-font-primary base-text-neutral-low-500 base-text-left\">Ser\u00e1 que vai rolar f\u00e9rias? N\u00e3o perca o game show desta semana!<\/p>\n<p class=\"dark:base-text-neutral-high-400 base-text-[calc(theme(fontSize.xs)_*_var(--font-size,_1))] base-font-normal base-font-primary base-text-neutral-low-500 base-text-left\">*Estagi\u00e1rio sob supervis\u00e3o de Juliana Lambert<\/p>\n<p class=\"dark:base-text-neutral-high-400 base-text-[calc(theme(fontSize.xs)_*_var(--font-size,_1))] base-font-normal base-font-primary base-text-neutral-low-500 base-text-left\">O <a href=\"https:\/\/record.r7.com\/acerte-ou-caia\/\" rel=\"nofollow noopener\" target=\"_blank\"><b>Acerte ou Caia!<\/b><\/a> vai ao ar todos os domingos, a partir das 15h45, na tela da <a href=\"https:\/\/record.r7.com\/\" rel=\"nofollow noopener\" target=\"_blank\"><b>RECORD<\/b><\/a>. Acompanhe o site oficial e fique por dentro de todas as novidades. Reveja o programa completo no <a href=\"https:\/\/www.playplus.com\/Home\" rel=\"nofollow noopener\" target=\"_blank\"><b>PlayPlus<\/b><\/a>.<\/p>\n<p><b>Veja tamb\u00e9m: confira o elenco do Acerte ou Caia! deste domingo (3)<\/b><\/p>\n<p class=\"dark:base-text-neutral-high-400 base-text-[calc(theme(fontSize.xxs)_*_var(--font-size,_1))] base-font-semibold base-font-primary base-text-neutral-low-500 base-text-left\">Com promessa de muito entretenimento e disputa eletrizante, um elenco recheado de estrelas te espera para o Acerte ou Caia! do pr\u00f3ximo domingo (3). Novos onze participantes sobem no palco do game show comandado por Tom Cavalcante, em busca do t\u00edtulo de campe\u00e3o e o pr\u00eamio de at\u00e9 R$ 300 mil. Conhe\u00e7a o elenco e prepare a sua torcida!<\/p>\n","protected":false},"excerpt":{"rendered":"No elenco do epis\u00f3dio deste domingo (3), o artista tamb\u00e9m compartilhou com o site oficial seu novo projeto&hellip;\n","protected":false},"author":2,"featured_media":11166,"comment_status":"","ping_status":"","sticky":false,"template":"","format":"standard","meta":{"footnotes":""},"categories":[142],"tags":[4355,114,115,32,33,4356,151],"class_list":{"0":"post-11165","1":"post","2":"type-post","3":"status-publish","4":"format-standard","5":"has-post-thumbnail","7":"category-tv","8":"tag-acerte-ou-caia","9":"tag-entertainment","10":"tag-entretenimento","11":"tag-portugal","12":"tag-pt","13":"tag-tom-cavalcante","14":"tag-tv"},"share_on_mastodon":{"url":"","error":""},"_links":{"self":[{"href":"https:\/\/www.europesays.com\/pt\/wp-json\/wp\/v2\/posts\/11165","targetHints":{"allow":["GET"]}}],"collection":[{"href":"https:\/\/www.europesays.com\/pt\/wp-json\/wp\/v2\/posts"}],"about":[{"href":"https:\/\/www.europesays.com\/pt\/wp-json\/wp\/v2\/types\/post"}],"author":[{"embeddable":true,"href":"https:\/\/www.europesays.com\/pt\/wp-json\/wp\/v2\/users\/2"}],"replies":[{"embeddable":true,"href":"https:\/\/www.europesays.com\/pt\/wp-json\/wp\/v2\/comments?post=11165"}],"version-history":[{"count":0,"href":"https:\/\/www.europesays.com\/pt\/wp-json\/wp\/v2\/posts\/11165\/revisions"}],"wp:featuredmedia":[{"embeddable":true,"href":"https:\/\/www.europesays.com\/pt\/wp-json\/wp\/v2\/media\/11166"}],"wp:attachment":[{"href":"https:\/\/www.europesays.com\/pt\/wp-json\/wp\/v2\/media?parent=11165"}],"wp:term":[{"taxonomy":"category","embeddable":true,"href":"https:\/\/www.europesays.com\/pt\/wp-json\/wp\/v2\/categories?post=11165"},{"taxonomy":"post_tag","embeddable":true,"href":"https:\/\/www.europesays.com\/pt\/wp-json\/wp\/v2\/tags?post=11165"}],"curies":[{"name":"wp","href":"https:\/\/api.w.org\/{rel}","templated":true}]}}